{"id":100023,"date":"2012-08-10T00:01:26","date_gmt":"2012-08-10T05:01:26","guid":{"rendered":"http:\/\/www.diarioimagen.net\/?p=100023"},"modified":"2012-08-13T02:19:19","modified_gmt":"2012-08-13T07:19:19","slug":"el-tren-italo-con-tecnologia-de-punta-y-eco-sustentable-se-une-a-rail-europe","status":"publish","type":"post","link":"https:\/\/www.diarioimagen.net\/?p=100023","title":{"rendered":"El tren <em>\u201c\u00cdtalo\u201d<\/em>, con tecnolog\u00eda de punta y eco-sustentable, se une a <em>Rail Europe<\/em>"},"content":{"rendered":"<h2>De cinco estrellas<\/h2>\n<h5>Victoria Gonz\u00e1lez Prado<\/h5>\n<p>&nbsp;<\/p>\n<ul>\n<li><strong><em>Keith Spondike, nuevo vicepresidente de Marketing para las Am\u00e9ricas de Silversea<\/em><\/strong><\/li>\n<li><strong><em>Fiestas del ma\u00edz y la Virgen de la Asunci\u00f3n, en la Riviera Nayarit Colonial<\/em><\/strong><\/li>\n<li><strong><em>Para los m\u00e1s peque\u00f1os de casa, en Ixtapa, importantes eventos en agosto<\/em><\/strong><\/li>\n<\/ul>\n<div id=\"attachment_100129\" style=\"width: 241px\" class=\"wp-caption alignleft\"><a class=\"highslide\" onclick=\"return vz.expand(this)\" href=\"http:\/\/www.diarioimagen.net\/wp-content\/uploads\/2012\/08\/turismo-1912.jpg\"><img loading=\"lazy\" decoding=\"async\" aria-describedby=\"caption-attachment-100129\" class=\"size-medium wp-image-100129\" title=\"turismo-1912\" src=\"http:\/\/www.diarioimagen.net\/wp-content\/uploads\/2012\/08\/turismo-1912-231x240.jpg\" alt=\"\" width=\"231\" height=\"240\" \/><\/a><p id=\"caption-attachment-100129\" class=\"wp-caption-text\">El famoso tren \u00cdtalo.<\/p><\/div>\n<p>El tren <em>\u201c\u00cdtalo\u201d,<\/em> ahora se adhiere a la extensa gama de productos que ofrece <em>Rail Europe Inc.,<\/em> l\u00edder norteamericano en viajes en tren por Europa. Italia es para los viajeros de Norteam\u00e9rica el segundo destino de sus sue\u00f1os, y entre los viajeros ocupa el tercer lugar de predilecci\u00f3n. Actualmente, la red cuenta con 12 estaciones planeadas en dos l\u00edneas, que van desde Tur\u00edn y Venecia hasta Salerno, con servicio activo de Mil\u00e1n a N\u00e1poles con paradas intermedias en Bolo\u00f1a, Florencia y Roma. A fines del 2012, se abrir\u00e1n rutas adicionales. La nueva l\u00ednea ferroviaria combina un dise\u00f1o din\u00e1mico con lo m\u00e1s nuevo de la tecnolog\u00eda de <em>Alstom AGV (Automotrice \u00e0 Grande Vitesse).<\/em> El tren de alta velocidad <em>\u00cdtalo<\/em> corre hasta 360 kil\u00f3metros por hora y ofrece una forma eco-sustentable de viajar, con baja emisi\u00f3n de gases de efecto invernadero, un menor consumo de energ\u00eda y una fuente auto-suficiente de electricidad como resultado de un sistema de frenos electro-din\u00e1mico de \u00faltima tecnolog\u00eda. Los platillos italianos que se sirven a bordo se preparan con los ingredientes m\u00e1s frescos de <em>Eataly,<\/em> la mega-tienda de <strong>Mario Batali,<\/strong> siguiendo la tradici\u00f3n italiana de privilegiar los<em> <\/em>productos de la temporada y de la regi\u00f3n. Los trenes <em>\u00cdtalo <\/em>ofrecen tres niveles de servicio: la lujosa clase <em>Club<\/em>, la clase <em>Prima<\/em> y a la clase <em>Smart<\/em>. Los pasajeros de la clase <em>Club<\/em> reciben un servicio exclusivo y cuentan con dos salones privados para reuniones a su disposici\u00f3n, as\u00ed como acceso a salones privados en las estaciones de servicio en Mil\u00e1n y en <em>Casa Italo<\/em> en Roma. Dentro de la clase <em>Prima<\/em> est\u00e1 el carro <em>Prima Relax, <\/em>donde no se permite el uso de tel\u00e9fonos celulares, por lo que los viajeros pueden disfrutar m\u00e1s del recorrido y del panorama. En la clase <em>Smart<\/em>, los viajeros que eligen el carro <em>Cinema<\/em> pueden disfrutar durante su traves\u00eda de las mejores pel\u00edculas en alta definici\u00f3n. Todas las categor\u00edas ofrecen <em>Sky TV<\/em> en vivo, pel\u00edculas y Wi-Fi sin costo, adem\u00e1s de asientos cubiertos con la fina piel de <em>Frau<\/em>. De esta forma, los viajeros disfrutan del trayecto c\u00f3modos y conectados. M\u00e1s informaci\u00f3n: <a href=\"http:\/\/www.raileurope.com.mx\" target=\"_blank\">www.raileurope.com.mx<\/a><\/p>\n<p>\u2730\u2730\u2730\u2730\u2730\u00a0<strong>Keith Spondike<\/strong> es el nuevo vicepresidente de Marketing para las Am\u00e9ricas de los cruceros Silversea. En la oficina de Fort Lauderdale de la compa\u00f1\u00eda, <strong>Spondike<\/strong> le reportar\u00e1 a <strong>Ellen Bettridge<\/strong>, presidenta de <em>Silversea<\/em> para las Am\u00e9ricas. Supervisar\u00e1 las actividades de marketing del d\u00eda a d\u00eda, incluyendo desarrollo, implementaci\u00f3n y manejo de publicidad, as\u00ed como de programas colaterales, de mercadeo directo y de marketing por internet. Antes de unirse a <em>Silversea<\/em>, <strong>Spondike<\/strong> fue director de marketing en <em>Avantair,<\/em> una de las principales empresas de servicios de vuelos privados. Su trayectoria tambi\u00e9n incluye 18 a\u00f1os con <em>General Motors,<\/em> donde ayud\u00f3 a implementar el relanzamiento de la marca Cadillac. Cuenta una maestr\u00eda en administraci\u00f3n de empresas de la Universidad Estatal de Wayne y una licenciatura en finanzas de la Universidad de Oakland. \u201cEstoy emocionado de tener oportunidad de trabajar para una empresa de viajes de lujo tan prestigiosa. Me entusiasma trabajar con todos los departamentos de la organizaci\u00f3n para desarrollar estrategias de marketing innovadoras para crear mayor conciencia sobre la marca\u201d, dijo <strong>Spondike<\/strong>, tras su nombramiento. <strong><\/strong><\/p>\n<p>\u2730\u2730\u2730\u2730\u2730\u00a0Cada a\u00f1o en Nayarit Colonial, cerca de Riviera Nayarit, durante los primeros 15 d\u00edas de agosto, las comunidades de Jala y de Xalisco celebran en sus fiestas patronales al ma\u00edz y se organizan para festejar las primeras cosechas con una fiesta popular donde el ma\u00edz es protagonista, pero la gastronom\u00eda, la cultura y las tradiciones el verdadero fest\u00edn. Este a\u00f1o, en Jala, se celebra de forma muy especial, con una serie de conferencias alrededor de este grano y su importancia que tendr\u00e1 lugar a partir de ma\u00f1ana 11 de agosto. En realidad se celebra a la Virgen de la Asunci\u00f3n y la fiesta religiosa, que tiene como fecha el 15 de agosto, se hace coincidir con las paganas que se comienzan a celebrar con anticipaci\u00f3n. Bailables y presentaciones art\u00edsticas en las plazas p\u00fablicas, peleas de gallos, jaripeos, carreras de caballos y una gran cantidad de actividades iniciaron\u00a0 el 1 de agosto. Es en Nueva York, donde se exhibe la mazorca de ma\u00edz m\u00e1s grande del mundo, en una vitrina museogr\u00e1fica, pero incluso quienes la han visto as\u00ed desconocen d\u00f3nde fue cultivada. Ese elote fue cosechado en los alrededores de Jala, un peque\u00f1o y r\u00fastico pueblo en la regi\u00f3n central de Nayarit. Desde Xalisco hasta Ixtl\u00e1n se puede disfrutar de un paisaje que alterna diversos h\u00e1bitats naturales con los sembrad\u00edos de ma\u00edz; pero es el tama\u00f1o que alcanzan las mazorcas de la variedad que aqu\u00ed crece lo que ha dado la fama. Los 50 cm que mide de grano a grano, sin contar el olote, la mazorca que se exhibe en Nueva York es el mayor r\u00e9cord, pero en esta regi\u00f3n no se encontrar\u00e1 una mazorca menor a los 30 cm que pueda ser orgullo del agricultor que la produce. Los puestos con comida y, principalmente, con elotes en diferentes presentaciones y productos elaborados con base en el grano se establecen en las calles y ofrecen una verdadera experiencia al paladar. En el concurso \u201cEl Elote m\u00e1s Grande del Mundo\u201d, los agricultores locales presentan sus m\u00e1s hermosas mazorcas de ma\u00edz tierno y gana la de mayor tama\u00f1o, que tradicionalmente ronda entre los 35 y los 40 cm de grano a grano. La visita adem\u00e1s permite en Jala disfrutar de la arquitectura colonial de las zonas rurales en M\u00e9xico en su expresi\u00f3n m\u00e1s pura, las calles y edificios de este poblado han sido protegidos por el Instituto Nacional de Antropolog\u00eda e Historia (INAH) y recorrerlo es una experiencia inolvidable, porque se trata de un pueblo que ha conservado su esencia en todos los rincones y no s\u00f3lo la ha preservado en el primer cuadro, como suele suceder. La fiesta es pretexto ideal para visitar Riviera Nayarit, disfrutar de sus tradiciones, cultura y\u00a0\u00a0 gastronom\u00eda. Jala se localiza en la parte sur de Nayarit. Limita al norte con los municipios de Santa Mar\u00eda del Oro y La Yesca y al sur con los municipios de Ahuacatl\u00e1n e Ixtl\u00e1n del R\u00edo. Para llegar tome la autopista que va de Tepic a Guadalajara se desv\u00eda en el entronque ubicado a unos diez minutos de llegar a Ixtl\u00e1n del R\u00edo. Actualmente, no existen servicios de hospedaje, por lo que la recomendaci\u00f3n es pernoctar en Tepic, para tambi\u00e9n disfrutar de esta celebraci\u00f3n en Xalisco, que es el poblado aleda\u00f1o a la capital nayarita y sede de una de las dos Ferias del Elote que se celebran en el estado. No se pierda las interesantes conferencias. Para m\u00e1s informaci\u00f3n: <a href=\"http:\/\/www.rivieranayaritblog.com.mx\/2012\/08\/riviera-nayarit-invita-disfrutar-la.html\" target=\"_blank\">http:\/\/www.rivieranayaritblog.com.mx\/2012\/08\/riviera-nayarit-invita-disfrutar-la.html<\/a>\u00a0 o <a href=\"http:\/\/www.jalanayarit.gob.mx\" target=\"_blank\">http:\/\/www.jalanayarit.gob.mx<\/a><\/p>\n<p>\u2730\u2730\u2730\u2730\u2730\u00a0Espectaculares shows tiene programados lo que resta del mes de agosto<strong>\u00a0 <\/strong><em>Barcel\u00f3 Ixtapa Beach<\/em> como \u201c<em>Forever\u201d<\/em> con m\u00fasica en vivo\u00a0 de los a\u00f1os 70 y 80\u00a0 y el show de personajes m\u00e1gicos de todos los tiempos para deleite de los ni\u00f1os que visitan el resort. Y\u00a0siempre pensando en la comodidad de sus hu\u00e9spedes, el hotel realiza mejoras en sus habitaciones como la instalaci\u00f3n de televisiones de LCD, equipamiento de cafeteras, hieleras, servibares, instalaci\u00f3n de regaderas tipo \u201c<em>rain dance\u201d,<\/em> cambio en todos los blancos coadyuvando as\u00ed a la conversi\u00f3n de sus habitaciones bajo los est\u00e1ndares del tipo de habitaci\u00f3n propio de la cadena denominado <em>B-Room \u00e2<\/em> y la remodelaci\u00f3n de todos los ba\u00f1os en los tres pisos <em>Club Premium. <\/em>Adem\u00e1s, el hotel se sum\u00f3 a la campa\u00f1a de la Secretaria de Turismo: \u201dGarant\u00eda de Sol\u201d, que concluir\u00e1 el pr\u00f3ximo 20 de agosto y consiste en\u00a0\u00a0 disfrutar del clima soleado, al menos por el periodo de tres horas por d\u00eda durante su estancia\u00a0 de lo contrario, el hotel proceder\u00e1 a la entrega de un certificado v\u00e1lido para una segunda noche gratis pagando la primera noche en estancias de m\u00e1s de tres d\u00edas. Tambi\u00e9n se sum\u00f3 al programa :El para\u00edso de los ni\u00f1os\u201d,<strong> <\/strong>organizado por la OCV de Ixtapa-Zihuatanejo. Cada ma\u00f1ana hay actividades y concursos en la playa. En las tardes, los ni\u00f1os pueden divertirse en La Feria de la Diversi\u00f3n, con dos ubicaciones, en el kiosco de Ixtapa y en el centro de Zihuatanejo. En total, El \u201cPara\u00edso de los Ni\u00f1os\u201d ofrece m\u00e1s de 160 actividades en la playa, 103 talleres art\u00edsticos y 100 espect\u00e1culos de m\u00fasica y teatro infantil, sin costo alguno.<\/p>\n<p><em><a href=\"mailto:victoriagprado@gmail.com\" target=\"_blank\">victoriagprado@gmail.com<\/a><\/em><\/p>\n","protected":false},"excerpt":{"rendered":"<p>El tren <em>\u201c\u00cdtalo\u201d,<\/em> ahora se adhiere a la extensa gama de productos que ofrece <em>Rail Europe Inc.,<\/em> l\u00edder norteamericano en viajes en tren por Europa. Italia es para los viajeros de Norteam\u00e9rica el segundo destino de sus sue\u00f1os, y entre los viajeros ocupa el tercer lugar de predilecci\u00f3n.<\/p>\n","protected":false},"author":3,"featured_media":0,"comment_status":"open","ping_status":"open","sticky":false,"template":"","format":"standard","meta":{"_monsterinsights_skip_tracking":false,"_monsterinsights_sitenote_active":false,"_monsterinsights_sitenote_note":"","_monsterinsights_sitenote_category":0,"footnotes":""},"categories":[11],"tags":[107,5573,43674,4703,43681,106],"class_list":["post-100023","post","type-post","status-publish","format-standard","hentry","category-turismo","tag-de-cinco-estrellas","tag-europa","tag-opinion","tag-riviera-nayarit","tag-turismo","tag-victoria-gonzalez-prado"],"_links":{"self":[{"href":"https:\/\/www.diarioimagen.net\/index.php?rest_route=\/wp\/v2\/posts\/100023","targetHints":{"allow":["GET"]}}],"collection":[{"href":"https:\/\/www.diarioimagen.net\/index.php?rest_route=\/wp\/v2\/posts"}],"about":[{"href":"https:\/\/www.diarioimagen.net\/index.php?rest_route=\/wp\/v2\/types\/post"}],"author":[{"embeddable":true,"href":"https:\/\/www.diarioimagen.net\/index.php?rest_route=\/wp\/v2\/users\/3"}],"replies":[{"embeddable":true,"href":"https:\/\/www.diarioimagen.net\/index.php?rest_route=%2Fwp%2Fv2%2Fcomments&post=100023"}],"version-history":[{"count":0,"href":"https:\/\/www.diarioimagen.net\/index.php?rest_route=\/wp\/v2\/posts\/100023\/revisions"}],"wp:attachment":[{"href":"https:\/\/www.diarioimagen.net\/index.php?rest_route=%2Fwp%2Fv2%2Fmedia&parent=100023"}],"wp:term":[{"taxonomy":"category","embeddable":true,"href":"https:\/\/www.diarioimagen.net\/index.php?rest_route=%2Fwp%2Fv2%2Fcategories&post=100023"},{"taxonomy":"post_tag","embeddable":true,"href":"https:\/\/www.diarioimagen.net\/index.php?rest_route=%2Fwp%2Fv2%2Ftags&post=100023"}],"curies":[{"name":"wp","href":"https:\/\/api.w.org\/{rel}","templated":true}]}}