{"id":100057,"date":"2012-08-10T00:04:46","date_gmt":"2012-08-10T05:04:46","guid":{"rendered":"http:\/\/www.diarioimagen.net\/?p=100057"},"modified":"2012-08-13T01:50:54","modified_gmt":"2012-08-13T06:50:54","slug":"los-coordinadores-en-el-nuevo-pri","status":"publish","type":"post","link":"https:\/\/www.diarioimagen.net\/?p=100057","title":{"rendered":"Los coordinadores en el nuevo PRI"},"content":{"rendered":"<h2>Detr\u00e1s del Poder<\/h2>\n<h5>Jos\u00e9 Antonio L\u00f3pez Sosa<\/h5>\n<p><span><br \/>\nComo era de esperarse, las viejas caras del PRI recuperan espacios de poder en un entorno donde este partido asegur\u00f3 ser distinto e incluso estar renovado.<\/span><\/p>\n<p>Mucho se insiste en que no hay semejanza entre el PRI del a\u00f1o 2012 con el que existi\u00f3 durante 70 a\u00f1os sin democracia y en el autoritarismo, de hecho ese discurso fue parte de las razones que llevaron a ganar simpat\u00edas y votos el pasado 1 de julio para todos sus candidatos.<\/p>\n<p>Se ha designado a los coordinadores del PRI para ambas c\u00e1maras federales, diputados y senadores.<\/p>\n<p>La sorpresa para algunos y evidencia para otros, es que salen los mismos nombres que llevan d\u00e9cadas perteneciendo al PRI, que vienen de aquel viejo PRI y dar\u00e1n la cara como uno nuevo, operando desde el poder legislativo.<\/p>\n<p>El coordinador de los diputados pri\u00edstas ser\u00e1 Manlio Fabio Beltrones quien se desempe\u00f1\u00f3 los \u00faltimos 6 a\u00f1os como coordinador de los senadores pri\u00edstas, de una c\u00e1mara a la otra sigue coordinando a los de su partido.<\/p>\n<p>Beltrones viene del viejo PRI, en los a\u00f1os ochenta fue senador y subsecretario de gobierno en la Segob, fue secretario particular de uno de los m\u00e1s pol\u00e9micos pol\u00edticos del PRI, Fernando Guti\u00e9rrez Barrios.<\/p>\n<p>Entre 1991 y 1997 fue gobernador en Sonora, el 23 de febrero de 1997 los periodistas Sam Dillon y Craig Pyes del diario \u201cThe New York Times\u201d publicaron una investigaci\u00f3n titulada \u201cDrug Ties Taint 2 Mexican Governors\u201d basada en m\u00e1s de 20 fuentes del gobierno mexicano, donde vincularon a Beltrones y a Carrillo Olea con el narcotr\u00e1fico. Diez a\u00f1os despu\u00e9s, el fallecido (en el accidente donde tambi\u00e9n perdi\u00f3 la vida Juan Camilo Mouri\u00f1o) Jos\u00e9 Luis Santiago Vasconcelos, deslind\u00f3 en una carta como subprocurador a Beltrones de dicha acusaci\u00f3n. (El art\u00edculo original est\u00e1 en el v\u00ednculo <a href=\"http:\/\/www.nytimes.com\/1997\/02\/23\/world\/drug-ties-taint-2-mexican-governors.html?pagewanted=all&amp;src=pm\" target=\"_blank\">http:\/\/www.nytimes.com\/1997\/02\/23\/world\/drug-ties-taint-2-mexican-governors.html?pagewanted=all&amp;src=pm<\/a> )<\/p>\n<p>Emilio Gamboa ser\u00e1 coordinador de la fracci\u00f3n pri\u00edsta en la c\u00e1mara baja, fue secretario particular de Miguel de la Madrid Hurtado cuando fue secretario de Programaci\u00f3n y Presupuesto y durante su per\u00edodo como presidente en los a\u00f1os ochenta, fue director del IMSS, Fonatur, INFONATIV, Loter\u00eda Nacional y Secretario de Comunicaciones y Transportes entre los a\u00f1os ochenta y noventa. Fue senador en el 2000 y diputado en 2006, donde se convirti\u00f3 en coordinador de los diputados federales pri\u00edstas.<\/p>\n<p>En el a\u00f1o 2006 \u2013a\u00fan siendo senador\u2014se difundi\u00f3 una llamada que sostuvo con Kamel Nacif (se puede consultar en el v\u00ednculo http:\/\/www.youtube.com\/watch?v=8VAq-u9SLEI&amp;playnext=1&amp;list=PL0710F7DC060713D3&amp;feature=results_main ) uno de los involucrados en los esc\u00e1ndalos de pederastia en Puebla. \u00a0\u00bfSon Betrones y Gamboa los rostros de ese nuevo PRI?<\/p>\n<p><em><a href=\"mailto:lopez.sosa@mexico.com\" target=\"_blank\">lopez.sosa@mexico.com<\/a><\/em><br \/>\n<em><a href=\"http:\/\/twitter.com\/#%21\/joseantonio1977\" target=\"_blank\">@joseantonio1977<br \/>\n<\/a><\/em><em><a href=\"http:\/\/www.formulaconfidencial.com.mx\" target=\"_blank\">www.formulaconfidencial.com.mx<\/a><\/em><\/p>\n","protected":false},"excerpt":{"rendered":"<p><span style=\"color: #005497;\"><strong>Jos\u00e9 Antonio L\u00f3pez Sosa<\/strong><\/span><\/p>\n","protected":false},"author":3,"featured_media":0,"comment_status":"open","ping_status":"open","sticky":false,"template":"","format":"standard","meta":{"_monsterinsights_skip_tracking":false,"_monsterinsights_sitenote_active":false,"_monsterinsights_sitenote_note":"","_monsterinsights_sitenote_category":0,"footnotes":""},"categories":[637],"tags":[638,6749,43690,43674,362],"class_list":["post-100057","post","type-post","status-publish","format-standard","hentry","category-jose-antonio-lopez-sosa","tag-detras-del-poder","tag-emilio-gamboa-patron","tag-jose-antonio-lopez-sosa","tag-opinion","tag-pri"],"_links":{"self":[{"href":"https:\/\/www.diarioimagen.net\/index.php?rest_route=\/wp\/v2\/posts\/100057","targetHints":{"allow":["GET"]}}],"collection":[{"href":"https:\/\/www.diarioimagen.net\/index.php?rest_route=\/wp\/v2\/posts"}],"about":[{"href":"https:\/\/www.diarioimagen.net\/index.php?rest_route=\/wp\/v2\/types\/post"}],"author":[{"embeddable":true,"href":"https:\/\/www.diarioimagen.net\/index.php?rest_route=\/wp\/v2\/users\/3"}],"replies":[{"embeddable":true,"href":"https:\/\/www.diarioimagen.net\/index.php?rest_route=%2Fwp%2Fv2%2Fcomments&post=100057"}],"version-history":[{"count":0,"href":"https:\/\/www.diarioimagen.net\/index.php?rest_route=\/wp\/v2\/posts\/100057\/revisions"}],"wp:attachment":[{"href":"https:\/\/www.diarioimagen.net\/index.php?rest_route=%2Fwp%2Fv2%2Fmedia&parent=100057"}],"wp:term":[{"taxonomy":"category","embeddable":true,"href":"https:\/\/www.diarioimagen.net\/index.php?rest_route=%2Fwp%2Fv2%2Fcategories&post=100057"},{"taxonomy":"post_tag","embeddable":true,"href":"https:\/\/www.diarioimagen.net\/index.php?rest_route=%2Fwp%2Fv2%2Ftags&post=100057"}],"curies":[{"name":"wp","href":"https:\/\/api.w.org\/{rel}","templated":true}]}}