{"id":100251,"date":"2012-08-13T00:01:40","date_gmt":"2012-08-13T05:01:40","guid":{"rendered":"http:\/\/www.diarioimagen.net\/?p=100251"},"modified":"2012-08-14T00:01:37","modified_gmt":"2012-08-14T05:01:37","slug":"la-xi-feria-artesanal-de-dzitya-tunich-2012-concluira-el-proximo-domingo-19","status":"publish","type":"post","link":"https:\/\/www.diarioimagen.net\/?p=100251","title":{"rendered":"La XI Feria Artesanal de Dzity\u00e1, Tunich 2012, concluir\u00e1 el pr\u00f3ximo domingo 19"},"content":{"rendered":"<h2>De cinco estrellas<\/h2>\n<h5>Victoria Gonz\u00e1lez Prado<\/h5>\n<p>&nbsp;<\/p>\n<ul>\n<li><strong><em>Alice Cooper evocar\u00e1 su visi\u00f3n de horror en las atracciones embrujadas en Universal Orlando Resort<\/em><\/strong><\/li>\n<li><strong><em>El Club de Tenis \u201cLa Barrosa\u201d, en C\u00e1diz, Espa\u00f1a, present\u00f3 una exhibici\u00f3n de p\u00e1del<\/em><\/strong><\/li>\n<li><strong><em>Del 6 al 9 de septiembre, la International Expo and Business LGBT 2012<\/em><\/strong><\/li>\n<\/ul>\n<div id=\"attachment_100338\" style=\"width: 250px\" class=\"wp-caption alignleft\"><a class=\"highslide\" onclick=\"return vz.expand(this)\" href=\"http:\/\/www.diarioimagen.net\/wp-content\/uploads\/2012\/08\/turismo-1913.jpg\"><img loading=\"lazy\" decoding=\"async\" aria-describedby=\"caption-attachment-100338\" class=\"size-medium wp-image-100338\" title=\"turismo-1913\" src=\"http:\/\/www.diarioimagen.net\/wp-content\/uploads\/2012\/08\/turismo-1913-240x159.jpg\" alt=\"\" width=\"240\" height=\"159\" \/><\/a><p id=\"caption-attachment-100338\" class=\"wp-caption-text\">La XI Feria Artesanal de Dzity\u00e1, Tunich 2012, en M\u00e9rida.<\/p><\/div>\n<p>La \u201cXI Feria Artesanal de Dzity\u00e1, Tunich 2012\u201d, se realiza desde el pasado viernes en la ciudad de M\u00e9rida y concluir\u00e1 el domingo 19 de agosto y tiene como finalidad detonar oportunidades para comercializar productos en beneficio de artesanos meridanos y yucatecos; en ella participan 140 artesanos. En la edici\u00f3n de este a\u00f1o, Tunich 2012 pretende reunir a m\u00e1s de 75 mil visitantes a lo largo de 10 d\u00edas de fiesta, mismos que podr\u00e1n constatar las creaciones de 100 artesanos del interior del estado e invitados de Campeche, junto con 40 de Dzity\u00e1, que promover\u00e1n sus productos sin intermediarios. Tradicionalmente, este encuentro anual se realiza en julio, pero en esta ocasi\u00f3n por com\u00fan acuerdo entre el Ayuntamiento de M\u00e9rida y los artesanos organizadores del evento, se efectuar\u00e1 este mes para aprovechar el arribo de turistas con motivo de las vacaciones de verano y la quincena. Para reforzar la llegada de visitantes, se\u00f1al\u00f3 la posibilidad de llevar a turistas que visiten M\u00e9rida a hacer una escala en Dzity\u00e1 para conocer de primera mano los atractivos que ofrece la feria artesanal y as\u00ed ampliar las posibilidades de \u00e9xito de los expositores. El representante de Artesanos de Cantera y Madera de Dzity\u00e1, <strong>Jorge Mauricio Chi Pech<\/strong>, agradeci\u00f3 al Ayuntamiento de M\u00e9rida el apoyo para efectuar el magno evento anual en el cual ofrecer\u00e1n descuentos a los visitantes para motivar a la compra de sus productos. La subdirectora de Turismo de la comuna, <strong>Mar\u00eda Isabel Bolio Rosado<\/strong>, resalt\u00f3 que la Direcci\u00f3n de Turismo ya promueve el evento en el sector hotelero e incluso en la carretera M\u00e9rida-Progreso mediante mantas, adem\u00e1s de que tambi\u00e9n brindan informaci\u00f3n al respecto en los centros de informaci\u00f3n tur\u00edstica de M\u00e9rida. Destac\u00f3 que en la p\u00e1gina www.merida.gob.mx, durante los d\u00edas de la feria, habr\u00e1 un \u201clink\u201d en el que los ciudadanos podr\u00e1n consultar la programaci\u00f3n de eventos que incluyen espect\u00e1culos infantiles, m\u00fasica, danza, cultural, artesan\u00edas, juegos mec\u00e1nicos y desfile de modas entre otros. El jefe de Ferias y Eventos de Desarrollo Econ\u00f3mico, <strong>Ra\u00fal Gonz\u00e1lez V\u00e1rguez<\/strong>, precis\u00f3 que tambi\u00e9n participan creativos del huano, zapatos, barro, conservas, palmas, textil, elote, coco y conchas, entre los que destacan artesanos de Progreso, Ticul, Tixcocob, Nolo y Molas, por citar algunos. La inauguraci\u00f3n fue el pasado viernes 10 de agosto a las 20:00 horas en el coraz\u00f3n de Dzity\u00e1, por lo que la comuna invita a la ciudadan\u00eda a participar y divertirse en familia con los espect\u00e1culos preparados para la ocasi\u00f3n. <strong><\/strong><\/p>\n<p>\u2730\u2730\u2730\u2730\u2730 Premiado con varios discos de platino, <strong>Alice Cooper<\/strong> evocar\u00e1 su peculiar visi\u00f3n de im\u00e1genes de horror perturbadoras en dos nuevas atracciones embrujadas que se estrenar\u00e1n este oto\u00f1o en <em>Halloween Horror Nghts<\/em> en <em>Universal Orlando Resort<\/em> y en\u00a0<em>Universal Studios Hollywood<\/em>. Por primera vez la visi\u00f3n de un subconsciente oscuro y demente cobrar\u00e1 vida en la atracci\u00f3n embrujada \u201c<strong>Alice Cooper<\/strong> Welcome To My Nightmare\u201d. Inspirada en los elementos \u00edconos de su primer \u00e1lbum como solista. \u201c<strong>Steve<\/strong>\u201d, personaje principal del \u00e1lbum soporta\u00a0la locura generada en la mente del legendario roquero. \u201cSe presentar\u00e1n tormentos eternos y horrores inimaginables. Este laberinto aterrorizador llevar\u00e1 te llevar\u00e1 del parque a pasar por un infierno interminable, conforme a lo imaginado por el visionario del rock pesado. Para vivir la experiencia de la espantosa atracci\u00f3n, con unos anteojos 3-D podr\u00e1s ver los detalles y tener un encuentro personal tridimensional con el mundo subterr\u00e1neo de <strong>Alice Cooper<\/strong>. Miembro del \u201c<em>Rock &amp; Roll Hall of Fame\u201d,<\/em> fue pionero en la concepci\u00f3n de la presentaci\u00f3n teatral del <em>rock.<\/em> Su carrera como cantante abarca seis d\u00e9cadas, m\u00e1s de dos docenas de \u00e1lbumes, millones de \u00e1lbumes vendidos e incontables giras mundiales, as\u00ed como apariciones en varias pel\u00edculas y videos, incluyendo \u201cPesadilla final: la muerte de <strong>Fredd<\/strong>y\u201d\u00a0<em>(\u201cNightmare on Elm Street: Freddy\u2019s Dead\u201d),<\/em> \u201cEl Pr\u00edncipe de las Tinieblas\u201d <em>(\u201cPrince of Darkness\u201d)<\/em> de <em>Universal Pictures<\/em>,\u201cSombras Tenebrosas\u201d <em>(\u201cDark Shadows\u201d)<\/em>. El oto\u00f1o pasado, <strong>Alice Cooper<\/strong> lanz\u00f3 \u201c<em>Welcome 2 my Nighmare\u201d,<\/em> la esperada secuencia de su cl\u00e1sico de 1975. El \u00e1lbum, que se inici\u00f3 en la posici\u00f3n\u00a0n\u00ba 22 de la lista <em>Billboard <\/em>200, comprueba la continua relevancia y popularidad de <strong>Alice Cooper<\/strong>, consolid\u00e1ndolo como uno de los artistas m\u00e1s influyentes de la m\u00fasica de todos los tiempos. El artista dijo: \u201cCrec\u00ed viendo las pel\u00edculas cl\u00e1sicas de horror de modo que es emocionante para m\u00ed trabajar con los dise\u00f1adores de <em>Universal,<\/em> a fin de crear la atracci\u00f3n embrujada de <strong>Alice Cooper<\/strong> para <em>Halloween Horror Nights<\/em> en <em>Universal Studios Hollywood<\/em> y <em>Universal Orlando Resort.<\/em> El a\u00f1o pasado, en <em>Universal Studios Hollywood<\/em> me aterrorizaron con su demente creaci\u00f3n, y me prometieron repetir la haza\u00f1a con \u201c<strong>Alice Cooper<\/strong> <em>Goes To Hell 3D\u201d<\/em>. Estoy ansioso por ver la obra maestra final. \u201cExisten pocos artistas tan incre\u00edblemente dementes como <strong>Alice Cooper<\/strong>,\u201d dijo <strong>Jim Timon<\/strong>, vicepresidente S\u00e9nior de Entretenimiento de <em>Universal Orlando Resort.\u00a0<\/em>\u201cEl representa un \u00edcono cl\u00e1sico y su participaci\u00f3n en \u201c<strong>Alice Cooper<\/strong> Welcome To My Nightmare\u201d deber\u00e1 traer algo totalmente nuevo e inesperado para los fan\u00e1ticos de <em>Halloween Horror Nights.<\/em>\u201d M\u00e1s informaci\u00f3n: <a href=\"http:\/\/www.halloweenhorrornights.com\/\" target=\"_blank\">www.HalloweenHorrorNights.com<\/a>. <strong><\/strong><\/p>\n<p>\u2730\u2730\u2730\u2730\u2730 El Club de Tenis \u201cLa Barrosa\u201d de Chiclana de la Frontera, en C\u00e1diz, Espa\u00f1a, present\u00f3 una exhibici\u00f3n de p\u00e1del, la cual cont\u00f3 con la presencia de los mejores jugadores de este deporte a nivel nacional e internacional. El hotel todo Incluido\u00a0<strong>ClubHotel Riu\u00a0Chiclana<\/strong><strong>,<\/strong> tuvo el honor de acoger durante este evento deportivo a los mejores jugadores de la historia del p\u00e1del como a\u00a0<strong>Juan Mart\u00edn D\u00edaz<\/strong>,\u00a0<strong>Cristian Guti\u00e9rrez Albizu<\/strong>\u00a0y\u00a0<strong>Miguel Lamperti<\/strong>. Los comentarios sobre el hotel de los jugadores fueron de elogios en todo momento. El\u00a0<strong>ClubHotel Riu Chiclana<\/strong>, se encuentra en primera l\u00ednea de mar y goza de una ubicaci\u00f3n privilegiada en plena Costa de la Luz, al sur de C\u00e1diz. \u00a0El resort de 4 estrellas incluye en su oferta \u201cAll Inclusive by Riu\u201d todas las comidas, bebidas y programas de entretenimiento. Desde su renovaci\u00f3n en febrero pasado, el hotel tambi\u00e9n ofrece modernas instalaciones en su zona de spa con nuevos servicios como la ducha escocesa y el ba\u00f1o fr\u00edo, y para los m\u00e1s peque\u00f1os una nueva piscina con divertidos toboganes. Chiclana de la Frontera, es una bella ciudad espa\u00f1ola localizada al sur de la pen\u00ednsula ib\u00e9rica y es conocida por su gran historia,\u00a0largas playas de arena fina y blanca, y entornos naturales de incomparable belleza la cual atrae a miles de turistas cada a\u00f1o.\u00a0 <strong><\/strong><\/p>\n<p>\u2730\u2730\u2730\u2730\u2730 Del 6 al 9 de septiembre pr\u00f3ximo Hard Rock Hotel Canc\u00fan ser\u00e1 patrocinador oficial de la International Expo and Business LGBT 2012 organizada por LGBT Confex en Canc\u00fan. Este es el evento de conferencias y exhibici\u00f3n m\u00e1s importante en su ramo en la regi\u00f3n y, durante cuatro d\u00edas, re\u00fane a los mejores especialistas de marketing LGBT del mundo y a representantes de negocios de todo M\u00e9xico y Am\u00e9rica Latina. Adem\u00e1s, una exposici\u00f3n a consumidores y reuniones de negocio \u201cbusiness-to-business\u201d como parte del programa. <strong>Rub\u00e9n Sandoval<\/strong>, CEO de LGBT Confex., el patrocinio del hotel en Canc\u00fan significa una gran alianza que beneficia a ambas partes. El nuevo All-inclusive Hard Rock Hotel Canc\u00fan se inaugurar\u00e1 oficialmente algunas semanas despu\u00e9s de la Expo, por lo que los asistentes a la cena de gala ser\u00e1n de los primeros en apreciar la calidad y servicio que por primera vez esta innovadora firma trae a M\u00e9xico.\u00a0 \u201cEl hotel\u00a0 desea redefinir la calidad del hospedaje disponible para los viajeros en Canc\u00fan. Seg\u00fan las \u00faltimas investigaciones de mercado, sabemos que el turismo LGBT es uno de los sectores con m\u00e1s r\u00e1pido crecimiento y que Canc\u00fan es el destino tur\u00edstico m\u00e1s popular para los viajeros gay en M\u00e9xico\u201d, dijo <strong>Rafael Chapur<\/strong>\u201d.<\/p>\n<p><em><a href=\"mailto:victoriagprado@gmail.com\" target=\"_blank\">victoriagprado@gmail.com<\/a><\/em><\/p>\n","protected":false},"excerpt":{"rendered":"<p>La \u201cXI Feria Artesanal de Dzity\u00e1, Tunich 2012\u201d, se realiza desde el pasado viernes en la ciudad de M\u00e9rida y concluir\u00e1 el domingo 19 de agosto y tiene como finalidad detonar oportunidades para comercializar productos en beneficio de artesanos meridanos y yucatecos; en ella participan 140 artesanos.<\/p>\n","protected":false},"author":3,"featured_media":0,"comment_status":"open","ping_status":"open","sticky":false,"template":"","format":"standard","meta":{"_monsterinsights_skip_tracking":false,"_monsterinsights_sitenote_active":false,"_monsterinsights_sitenote_note":"","_monsterinsights_sitenote_category":0,"footnotes":""},"categories":[11],"tags":[107,850,3214,43681,106],"class_list":["post-100251","post","type-post","status-publish","format-standard","hentry","category-turismo","tag-de-cinco-estrellas","tag-espana","tag-merida","tag-turismo","tag-victoria-gonzalez-prado"],"_links":{"self":[{"href":"https:\/\/www.diarioimagen.net\/index.php?rest_route=\/wp\/v2\/posts\/100251","targetHints":{"allow":["GET"]}}],"collection":[{"href":"https:\/\/www.diarioimagen.net\/index.php?rest_route=\/wp\/v2\/posts"}],"about":[{"href":"https:\/\/www.diarioimagen.net\/index.php?rest_route=\/wp\/v2\/types\/post"}],"author":[{"embeddable":true,"href":"https:\/\/www.diarioimagen.net\/index.php?rest_route=\/wp\/v2\/users\/3"}],"replies":[{"embeddable":true,"href":"https:\/\/www.diarioimagen.net\/index.php?rest_route=%2Fwp%2Fv2%2Fcomments&post=100251"}],"version-history":[{"count":0,"href":"https:\/\/www.diarioimagen.net\/index.php?rest_route=\/wp\/v2\/posts\/100251\/revisions"}],"wp:attachment":[{"href":"https:\/\/www.diarioimagen.net\/index.php?rest_route=%2Fwp%2Fv2%2Fmedia&parent=100251"}],"wp:term":[{"taxonomy":"category","embeddable":true,"href":"https:\/\/www.diarioimagen.net\/index.php?rest_route=%2Fwp%2Fv2%2Fcategories&post=100251"},{"taxonomy":"post_tag","embeddable":true,"href":"https:\/\/www.diarioimagen.net\/index.php?rest_route=%2Fwp%2Fv2%2Ftags&post=100251"}],"curies":[{"name":"wp","href":"https:\/\/api.w.org\/{rel}","templated":true}]}}