{"id":100415,"date":"2012-08-14T00:07:29","date_gmt":"2012-08-14T05:07:29","guid":{"rendered":"http:\/\/www.diarioimagen.net\/?p=100415"},"modified":"2012-08-14T23:49:19","modified_gmt":"2012-08-15T04:49:19","slug":"cordero-y-villarreal-coordinadores-del-pan","status":"publish","type":"post","link":"https:\/\/www.diarioimagen.net\/?p=100415","title":{"rendered":"Cordero y Villarreal, coordinadores del PAN"},"content":{"rendered":"<h2>Tras la puerta del poder<\/h2>\n<h5>Roberto Vizca\u00edno<\/h5>\n<p>&nbsp;<\/p>\n<ul>\n<li><strong><em>Los nuevos l\u00edderes parlamentarios juraron lealtad p\u00fablica al dirigente panista<\/em><\/strong><\/li>\n<li><strong><em>Madero aclar\u00f3 que coincide con AMLO en su denuncia por lo de Monex, no en invalidar la elecci\u00f3n<\/em><\/strong><\/li>\n<li><strong><em>Pedro Joaqu\u00edn Coldwell convoca a j\u00f3venes a alejarse del griter\u00edo est\u00e9ril y a participar pol\u00edticamente<\/em><\/strong><\/li>\n<\/ul>\n<div id=\"attachment_100485\" style=\"width: 250px\" class=\"wp-caption alignleft\"><a class=\"highslide\" onclick=\"return vz.expand(this)\" href=\"http:\/\/www.diarioimagen.net\/wp-content\/uploads\/2012\/08\/gasolinazos-azos-azos-trizas-1914.jpg\"><img loading=\"lazy\" decoding=\"async\" aria-describedby=\"caption-attachment-100485\" class=\"size-medium wp-image-100485\" title=\"gasolinazos-azos-azos-trizas-1914\" src=\"http:\/\/www.diarioimagen.net\/wp-content\/uploads\/2012\/08\/gasolinazos-azos-azos-trizas-1914-240x190.jpg\" alt=\"\" width=\"240\" height=\"190\" \/><\/a><p id=\"caption-attachment-100485\" class=\"wp-caption-text\">Gasolinazos&#8230; azos&#8230; azos&#8230; | Trizas<\/p><\/div>\n<p>En una ceremonia en la que nunca se mencion\u00f3 al aun presidente de la Rep\u00fablica <strong>Felipe Calder\u00f3n <\/strong>&#8211;supuesto l\u00edder nato de Acci\u00f3n Nacional&#8211;, el presidente del PAN, el senador <strong>Gustavo Madero<\/strong> design\u00f3 al ex secretario de Hacienda y ex precandidato presidencial blanquiazul Ernesto Cordero como coordinador de la pr\u00f3xima bancada del PAN en el Senado de la Rep\u00fablica, y al guanajuatense <strong>Luis Alberto Villarreal<\/strong> como coordinador de los diputados federales en la siguiente legislatura.<\/p>\n<p><strong>Cordero y Villarreal <\/strong>agradecieron a Madero sus nombramientos y ambos advirtieron que sus respectivas bancadas ser\u00e1n sobre todo leales y atentas a sus dictados.<\/p>\n<p>Cordero lo resumi\u00f3 as\u00ed:<\/p>\n<p>\u201cA cada uno de los legisladores del Partido Acci\u00f3n Nacional nos queda claro la lealtad, el respeto y la direcci\u00f3n del presidente Gustavo Madero\u201d.<\/p>\n<p>Nadie siquiera se refiri\u00f3 para nada a Calder\u00f3n.<\/p>\n<p>El ex secretario de Hacienda advirti\u00f3 que hoy el objetivo esencial de los panistas es la unidad.<\/p>\n<p>\u201cSe ha delineado ya una ruta clara para reformar de manera integral a nuestro partido. Los panistas enfrentaremos este proceso unidos. Juntos saldremos adelante\u201d, subray\u00f3.<\/p>\n<p>Record\u00f3 que su partido, el PAN, ha sido parte central de la construcci\u00f3n de la democracia mexicana y con base en esa tradici\u00f3n los senadores y diputados entrantes no se van a conformar con reformas parciales y para avanzar en reformas de fondo, actuar\u00e1n como un contrapeso responsable y propositivo dentro del Congreso de la Uni\u00f3n.<\/p>\n<p>En su caso particular dijo se ha propuesto ser un factor de di\u00e1logo permanente con todas las fuerzas porque, agreg\u00f3, es momento para promover la transformaci\u00f3n de M\u00e9xico.<\/p>\n<p>El todav\u00eda senador Luis Alberto Villarreal, con 38 a\u00f1os de edad y originario de San Miguel Allende \u2013donde es un pr\u00f3spero empresario inmobiliario al amparo de los gobiernos blanquiazules estatales&#8211;, coincidi\u00f3 con Cordero al indicar que los legisladores panistas ser\u00e1n \u201cuna fuerza pol\u00edtica leal, firme, responsable y propositiva que no va a jugar un papel de espectador en la siguiente legislatura\u201d.<\/p>\n<p align=\"center\"><strong>\u00a0MADERO ACLARA<\/strong><\/p>\n<p>Aprovechando la conferencia de prensa posterior a la presentaci\u00f3n de los dos nuevos coordinadores, se interrog\u00f3 a Madero si continuar\u00eda con su apoyo a las demandas y posturas de Andr\u00e9s Manuel L\u00f3pez Obrador para que se declare la invalidez de la elecci\u00f3n presidencial.<\/p>\n<p>Al respecto dijo que sus denuncias sobre el presunto uso de Monex en la campa\u00f1a electoral presidencial antes que L\u00f3pez Obrador y por ello el PAN insistir\u00e1 en que se llegue a fondo en esa investigaci\u00f3n y se castigue a culpables si hay elementos para eso. Eso gener\u00f3 una coincidencia entre AMLO y \u00e9l, dijo.<\/p>\n<p>\u201cLo que no estamos nosotros acompa\u00f1ando es una agenda de aprovechar estos tiempos antes de la resoluci\u00f3n del Tribunal para hacer un posicionamiento de tipo pol\u00edtico que est\u00e1 haciendo el ex candidato del PRD.<\/p>\n<p>\u201cEn eso no estamos acompa\u00f1\u00e1ndolo, nosotros simplemente manteniendo con responsabilidad las denuncias, sosteni\u00e9ndolas, ratific\u00e1ndolas y exigiendo que se cumpla el ofrecimiento que nos hicieron de investigarlas y sancionarlas. Ah\u00ed es donde estamos unidos, en lo dem\u00e1s no\u201d, aclar\u00f3.<\/p>\n<p align=\"center\">\u00a0<strong>EL CONFLICTO LE DA VIDA<\/strong><\/p>\n<p>Por dem\u00e1s claridosa la intervenci\u00f3n de Andr\u00e9s Manuel L\u00f3pez Obrador\u00a0 durante la clausura de la Expo-Fraude montada y desmontada con rapidez en el Z\u00f3calo.<\/p>\n<p>Ah\u00ed, ante una audiencia muy menguada respecto de las que suele y est\u00e1 acostumbrado convocar, el tabasque\u00f1o advirti\u00f3 que reconocer su derrota ser\u00eda suicidarse pol\u00edticamente por lo cual seguir\u00e1 luchando y recorriendo el pa\u00eds.<\/p>\n<p>De igual forma reconoci\u00f3 que luego de la obvia experiencia de su movilizaci\u00f3n luego del proceso presidencial de 2006, que le gener\u00f3 un fuerte rechazo ciudadano, en esta ocasi\u00f3n decidi\u00f3 no encabezar movilizaciones.<\/p>\n<p>\u201cNo llamamos a la movilizaci\u00f3n, <strong>decidimos irnos por la v\u00eda legal <\/strong>y esperar el resultado del Tribunal, pero aun as\u00ed no est\u00e1n conformes, est\u00e1n inquietos, <strong>quisieran que nos rindi\u00e9ramos<\/strong>, no vamos a suicidarnos pol\u00edticamente, no vamos a arriar bandera, vamos a seguir luchando por nuestros principios y por nuestros ideales, no le hace que se enojen nuestros adversarios\u2026<\/p>\n<p>\u201cNo vamos a aceptar que se quiera iniciar una etapa en el pantano, en la inmundicia, del fraude electoral, es la oportunidad para iniciar una etapa haciendo valer la legalidad y la aut\u00e9ntica democracia, por eso los magistrados del Tribunal tienen que pensarlo bien.<\/p>\n<p>\u201cNo vamos a aceptar ninguna argucia legaloide que permita que se viole la Constituci\u00f3n\u2026 estamos actuando con responsabilidad, hemos presentado todas las pruebas, hay miles de pruebas, este es un ejemplo, esta exposici\u00f3n\u201d, indic\u00f3.<\/p>\n<p>Sin la presencia de los dirigentes del PRD, PT y Movimiento Ciudadano, con apenas unos cientos de seguidores, L\u00f3pez Obrador insisti\u00f3 en que la elecci\u00f3n presidencial del 1 de julio debe anularse y convocar a <strong>comicios extraordinarios<\/strong>, pues sus pruebas \u201cson contundentes y plenas\u201d.<\/p>\n<p>En fin, el mismo L\u00f3pez Obrador y su lenguaje e intenciones de siempre.<\/p>\n<p align=\"center\"><strong>\u00a0CALDERON AHOGA\u00a0 A MUNICIPIOS<\/strong><\/p>\n<p>Vocero de la fracci\u00f3n saliente de diputados federales del PRI, Jos\u00e9 Ram\u00f3n Martell le exigi\u00f3 ayer al presidente Felipe Calder\u00f3n deponga su actitud partidista y permita que Hacienda haga fluir los 447 millones de pesos que su gobierno ha recortado de las participaciones federales a estados y municipios.<\/p>\n<p>Este recorte, agreg\u00f3 el diputado Martell, mantiene en la muerte administrativa a decenas de alcald\u00edas que, como la de Buena Vista, que sufri\u00f3 un recorte de m\u00e1s de 60 por ciento; o como la de Erongar\u00edcuaro, que cerr\u00f3 por 15 d\u00edas sus puertas y dej\u00f3 de prestar casi todos los servicios o que al igual que Churintizio, uno de los municipios m\u00e1s pobres, que a partir de este 1 de agosto funciona a su m\u00ednima capacidad, con empleados de confianza que no cobrar\u00e1n sueldos hasta nuevo aviso, todas presidencias municipales de su propio estado, Michoac\u00e1n.<\/p>\n<p>Es un contrasentido que el gobierno federal rebose de recursos mientras las alcald\u00edas, primer instancia de gobierno en el pa\u00eds, mueran pr\u00e1cticamente en la inopia.<\/p>\n<p>Todo esto ocurre porque el gobierno central aplic\u00f3 recortes a las partidas federales que deben ir a estados y municipios de acuerdo al sistema de coordinaci\u00f3n fiscal y en buena medida debido a discrepancias partidarias.<\/p>\n<p align=\"center\"><strong>\u00a0COLDWELL\u00a0 LLAMA A J\u00d3VENES<\/strong><\/p>\n<p>Al encabezar la apertura del Foro Di\u00e1logos por la Juventud dentro de la Fundaci\u00f3n Colosio en el \u201cD\u00eda Internacional de la Juventud\u201d, el presidente del PRI, el senador Pedro Joaqu\u00edn Coldwell llam\u00f3 a los j\u00f3venes que hoy viven la inconformidad y las movilizaciones en M\u00e9xico, a alejarse de la griter\u00eda yla esterilidad, para que se conviertan en parte de las soluciones.<\/p>\n<p>Indic\u00f3 que dentro de este objetivo su partido, el PRI, alienta a su sector juvenil a constituirse como cuadros capacitados para enfrentar con mayores elementos a la complejidad de la globalizaci\u00f3n y los retos nacionales.<\/p>\n<p>Record\u00f3 que esta segunda alternancia en el poder la encabezar\u00e1 un presidente joven, Enrique Pe\u00f1a Nieto, quien ha entendido que el apoyo mayoritario expresado por los electores es en los hechos el otorgamiento de una segunda oportunidad para que el PRI conduzca al pa\u00eds, no para restaurar el viejo orden pol\u00edtico sino para formar uno nuevo.<\/p>\n<p>Pe\u00f1a Nieto, agreg\u00f3 Coldwell, ha comprendido tambi\u00e9n la urgencia de renovar el pacto del gobierno con los ciudadanos.<\/p>\n<p>\u201cComo parte de esta nueva cultura el candidato ganador ha planteado tres iniciativas: Crear la Comisi\u00f3n Nacional Anticorrupci\u00f3n, la transparencia en todos los \u00f3rdenes de gobierno y Poderes de la Uni\u00f3n, as\u00ed como transparentar los contratos de publicidad con medios de comunicaci\u00f3n.<\/p>\n<p>\u201cConsidera que hay que eliminar viejos estorbos e introducir reformas que aligeren y modernicen la estructura econ\u00f3mica y social, e incrementar las inversiones extranjeras, modificar la pol\u00edtica hacendaria, laboral y energ\u00e9tica, modernizar la educaci\u00f3n y rehabilitar la producci\u00f3n agropecuaria, forestal, minera y pesquera\u201d, concluy\u00f3 el dirigente.<\/p>\n<p>Un llamado interesante a los j\u00f3venes, de parte de quien, dicen, provoc\u00f3 la creaci\u00f3n del 132 , movimiento que hoy vive la dispersi\u00f3n.<\/p>\n<p><em><a href=\"mailto:rvizcaino@gmail.com\" target=\"_blank\">rvizcaino@gmail.com<\/a><\/em><\/p>\n","protected":false},"excerpt":{"rendered":"<p><span style=\"color: #005497;\"><strong>Roberto Vizca\u00edno<\/strong><\/span><\/p>\n","protected":false},"author":3,"featured_media":0,"comment_status":"open","ping_status":"open","sticky":false,"template":"","format":"standard","meta":{"_monsterinsights_skip_tracking":false,"_monsterinsights_sitenote_active":false,"_monsterinsights_sitenote_note":"","_monsterinsights_sitenote_category":0,"footnotes":""},"categories":[136],"tags":[2545,10227,43674,93,94],"class_list":["post-100415","post","type-post","status-publish","format-standard","hentry","category-roberto-vizcaino-opinion","tag-amlo","tag-gustavo-madero-munoz","tag-opinion","tag-roberto-vizcaino","tag-tras-la-puerta-del-poder"],"_links":{"self":[{"href":"https:\/\/www.diarioimagen.net\/index.php?rest_route=\/wp\/v2\/posts\/100415","targetHints":{"allow":["GET"]}}],"collection":[{"href":"https:\/\/www.diarioimagen.net\/index.php?rest_route=\/wp\/v2\/posts"}],"about":[{"href":"https:\/\/www.diarioimagen.net\/index.php?rest_route=\/wp\/v2\/types\/post"}],"author":[{"embeddable":true,"href":"https:\/\/www.diarioimagen.net\/index.php?rest_route=\/wp\/v2\/users\/3"}],"replies":[{"embeddable":true,"href":"https:\/\/www.diarioimagen.net\/index.php?rest_route=%2Fwp%2Fv2%2Fcomments&post=100415"}],"version-history":[{"count":0,"href":"https:\/\/www.diarioimagen.net\/index.php?rest_route=\/wp\/v2\/posts\/100415\/revisions"}],"wp:attachment":[{"href":"https:\/\/www.diarioimagen.net\/index.php?rest_route=%2Fwp%2Fv2%2Fmedia&parent=100415"}],"wp:term":[{"taxonomy":"category","embeddable":true,"href":"https:\/\/www.diarioimagen.net\/index.php?rest_route=%2Fwp%2Fv2%2Fcategories&post=100415"},{"taxonomy":"post_tag","embeddable":true,"href":"https:\/\/www.diarioimagen.net\/index.php?rest_route=%2Fwp%2Fv2%2Ftags&post=100415"}],"curies":[{"name":"wp","href":"https:\/\/api.w.org\/{rel}","templated":true}]}}