{"id":100421,"date":"2012-08-14T00:06:07","date_gmt":"2012-08-14T05:06:07","guid":{"rendered":"http:\/\/www.diarioimagen.net\/?p=100421"},"modified":"2012-08-14T23:54:22","modified_gmt":"2012-08-15T04:54:22","slug":"pan-resentidos-y-fracasados","status":"publish","type":"post","link":"https:\/\/www.diarioimagen.net\/?p=100421","title":{"rendered":"PAN: resentidos y fracasados"},"content":{"rendered":"<h2>\u00cdndice pol\u00edtico<\/h2>\n<h5>Francisco Rodr\u00edguez<\/h5>\n<p><span><br \/>\nBuscar el \u00e9xito con un conjunto de fracasados y resentidos pol\u00edticos es la peor de las opciones por las que se ha inclinado lo que queda del Partido Acci\u00f3n Nacional. Y es que desde el s\u00e1bado anterior, la tarea de refundar, realinear, recomponer o simplemente remendar al organismo blanquiazul, ha reca\u00eddo en las manos de Germ\u00e1n Mart\u00ednez, C\u00e9sar Nava, Felipe Bravo Mena, Jos\u00e9 Gonz\u00e1lez Morf\u00edn, Luisa Mar\u00eda Calder\u00f3n, Elena \u00c1lvarez. Tambi\u00e9n de Cecilia Romero, Marco Antonio Adame, Carlos Medina Plascencia, Santiago Creel Miranda y, entre otros, Juan Molinar Horcasitas.<\/span><\/p>\n<p>Manos \u201cde est\u00f3mago\u201d, dir\u00edan algunos, porque todo lo que han tocado lo han convertido en\u2026 detritus org\u00e1nico.<\/p>\n<p>Fueron de fracaso en fracaso, s\u00f3lo para empezar, los dos dirigentes formales del PAN a quienes, por su mero paisanaje e incondicionalidad, Calder\u00f3n \u201cdede\u00f3\u201d y convirti\u00f3 en sus meros t\u00edteres. Ni Mart\u00ednez C\u00e1zares ni Nava Mart\u00ednez enfrentaron con \u00e9xito los retos electorales. El primero perdi\u00f3 las elecciones intermedias, y el segundo -cuestionado adem\u00e1s por sus negocios en Pemex-, no pudo llevar a cabo las alianzas pol\u00edticas con el PRD que m\u00e1s le interesaban al ocupante de Los Pinos. La del Estado de M\u00e9xico, para empezar.<\/p>\n<p>Luisa Mar\u00eda Calder\u00f3n y Luis Felipe Bravo Mena fueron derrotados electoralmente en Michoac\u00e1n y el Estado de M\u00e9xico, respectivamente. A la primera no s\u00f3lo no benefici\u00f3, sino hasta perjudic\u00f3 el ser \u201cla primera hermana del pa\u00eds\u201d. El segundo, salido directamente de la secretar\u00eda particular de la Presidencia de la Rep\u00fablica que ocupa Calder\u00f3n, tambi\u00e9n le afect\u00f3 la cercan\u00eda. Independientemente, claro, de las p\u00e9simas campa\u00f1as pol\u00edticas que desplegaron en contra de sus respectivos contrincantes pri\u00edstas.<\/p>\n<p>El de Cecilia Romero es todo un caso. \u201cCay\u00f3 para arriba\u201d en la secretar\u00eda general del CEN panista, luego de haber sido despedida cual comisionada del Instituto Nacional de Migraci\u00f3n tras la matanza de, cuando menos 72 centroamericanos en Tamaulipas. Aparentemente exitosa porque no fue tocada ni con el p\u00e9talo de una investigaci\u00f3n judicial por su mal desempe\u00f1o en una de las dependencias m\u00e1s sensibles a la corrupci\u00f3n, en realidad debe estar resentida por la forma en que fue defenestrada de tal cargo administrativo.<\/p>\n<p>Marco Antonio Adame y Carlos Medina Plascencia, gobernador todav\u00eda de Morelos, el primero, y ex mandatario estatal de Guanajuato, el segundo, tienen en com\u00fan el haber rendido las respectivas plazas a contrincantes y hasta a enemigos del PAN. El primero pasar\u00e1 pr\u00f3ximamente la estafeta al perredista Graco Ram\u00edrez. El segundo entreg\u00f3 los b\u00e1rtulos a Vicente Fox, quien formalmente ha regresado al redil pri\u00edsta del que -ahora se sabe- realmente nunca se separ\u00f3.<\/p>\n<p>Juan Molinar Horcasitas es otro gran fracasado -y muy resentido- a quien ahora tambi\u00e9n se ha encomendado la reformulaci\u00f3n de su partido. Sali\u00f3 de la titularidad del IMSS \u201cascendido\u201d a un fantasmag\u00f3rico cargo partidista y, apenas llegando a \u00e9ste, tuvo que enfrentar y a\u00fan lo hace, los cargos por su innegable responsabilidad en el criminal incendio de la guarder\u00eda ABC de Hermosillo, Sonora.<\/p>\n<p>Un pu\u00f1ado, pues, de fracasados\u2026 cu\u00e1l es el signo de los tiempos en el PAN y entre los mismos panistas.<\/p>\n<p>Todos llenos de resabios.<\/p>\n<p>\u00a1Qu\u00e9 l\u00e1stima por el PAN!<\/p>\n<p>Tienen los verdaderos panistas una tarea monumental por delante.<\/p>\n<p>No s\u00f3lo el reencontrar la ruta perdida tras los casi seis a\u00f1os de imposiciones calderonistas y una fallida administraci\u00f3n p\u00fablica a cargo del mismo, tambi\u00e9n el deshacerse de este conjunto de personajes que, en su momento y oportunidad, tambi\u00e9n los condujeron al fracaso.<\/p>\n<p>La tarea de -met\u00e1fora gastron\u00f3mica- elaborar chocolate blanco teniendo como ingredientes chiles verdes y tomates es pr\u00e1cticamente imposible de alcanzar. Menos, todav\u00eda, si los chefs y los pinches han fracasado en la pol\u00edtica y viven resentidos por ello, \u00bfno cree usted?<\/p>\n<p><strong><em>\u00cdndice Flam\u00edgero:<\/em><\/strong> \u00bfVa para largo el autoexilio de Josefina V\u00e1zquez Mota en Europa? \u00bfSeguir\u00e1 lejos del pa\u00eds, oc\u00e9ano de por medio, hasta que Calder\u00f3n se vaya de Los Pinos para no responder a las cr\u00edticas y ataques que en los \u00faltimos d\u00edas \u00e9ste le ha enderezado s\u00f3lo por ser \u201cdiferente\u201d? Si es as\u00ed, no esperen a la ex candidata presidencial sino hasta dentro de 109 d\u00edas, lapso que a\u00fan le resta a este malogrado sexenio.<\/p>\n<p><em><a href=\"http:\/\/www.indicepolitico.com\/\" target=\"_blank\"><em>www.indicepolitico.com<\/em><\/a><br \/>\n<\/em><em><a href=\"mailto:pacorodriguez@journalist.com\" target=\"_blank\">pacorodriguez@journalist.com<\/a><\/em><\/p>\n","protected":false},"excerpt":{"rendered":"<p><span style=\"color: #005497;\"><strong>Francisco Rodr\u00edguez<\/strong><\/span><\/p>\n","protected":false},"author":3,"featured_media":0,"comment_status":"open","ping_status":"open","sticky":false,"template":"","format":"standard","meta":{"_monsterinsights_skip_tracking":false,"_monsterinsights_sitenote_active":false,"_monsterinsights_sitenote_note":"","_monsterinsights_sitenote_category":0,"footnotes":""},"categories":[549],"tags":[43689,550,11828,12618,43674,91],"class_list":["post-100421","post","type-post","status-publish","format-standard","hentry","category-francisco-rodriguez","tag-francisco-rodriguez","tag-indice-politico","tag-jose-gonzalez-morfin","tag-luisa-maria-calderon-hinojosa","tag-opinion","tag-pan"],"_links":{"self":[{"href":"https:\/\/www.diarioimagen.net\/index.php?rest_route=\/wp\/v2\/posts\/100421","targetHints":{"allow":["GET"]}}],"collection":[{"href":"https:\/\/www.diarioimagen.net\/index.php?rest_route=\/wp\/v2\/posts"}],"about":[{"href":"https:\/\/www.diarioimagen.net\/index.php?rest_route=\/wp\/v2\/types\/post"}],"author":[{"embeddable":true,"href":"https:\/\/www.diarioimagen.net\/index.php?rest_route=\/wp\/v2\/users\/3"}],"replies":[{"embeddable":true,"href":"https:\/\/www.diarioimagen.net\/index.php?rest_route=%2Fwp%2Fv2%2Fcomments&post=100421"}],"version-history":[{"count":0,"href":"https:\/\/www.diarioimagen.net\/index.php?rest_route=\/wp\/v2\/posts\/100421\/revisions"}],"wp:attachment":[{"href":"https:\/\/www.diarioimagen.net\/index.php?rest_route=%2Fwp%2Fv2%2Fmedia&parent=100421"}],"wp:term":[{"taxonomy":"category","embeddable":true,"href":"https:\/\/www.diarioimagen.net\/index.php?rest_route=%2Fwp%2Fv2%2Fcategories&post=100421"},{"taxonomy":"post_tag","embeddable":true,"href":"https:\/\/www.diarioimagen.net\/index.php?rest_route=%2Fwp%2Fv2%2Ftags&post=100421"}],"curies":[{"name":"wp","href":"https:\/\/api.w.org\/{rel}","templated":true}]}}