{"id":100905,"date":"2012-08-17T00:04:59","date_gmt":"2012-08-17T05:04:59","guid":{"rendered":"http:\/\/www.diarioimagen.net\/?p=100905"},"modified":"2012-08-20T03:15:43","modified_gmt":"2012-08-20T08:15:43","slug":"accidentes-viales-primera-causa-de-muerte-infantil","status":"publish","type":"post","link":"https:\/\/www.diarioimagen.net\/?p=100905","title":{"rendered":"Accidentes viales, primera causa de muerte infantil"},"content":{"rendered":"<ul>\n<li><strong><em>Anualmente se registran16 mil decesos, un mill\u00f3n de heridos, 40 mil personas con discapacidad permanente y p\u00e9rdidas por 150 mil millones de pesos<\/em><\/strong><\/li>\n<\/ul>\n<div id=\"attachment_100917\" style=\"width: 250px\" class=\"wp-caption alignleft\"><a class=\"highslide\" onclick=\"return vz.expand(this)\" href=\"http:\/\/www.diarioimagen.net\/wp-content\/uploads\/2012\/08\/salud-1917.jpg\"><img loading=\"lazy\" decoding=\"async\" aria-describedby=\"caption-attachment-100917\" class=\"size-medium wp-image-100917\" title=\"salud-1917\" src=\"http:\/\/www.diarioimagen.net\/wp-content\/uploads\/2012\/08\/salud-1917-240x135.jpg\" alt=\"\" width=\"240\" height=\"135\" \/><\/a><p id=\"caption-attachment-100917\" class=\"wp-caption-text\">El secretario de Salud, Salom\u00f3n Chertorivski, firma el acuerdo que crea la campa\u00f1a \u201cPilotos por la Seguridad Vial\u201d, que tuvo como testigo de honor al presidente Calder\u00f3n.<\/p><\/div>\n<p>El secretario de Salud, Salom\u00f3n Chertorivski, revel\u00f3 que los accidentes automovil\u00edsticos representan la primera causa de muerte y orfandad en ni\u00f1os entre los cinco y los 14 a\u00f1os de edad, y la primera de fallecimientos entre los j\u00f3venes del pa\u00eds.<\/p>\n<p>El funcionario dio a conocer que en M\u00e9xico se registran 16 mil muertes al a\u00f1o por accidentes de tr\u00e1nsito, un mill\u00f3n de lesionados, 40 mil personas con discapacidad permanente y constituyen costos por 150 mil millones de pesos.<\/p>\n<p>En el lanzamiento de la campa\u00f1a \u201cPilotos por la Seguridad Vial\u201d, que encabez\u00f3 el presidente Felipe Calder\u00f3n, Chertorivski Woldenberg dijo que las cifras de accidentes viales son alarmantes y por desgracia la mayor\u00eda de las v\u00edctimas por este tipo de siniestros son j\u00f3venes.<\/p>\n<p>Mencion\u00f3 que es necesario estar conscientes y claros de que 90 por ciento de estas terribles cifras se podr\u00edan evitar con medidas verdaderamente sencillas.<\/p>\n<p>Destac\u00f3 algunas recomendaciones que ponen el acento sobre la importancia de fortalecer, sobre todas las cosas, una cultura de la prevenci\u00f3n, como es el uso del cintur\u00f3n de seguridad y las sillas portainfante.<\/p>\n<p>Asimismo, resalt\u00f3 que no se debe usar el tel\u00e9fono celular \u201cno s\u00f3lo para hablar, ahora m\u00e1s que nunca para mandar mensajes\u201d, o cualquier otro distractor mientras se conduce, adem\u00e1s de que no se debe manejar bajo los efectos del alcohol.<\/p>\n<p>Sostuvo que se debe realizar la revisi\u00f3n f\u00edsico-mec\u00e1nica de los veh\u00edculos y sus neum\u00e1ticos, los motociclistas deben utilizar casco y los peatones circular por donde deben hacerlo.<\/p>\n<p>Anunci\u00f3 que se trabaja \u201cy esperamos que pronto sea obligatorio en todo el pa\u00eds\u201d, en la aplicaci\u00f3n de ex\u00e1menes de manejo en la expedici\u00f3n o renovaci\u00f3n de la licencia de conducir.<\/p>\n<p>Destac\u00f3 que es fundamental crear la conciencia de asumir un rol activo en la prevenci\u00f3n tanto de enfermedades, como de accidentes, y no esperar a que sucedan lamentables y, a veces, terribles consecuencias, que pudieran evitarse desde un principio.<\/p>\n<p>\u201cHoy, m\u00e1s que nunca, la salud no se da en los consultorios y en los quir\u00f3fanos. Se da en la calle, en la casa, en el barrio, y ah\u00ed es donde cada uno de nosotros jugamos un papel fundamental\u201d, expres\u00f3<\/p>\n<p>Por su parte, el presidente Felipe Calder\u00f3n se\u00f1al\u00f3 que el objetivo es hacer de M\u00e9xico un pa\u00eds de conductores responsables, pues actualmente ocupa el s\u00e9ptimo lugar en el mayor n\u00famero de accidentes, lo cual \u201cno es algo para vanagloriarse\u201d.<\/p>\n<p>El mandatario indic\u00f3 que entre los objetivos se encuentra reducir para 2020 a 50 por ciento la cifra de 16 mil muertes que se presentan al a\u00f1o por accidentes viales, y lanz\u00f3 diversas recomendaciones, entre ellas conducir con el cintur\u00f3n de seguridad pues no hacerlo es \u201cuna estupidez\u201d.<\/p>\n<p>En el aut\u00f3dromo Hermanos Rodr\u00edguez, Calder\u00f3n Hinojosa mencion\u00f3 las reglas \u201ca, b, c y d\u201d para conducir: la primera consiste en \u201cnada de alcohol ni de drogas al manejar\u201d.<\/p>\n","protected":false},"excerpt":{"rendered":"<p>El secretario de Salud, Salom\u00f3n Chertorivski, revel\u00f3 que los accidentes automovil\u00edsticos representan la primera causa de muerte y orfandad en ni\u00f1os entre los cinco y los 14 a\u00f1os de edad, y la primera de fallecimientos entre los j\u00f3venes del pa\u00eds. El funcionario dio a conocer que en M\u00e9xico se registran 16 mil muertes al a\u00f1o por accidentes de tr\u00e1nsito, un mill\u00f3n de lesionados, 40 mil personas con discapacidad permanente y constituyen costos por 150 mil millones de pesos.<\/p>\n","protected":false},"author":3,"featured_media":0,"comment_status":"open","ping_status":"open","sticky":false,"template":"","format":"standard","meta":{"_monsterinsights_skip_tracking":false,"_monsterinsights_sitenote_active":false,"_monsterinsights_sitenote_note":"","_monsterinsights_sitenote_category":0,"footnotes":""},"categories":[17,3],"tags":[43673,17947],"class_list":["post-100905","post","type-post","status-publish","format-standard","hentry","category-especiales","category-nacional","tag-nacional","tag-salomon-chertorivski-woldenberg"],"_links":{"self":[{"href":"https:\/\/www.diarioimagen.net\/index.php?rest_route=\/wp\/v2\/posts\/100905","targetHints":{"allow":["GET"]}}],"collection":[{"href":"https:\/\/www.diarioimagen.net\/index.php?rest_route=\/wp\/v2\/posts"}],"about":[{"href":"https:\/\/www.diarioimagen.net\/index.php?rest_route=\/wp\/v2\/types\/post"}],"author":[{"embeddable":true,"href":"https:\/\/www.diarioimagen.net\/index.php?rest_route=\/wp\/v2\/users\/3"}],"replies":[{"embeddable":true,"href":"https:\/\/www.diarioimagen.net\/index.php?rest_route=%2Fwp%2Fv2%2Fcomments&post=100905"}],"version-history":[{"count":0,"href":"https:\/\/www.diarioimagen.net\/index.php?rest_route=\/wp\/v2\/posts\/100905\/revisions"}],"wp:attachment":[{"href":"https:\/\/www.diarioimagen.net\/index.php?rest_route=%2Fwp%2Fv2%2Fmedia&parent=100905"}],"wp:term":[{"taxonomy":"category","embeddable":true,"href":"https:\/\/www.diarioimagen.net\/index.php?rest_route=%2Fwp%2Fv2%2Fcategories&post=100905"},{"taxonomy":"post_tag","embeddable":true,"href":"https:\/\/www.diarioimagen.net\/index.php?rest_route=%2Fwp%2Fv2%2Ftags&post=100905"}],"curies":[{"name":"wp","href":"https:\/\/api.w.org\/{rel}","templated":true}]}}