{"id":101000,"date":"2012-08-20T00:08:03","date_gmt":"2012-08-20T05:08:03","guid":{"rendered":"http:\/\/www.diarioimagen.net\/?p=101000"},"modified":"2012-08-20T02:48:46","modified_gmt":"2012-08-20T07:48:46","slug":"uaem-y-centro-fox-firman-un-acuerdo-de-colaboracion","status":"publish","type":"post","link":"https:\/\/www.diarioimagen.net\/?p=101000","title":{"rendered":"UAEM y Centro Fox firman un acuerdo de colaboraci\u00f3n"},"content":{"rendered":"<ul>\n<li><strong><em>El documento fue suscrito por el rector Eduardo Gasca Pliego y el ex presidente Vicente Fox Quesada<\/em><\/strong><\/li>\n<\/ul>\n<div id=\"attachment_101087\" style=\"width: 250px\" class=\"wp-caption alignleft\"><a class=\"highslide\" onclick=\"return vz.expand(this)\" href=\"http:\/\/www.diarioimagen.net\/wp-content\/uploads\/2012\/08\/UAEM-1918.jpg\"><img loading=\"lazy\" decoding=\"async\" aria-describedby=\"caption-attachment-101087\" class=\"size-medium wp-image-101087\" title=\"UAEM-1918\" src=\"http:\/\/www.diarioimagen.net\/wp-content\/uploads\/2012\/08\/UAEM-1918-240x128.jpg\" alt=\"\" width=\"240\" height=\"128\" \/><\/a><p id=\"caption-attachment-101087\" class=\"wp-caption-text\">El rector de la UAEM, Eduardo Gasca Pliego, y el ex presidente Vicente Fox, durante la firma del convenio de colaboraci\u00f3n.<\/p><\/div>\n<p><strong>San Francisco del Rinc\u00f3n, Guanajuato<\/strong>.- A partir de enero de 2013, la Universidad Aut\u00f3noma del Estado de M\u00e9xico impartir\u00e1 en el Centro Fox el Diplomado en Democracia, Paz y Desarrollo, anunciaron el ex presidente de nuestro pa\u00eds, Vicente Fox Quesada, y el rector de la UAEM, Eduardo Gasca Pliego, durante la firma del Convenio General de Colaboraci\u00f3n signado entre ambas instancias.<\/p>\n<p>Luego de que -acompa\u00f1ado por su esposa y vicepresidenta del Centro de Estudios, Biblioteca y Museo \u201cVicente Fox Quesada\u201d, Martha Sahag\u00fan de Fox- dio la bienvenida al rector Eduardo Gasca, el ex mandatario de M\u00e9xico destac\u00f3 la necesidad de que los sectores p\u00fablico, privado y acad\u00e9mico -la triple h\u00e9lice-, trabajen arm\u00f3nicamente, con el prop\u00f3sito de consolidar un proyecto de naci\u00f3n.<\/p>\n<p>En las instalaciones de dicho centro, Gasca Pliego expres\u00f3 la importancia de contar, mediante la firma de este instrumento, con perspectivas de trabajo enfocadas a la formaci\u00f3n de capital humano de alto nivel.<\/p>\n<p>El rector precis\u00f3 que el Diplomado en Democracia, Paz y Desarrollo, programa acad\u00e9mico que fusiona la experiencia del Centro y la calidad acad\u00e9mica de la UAEM, tiene como prop\u00f3sito formar cuadros de excelencia, capaces de explicar la realidad nacional y latinoamericana en la dial\u00e9ctica del conflicto social, como fen\u00f3meno din\u00e1mico que interviene en el progreso y bienestar de la poblaci\u00f3n.<\/p>\n<p>En este marco, donde tambi\u00e9n se firm\u00f3 el Acuerdo Operativo de Colaboraci\u00f3n para la impartici\u00f3n del Diplomado, entre la directora de la Facultad de Ciencias Pol\u00edticas y Sociales de la UAEM, Ivett Tinoco Garc\u00eda, y la directora del Centro de An\u00e1lisis e Investigaci\u00f3n del Centro, Mar\u00eda G\u00f3mez Fox, Gasca Pliego puntualiz\u00f3 que tanto la UAEM como el Centro Fox comparten la convicci\u00f3n de que el progreso social, econ\u00f3mico y pol\u00edtico de la naci\u00f3n solamente puede ser promovido por personas altamente capacitadas, las cuales posean a su vez, una s\u00f3lida formaci\u00f3n en valores y vocaci\u00f3n de servicio.<\/p>\n","protected":false},"excerpt":{"rendered":"<p>A partir de enero de 2013, la Universidad Aut\u00f3noma del Estado de M\u00e9xico impartir\u00e1 en el Centro Fox el Diplomado en Democracia, Paz y Desarrollo, anunciaron el ex presidente de nuestro pa\u00eds, Vicente Fox Quesada, y el rector de la UAEM, Eduardo Gasca Pliego, durante la firma del Convenio General de Colaboraci\u00f3n signado entre ambas instancias.<\/p>\n","protected":false},"author":3,"featured_media":0,"comment_status":"open","ping_status":"open","sticky":false,"template":"","format":"standard","meta":{"_monsterinsights_skip_tracking":false,"_monsterinsights_sitenote_active":false,"_monsterinsights_sitenote_note":"","_monsterinsights_sitenote_category":0,"footnotes":""},"categories":[5],"tags":[2808,43675,11209,1491,5194],"class_list":["post-101000","post","type-post","status-publish","format-standard","hentry","category-estado-de-mexico","tag-centro-fox","tag-estado-de-mexico","tag-martha-sahagun-de-fox","tag-uaem","tag-vicente-fox-quesada"],"_links":{"self":[{"href":"https:\/\/www.diarioimagen.net\/index.php?rest_route=\/wp\/v2\/posts\/101000","targetHints":{"allow":["GET"]}}],"collection":[{"href":"https:\/\/www.diarioimagen.net\/index.php?rest_route=\/wp\/v2\/posts"}],"about":[{"href":"https:\/\/www.diarioimagen.net\/index.php?rest_route=\/wp\/v2\/types\/post"}],"author":[{"embeddable":true,"href":"https:\/\/www.diarioimagen.net\/index.php?rest_route=\/wp\/v2\/users\/3"}],"replies":[{"embeddable":true,"href":"https:\/\/www.diarioimagen.net\/index.php?rest_route=%2Fwp%2Fv2%2Fcomments&post=101000"}],"version-history":[{"count":0,"href":"https:\/\/www.diarioimagen.net\/index.php?rest_route=\/wp\/v2\/posts\/101000\/revisions"}],"wp:attachment":[{"href":"https:\/\/www.diarioimagen.net\/index.php?rest_route=%2Fwp%2Fv2%2Fmedia&parent=101000"}],"wp:term":[{"taxonomy":"category","embeddable":true,"href":"https:\/\/www.diarioimagen.net\/index.php?rest_route=%2Fwp%2Fv2%2Fcategories&post=101000"},{"taxonomy":"post_tag","embeddable":true,"href":"https:\/\/www.diarioimagen.net\/index.php?rest_route=%2Fwp%2Fv2%2Ftags&post=101000"}],"curies":[{"name":"wp","href":"https:\/\/api.w.org\/{rel}","templated":true}]}}