{"id":101004,"date":"2012-08-20T00:09:45","date_gmt":"2012-08-20T05:09:45","guid":{"rendered":"http:\/\/www.diarioimagen.net\/?p=101004"},"modified":"2012-08-20T02:48:03","modified_gmt":"2012-08-20T07:48:03","slug":"inaugura-eruviel-avila-obras-viales-por-435-mdp","status":"publish","type":"post","link":"https:\/\/www.diarioimagen.net\/?p=101004","title":{"rendered":"Inaugura Eruviel \u00c1vila obras viales por 435 mdp"},"content":{"rendered":"<h2>Arco Norte<\/h2>\n<h5>Jos\u00e9 Luis Monta\u00f1ez Aguilar<\/h5>\n<p>&nbsp;<\/p>\n<ul>\n<li><strong><em>Aplicar\u00e1n desde este lunes operativo Retorno a Clases<\/em><\/strong><\/li>\n<\/ul>\n<div id=\"attachment_101085\" style=\"width: 250px\" class=\"wp-caption alignleft\"><a class=\"highslide\" onclick=\"return vz.expand(this)\" href=\"http:\/\/www.diarioimagen.net\/wp-content\/uploads\/2012\/08\/eruviel-1918.jpg\"><img loading=\"lazy\" decoding=\"async\" aria-describedby=\"caption-attachment-101085\" class=\"size-medium wp-image-101085\" title=\"eruviel-1918\" src=\"http:\/\/www.diarioimagen.net\/wp-content\/uploads\/2012\/08\/eruviel-1918-240x134.jpg\" alt=\"\" width=\"240\" height=\"134\" \/><\/a><p id=\"caption-attachment-101085\" class=\"wp-caption-text\">El gobernador Eruviel \u00c1vila Villegas expres\u00f3 que su gobierno est\u00e1 trabajando para concretar planes transexenales, que incluyen proyectos para la construcci\u00f3n de una serie de circuitos que distribuyan mejor los flujos vehiculares de largo recorrido en el \u00e1rea metropolitana del Valle de Toluca.<\/p><\/div>\n<p>El gobernador Eruviel \u00c1vila Villegas inaugur\u00f3 el Circuito Metropolitano Exterior, que incluye ciclopista y alumbrado p\u00fablico de energ\u00eda solar y un puente vehicular en Paseo Tollocan, en los que se invirtieron 435 millones de pesos, lo que permitir\u00e1 mejorar la movilidad terrestre, acortando tiempos de traslado, en beneficio de la calidad de vida de los habitantes del Valle de Toluca. \u201cEste es un logro muy importante. Esas vialidades que hoy estamos formalmente inaugurando dan modernidad a la regi\u00f3n del Valle de Toluca, especialmente a Metepec, San Mateo Atenco, Chapultepec y Mexicaltzingo\u201d, se\u00f1al\u00f3. El Circuito Metropolitano Exterior, indic\u00f3 el titular del Ejecutivo estatal, cont\u00f3 con una inversi\u00f3n de 205 millones de pesos y tiene como objetivo soportar el crecimiento urbano y ordenar los flujos viales como una alternativa vial r\u00e1pida, segura y moderna para esta zona de la entidad. Eruviel \u00c1vila precis\u00f3 que el tramo construido es de 8.2 kil\u00f3metros de longitud, y se encuentra en funcionamiento desde febrero pasado, porque, aclar\u00f3, todas las obras se pondr\u00e1n en servicio una vez concluidas, aunque la ceremonia inaugural se lleve a cabo posteriormente. Acompa\u00f1ado del secretario de Comunicaciones, Apolinar Mena Vargas, y de los alcaldes de Metepec, Toluca y Chapultepec, Jaime Hern\u00e1ndez, Guillermo Legorreta y Pablo Castillo, respectivamente, indic\u00f3 que la vialidad tambi\u00e9n cuenta con carpeta de concreto hidr\u00e1ulico, se\u00f1alamiento vertical y horizontal, drenaje pluvial, liberaci\u00f3n del derecho de v\u00eda y obras inducidas. \u201cNuestra red de carreteras estatales libres de cuota, est\u00e1 compuesta por m\u00e1s de 4 mil 400 kil\u00f3metros. Somos el estado con m\u00e1s kil\u00f3metros de carreteras libres de peaje. M\u00e1s de 2 millones 200 mil veh\u00edculos las circulan diariamente\u201d.<\/p>\n<p align=\"center\"><strong>REGRESO A CLASES<\/strong><\/p>\n<p>La Secretar\u00eda de Seguridad Ciudadana (SSC) del gobierno del Estado de M\u00e9xico, aplicar\u00e1 desde las 6:00 horas de este lunes el operativo Retorno Escolar 2012, que tiene la finalidad de\u00a0procurar la seguridad de 3 millones 392 mil 300 alumnos de educaci\u00f3n b\u00e1sica que iniciar\u00e1n clases en el Estado de M\u00e9xico, y que contar\u00e1 con m\u00e1s de 8 mil elementos de esta dependencia, quienes tendr\u00e1n presencia en 23 mil planteles educativos y agilizar\u00e1n el tr\u00e1nsito en las principales vialidades del territorio mexiquense. De acuerdo con la Secretar\u00eda de Educaci\u00f3n estatal, este lunes ingresan a clases 586 mil 500 alumnos de preescolar,\u00a0m\u00e1s de un mill\u00f3n 970 mil de primaria y m\u00e1s de 835 mil 800 de secundaria, los cuales en su conjunto representan la matr\u00edcula escolar m\u00e1s grande del pa\u00eds.<\/p>\n<p><em><a href=\"mailto: montanezaguilar@gmail.com\" target=\"_blank\">montanezaguilar@gmail.com<\/a><\/em><\/p>\n","protected":false},"excerpt":{"rendered":"<p><span style=\"color: #005497;\"><strong>Jos\u00e9 Luis Monta\u00f1ez Aguilar<\/strong><\/span><br \/>\n<br \/>\nEl gobernador Eruviel \u00c1vila Villegas inaugur\u00f3 el Circuito Metropolitano Exterior, que incluye ciclopista y alumbrado p\u00fablico de energ\u00eda solar y un puente vehicular en Paseo Tollocan, en los que se invirtieron 435 millones de pesos, lo que permitir\u00e1 mejorar la movilidad terrestre, acortando tiempos de traslado, en beneficio de la calidad de vida de los habitantes del Valle de Toluca.<\/p>\n","protected":false},"author":3,"featured_media":0,"comment_status":"open","ping_status":"open","sticky":false,"template":"","format":"standard","meta":{"_monsterinsights_skip_tracking":false,"_monsterinsights_sitenote_active":false,"_monsterinsights_sitenote_note":"","_monsterinsights_sitenote_category":0,"footnotes":""},"categories":[5],"tags":[13284,1825,5828,43704,876,43674,6776],"class_list":["post-101004","post","type-post","status-publish","format-standard","hentry","category-estado-de-mexico","tag-arco-norte","tag-chapultepec","tag-eruviel-avila-villegas","tag-jose-luis-montanez-aguilar","tag-metepec","tag-opinion","tag-san-mateo-atenco"],"_links":{"self":[{"href":"https:\/\/www.diarioimagen.net\/index.php?rest_route=\/wp\/v2\/posts\/101004","targetHints":{"allow":["GET"]}}],"collection":[{"href":"https:\/\/www.diarioimagen.net\/index.php?rest_route=\/wp\/v2\/posts"}],"about":[{"href":"https:\/\/www.diarioimagen.net\/index.php?rest_route=\/wp\/v2\/types\/post"}],"author":[{"embeddable":true,"href":"https:\/\/www.diarioimagen.net\/index.php?rest_route=\/wp\/v2\/users\/3"}],"replies":[{"embeddable":true,"href":"https:\/\/www.diarioimagen.net\/index.php?rest_route=%2Fwp%2Fv2%2Fcomments&post=101004"}],"version-history":[{"count":0,"href":"https:\/\/www.diarioimagen.net\/index.php?rest_route=\/wp\/v2\/posts\/101004\/revisions"}],"wp:attachment":[{"href":"https:\/\/www.diarioimagen.net\/index.php?rest_route=%2Fwp%2Fv2%2Fmedia&parent=101004"}],"wp:term":[{"taxonomy":"category","embeddable":true,"href":"https:\/\/www.diarioimagen.net\/index.php?rest_route=%2Fwp%2Fv2%2Fcategories&post=101004"},{"taxonomy":"post_tag","embeddable":true,"href":"https:\/\/www.diarioimagen.net\/index.php?rest_route=%2Fwp%2Fv2%2Ftags&post=101004"}],"curies":[{"name":"wp","href":"https:\/\/api.w.org\/{rel}","templated":true}]}}