{"id":101204,"date":"2012-08-21T00:01:13","date_gmt":"2012-08-21T05:01:13","guid":{"rendered":"http:\/\/www.diarioimagen.net\/?p=101204"},"modified":"2012-08-22T02:45:55","modified_gmt":"2012-08-22T07:45:55","slug":"la-pura-simulacion","status":"publish","type":"post","link":"https:\/\/www.diarioimagen.net\/?p=101204","title":{"rendered":"La pura simulaci\u00f3n"},"content":{"rendered":"<h2>Pol\u00edtica Spot<\/h2>\n<h5>Juan Manuel Maga\u00f1a<\/h5>\n<p><span><br \/>\nAl principio como al final, a Calder\u00f3n y Elba Esther se les ve juntos en el mismo barco. Se cumplieron el uno al otro. Para ambos, el fraude tuvo sus privilegios.<\/span><\/p>\n<p>Frente a la poblaci\u00f3n se muestran con hipocres\u00eda y, por ejemplo, Calder\u00f3n pide a los cuatro vientos mantener el concurso magisterial de plazas en la pr\u00f3xima administraci\u00f3n.<\/p>\n<p>Habla como si eso mismo \u00e9l ya lo hubiera hecho. Como si no se tratara de una idea totalmente contraria a lo que hizo en el sexenio.<\/p>\n<p>Como si \u00e9l y Elba Esther no fueran un estorbo para esa y otras ideas relacionadas con la educaci\u00f3n.<\/p>\n<p>Como si no fuera \u00e9l responsable de que la educaci\u00f3n se pudriera este sexenio -no la Gordillo, \u00e9l- se pone a exhortar a los padres de familia y al sindicato a no dejar que los gobiernos guarden \u201cplacitas para sus cuates\u201d. \u00bfAcaso \u00e9l lo impidi\u00f3?<\/p>\n<p>Pura demagogia, puro enga\u00f1o, puro fomentar la ignorancia. Dice una nota que Calder\u00f3n pidi\u00f3 a los padres de familia, pero sobre todo al SNTE que \u201cpor el bien de M\u00e9xico\u201d no permita que en gobiernos por venir se d\u00e9 marcha atr\u00e1s en el concurso de las plazas de maestros.<\/p>\n<p>Pues \u201cpor el bien de M\u00e9xico\u201d lo permiti\u00f3 \u00e9l.<\/p>\n<p>Y todav\u00eda se puso a presumir como \u201clogros\u201d en materia educativa el concurso de plazas de maestros, los cambios en la carrera magisterial y la firma de la Alianza por la Calidad de la Educaci\u00f3n, adem\u00e1s de las reformas en la formaci\u00f3n de las escuelas normales. O sea, nada.<\/p>\n<p>Precisamente este lunes, millones de ni\u00f1os regresaron a la escuela. Pero de acuerdo con una nota de La Jornada, m\u00e1s de 4 millones 300 mil menores no llegar\u00e1n al preescolar, las primarias y las secundarias del pa\u00eds. \u00bfPor qu\u00e9?<\/p>\n<p>Por razones de pobreza y de exclusi\u00f3n social.\u00a0 La cifra equivale a la sexta parte del total de la matr\u00edcula de educaci\u00f3n b\u00e1sica, que asciende a 27.5 millones de alumnos. Pero se presume la \u201ccobertura universal\u201d.<\/p>\n<p>Y mientras, los maestros siguieron siendo este sexenio carne de asamblea, organizada para votar.<\/p>\n<p><em><a href=\"mailto: maganapalace@yahoo.com.mx\" target=\"_blank\">maganapalace@yahoo.com.mx<\/a><\/em><\/p>\n","protected":false},"excerpt":{"rendered":"<p><span style=\"color: #005497;\"><strong>Juan Manuel Maga\u00f1a<\/strong><\/span><\/p>\n","protected":false},"author":3,"featured_media":0,"comment_status":"open","ping_status":"open","sticky":false,"template":"","format":"standard","meta":{"_monsterinsights_skip_tracking":false,"_monsterinsights_sitenote_active":false,"_monsterinsights_sitenote_note":"","_monsterinsights_sitenote_category":0,"footnotes":""},"categories":[22905],"tags":[43709,44,43674,22904,2044],"class_list":["post-101204","post","type-post","status-publish","format-standard","hentry","category-juan-manuel-magana","tag-juan-manuel-magana","tag-mexico","tag-opinion","tag-politica-spot","tag-snte"],"_links":{"self":[{"href":"https:\/\/www.diarioimagen.net\/index.php?rest_route=\/wp\/v2\/posts\/101204","targetHints":{"allow":["GET"]}}],"collection":[{"href":"https:\/\/www.diarioimagen.net\/index.php?rest_route=\/wp\/v2\/posts"}],"about":[{"href":"https:\/\/www.diarioimagen.net\/index.php?rest_route=\/wp\/v2\/types\/post"}],"author":[{"embeddable":true,"href":"https:\/\/www.diarioimagen.net\/index.php?rest_route=\/wp\/v2\/users\/3"}],"replies":[{"embeddable":true,"href":"https:\/\/www.diarioimagen.net\/index.php?rest_route=%2Fwp%2Fv2%2Fcomments&post=101204"}],"version-history":[{"count":0,"href":"https:\/\/www.diarioimagen.net\/index.php?rest_route=\/wp\/v2\/posts\/101204\/revisions"}],"wp:attachment":[{"href":"https:\/\/www.diarioimagen.net\/index.php?rest_route=%2Fwp%2Fv2%2Fmedia&parent=101204"}],"wp:term":[{"taxonomy":"category","embeddable":true,"href":"https:\/\/www.diarioimagen.net\/index.php?rest_route=%2Fwp%2Fv2%2Fcategories&post=101204"},{"taxonomy":"post_tag","embeddable":true,"href":"https:\/\/www.diarioimagen.net\/index.php?rest_route=%2Fwp%2Fv2%2Ftags&post=101204"}],"curies":[{"name":"wp","href":"https:\/\/api.w.org\/{rel}","templated":true}]}}