{"id":101436,"date":"2012-08-22T00:06:00","date_gmt":"2012-08-22T05:06:00","guid":{"rendered":"http:\/\/www.diarioimagen.net\/?p=101436"},"modified":"2012-08-22T05:00:25","modified_gmt":"2012-08-22T10:00:25","slug":"congreso-mexiquense-avala-los-derechos-arco","status":"publish","type":"post","link":"https:\/\/www.diarioimagen.net\/?p=101436","title":{"rendered":"Congreso mexiquense avala los derechos \u201cARCO\u201d"},"content":{"rendered":"<ul>\n<li><em><strong>L\u00edmite a difusi\u00f3n de informaci\u00f3n<\/strong><\/em><\/li>\n<\/ul>\n<p>&nbsp;<\/p>\n<div id=\"attachment_101437\" style=\"width: 250px\" class=\"wp-caption alignleft\"><a class=\"highslide\" onclick=\"return vz.expand(this)\" href=\"http:\/\/www.diarioimagen.net\/wp-content\/uploads\/2012\/08\/arco-1920.jpg\"><img loading=\"lazy\" decoding=\"async\" aria-describedby=\"caption-attachment-101437\" class=\"size-medium wp-image-101437\" title=\"arco-1920\" src=\"http:\/\/www.diarioimagen.net\/wp-content\/uploads\/2012\/08\/arco-1920-240x147.jpg\" alt=\"\" width=\"240\" height=\"147\" \/><\/a><p id=\"caption-attachment-101437\" class=\"wp-caption-text\">Las direcciones y tel\u00e9fonos privados ser\u00e1n blindados en el Edomex, merced a las reformas hechas a la Ley de Protecci\u00f3n de Datos Personales<\/p><\/div>\n<p>Los mexiquenses, como titulares de su informaci\u00f3n privada, tienen derecho al acceso, rectificaci\u00f3n, cancelaci\u00f3n y oposici\u00f3n (ARCO) de la misma, de acuerdo a la Ley de Protecci\u00f3n de Datos Personales del Estado de M\u00e9xico, avalada recientemente por la LVII Legislatura local.<\/p>\n<p>Este ordenamiento estipula que el dato personal debe ser un l\u00edmite al acceso a la informaci\u00f3n y que la difusi\u00f3n de \u00e9ste s\u00f3lo debe realizarse cuando quede plenamente justificado el inter\u00e9s p\u00fablico por revelarlo.<\/p>\n<p>Tiene como finalidad proveer lo necesario para que toda persona pueda manifestar su oposici\u00f3n a determinado tratamiento, mediante procedimientos sencillos y expeditos, as\u00ed como promover la adopci\u00f3n de medidas de seguridad que garanticen la integralidad, disponibilidad y confidencialidad de los datos personales en posesi\u00f3n de autoridades.<\/p>\n<p>Son sujetos obligados de esta Ley: los tres poderes p\u00fablicos, los ayuntamientos, los \u00f3rganos y organismos aut\u00f3nomos, as\u00ed como los tribunales administrativos, cuyos responsables deber\u00e1n observar los principios de licitud, consentimiento, informaci\u00f3n, calidad, lealtad, finalidad, proporcionalidad y responsabilidad.<\/p>\n<p>Se deber\u00e1 poner a disposici\u00f3n de los titulares, previo al tratamiento de su informaci\u00f3n, un aviso de privacidad f\u00edsica, electr\u00f3nica o en cualquier otro formato generado por el responsable del sistema de datos personales.<\/p>\n<p>En cuanto a los derechos ARCO, son independientes; por lo que el ejercicio de cualquiera de ellos no es requisito previo ni impide el ejercicio de otro.<\/p>\n","protected":false},"excerpt":{"rendered":"<p>Los mexiquenses, como titulares de su informaci\u00f3n privada, tienen derecho al acceso, rectificaci\u00f3n, cancelaci\u00f3n y oposici\u00f3n (ARCO) de la misma, de acuerdo a la Ley de Protecci\u00f3n de Datos Personales del Estado de M\u00e9xico, avalada recientemente por la LVII Legislatura local.<\/p>\n","protected":false},"author":1,"featured_media":0,"comment_status":"open","ping_status":"open","sticky":false,"template":"","format":"standard","meta":{"_monsterinsights_skip_tracking":false,"_monsterinsights_sitenote_active":false,"_monsterinsights_sitenote_note":"","_monsterinsights_sitenote_category":0,"footnotes":""},"categories":[5],"tags":[43675,1752],"class_list":["post-101436","post","type-post","status-publish","format-standard","hentry","category-estado-de-mexico","tag-estado-de-mexico","tag-legislatura"],"_links":{"self":[{"href":"https:\/\/www.diarioimagen.net\/index.php?rest_route=\/wp\/v2\/posts\/101436","targetHints":{"allow":["GET"]}}],"collection":[{"href":"https:\/\/www.diarioimagen.net\/index.php?rest_route=\/wp\/v2\/posts"}],"about":[{"href":"https:\/\/www.diarioimagen.net\/index.php?rest_route=\/wp\/v2\/types\/post"}],"author":[{"embeddable":true,"href":"https:\/\/www.diarioimagen.net\/index.php?rest_route=\/wp\/v2\/users\/1"}],"replies":[{"embeddable":true,"href":"https:\/\/www.diarioimagen.net\/index.php?rest_route=%2Fwp%2Fv2%2Fcomments&post=101436"}],"version-history":[{"count":0,"href":"https:\/\/www.diarioimagen.net\/index.php?rest_route=\/wp\/v2\/posts\/101436\/revisions"}],"wp:attachment":[{"href":"https:\/\/www.diarioimagen.net\/index.php?rest_route=%2Fwp%2Fv2%2Fmedia&parent=101436"}],"wp:term":[{"taxonomy":"category","embeddable":true,"href":"https:\/\/www.diarioimagen.net\/index.php?rest_route=%2Fwp%2Fv2%2Fcategories&post=101436"},{"taxonomy":"post_tag","embeddable":true,"href":"https:\/\/www.diarioimagen.net\/index.php?rest_route=%2Fwp%2Fv2%2Ftags&post=101436"}],"curies":[{"name":"wp","href":"https:\/\/api.w.org\/{rel}","templated":true}]}}