{"id":101459,"date":"2012-08-22T00:01:01","date_gmt":"2012-08-22T05:01:01","guid":{"rendered":"http:\/\/www.diarioimagen.net\/?p=101459"},"modified":"2012-08-23T02:52:10","modified_gmt":"2012-08-23T07:52:10","slug":"presentan-programas-para-visitar-tierra-santa-en-cualquier-epoca-del-ano-y-en-distintos-puntos-de-interes","status":"publish","type":"post","link":"https:\/\/www.diarioimagen.net\/?p=101459","title":{"rendered":"Presentan programas para visitar Tierra Santa en cualquier \u00e9poca del a\u00f1o y en distintos puntos de inter\u00e9s"},"content":{"rendered":"<h2>De cinco estrellas<\/h2>\n<h5>Victoria Gonz\u00e1lez Prado<\/h5>\n<p>&nbsp;<\/p>\n<ul>\n<li><em><strong>En noviembre pr\u00f3ximo iniciar\u00e1 un nuevo vuelo entre Dallas, Texas y la ciudad de Puebla<\/strong><\/em><\/li>\n<li><em><strong>Bupa M\u00e9xico promueve el bienestar y la prevenci\u00f3n de enfermedades para vivir\u00a0vidas m\u00e1s largas y saludables<\/strong><\/em><\/li>\n<\/ul>\n<p>&nbsp;<\/p>\n<div id=\"attachment_101461\" style=\"width: 250px\" class=\"wp-caption alignleft\"><a class=\"highslide\" onclick=\"return vz.expand(this)\" href=\"http:\/\/www.diarioimagen.net\/wp-content\/uploads\/2012\/08\/turismo-1920.jpg\"><img loading=\"lazy\" decoding=\"async\" aria-describedby=\"caption-attachment-101461\" class=\"size-medium wp-image-101461\" title=\"turismo-1920\" src=\"http:\/\/www.diarioimagen.net\/wp-content\/uploads\/2012\/08\/turismo-1920-240x124.jpg\" alt=\"\" width=\"240\" height=\"124\" \/><\/a><p id=\"caption-attachment-101461\" class=\"wp-caption-text\">Alberto Porragas, Carlos Mackinlay, Judith Guerra y Guillermo Cumming.<\/p><\/div>\n<p>Viajar a Tierra Santa con circuitos especiales, detallados recorridos, altos niveles de servicio y la m\u00e1xima eficiencia, son algunos de los atributos de los viajes que fueron presentados a los agentes de viajes, con la intenci\u00f3n de promover el turismo religioso. <strong>Judith Guerra<\/strong>, directora general de <em>Consolid<\/em> M\u00e9xico; <strong>Guillermo Cumming<\/strong>, director general en M\u00e9xico de <em>Ornit <\/em>y <strong>Alberto Porragas<\/strong>, director para Delta Air France y KLM, presentaron a <strong>Haim Gutin<\/strong>, comisionado general de Promoci\u00f3n Tur\u00edstica de Israel para las Am\u00e9ricas, quien, al hacer uso de la palabra\u00a0 invit\u00f3 a conocer su pa\u00eds y mostr\u00f3 con un video algunas de las muchas actividades y sitios emblem\u00e1ticos de Tierra Santa. En su oportunidad, <strong>Judith Guerra<\/strong> destac\u00f3 la importancia de poder facilitar a las agencias de viajes propuestas de turismo religioso, organizadas de modo especial para quienes buscan no s\u00f3lo un destino tur\u00edstico, sino una experiencia de vida espiritual, humana y por supuesto cultural, por ello, en conjunto con <em>Ornit <\/em>han preparado estos programas religiosos que no s\u00f3lo ser\u00e1n un facilitador para que este segmento crezca, sino que tambi\u00e9n le dar\u00e1n al consumidor final la seguridad de adquirir un producto de calidad, que est\u00e1 respaldado por la experiencia de <em>Consolid <\/em>M\u00e9xico. Entre los invitados especiales que llegaron de Italia estuvieron Luca Poli, director general de <em>Marcelletti<\/em>; <strong>Alberico Peyron<\/strong>, presidente de la C\u00e1mara de Comercio Italiana en M\u00e9xico; <strong>Fabi\u00e1n Ya\u00f1ez<\/strong>, director general de la C\u00e1mara de Comercio de M\u00e9xico e Israel y <strong>Carlos Mackinlay<\/strong>, secretario de Turismo del Distrito Federal. De los programas y recorridos que ofrecen destacan los de ocho d\u00edas:\u00a0 Peregrinaci\u00f3n a Tierra Santa y Jordania, \u00a0 Roma y Tierra Santa, Peregrinaci\u00f3n a Tierra Santa, El Camino de Santiago (Franc\u00e9s) y El Camino de Santiago (Camino del <em>Nord<\/em>).<\/p>\n<p>\u2730\u2730\u2730\u2730\u2730\u00a0La aerol\u00ednea regional<strong> <\/strong>estadunidense <em>American Eagle,<\/em> subsidiaria de <em>American Airlines<\/em>, anunci\u00f3 que a partir del 15 de noviembre pr\u00f3ximo, operar\u00e1 un nuevo vuelo diario de Dallas, Texas, a la ciudad de Puebla. \u201cEstamos encantados de iniciar el servicio a Puebla desde nuestro centro de operaciones en Dallas\/Fort Worth\u201d. Este nuevo vuelo permitir\u00e1 a los clientes de Puebla conectarse a trav\u00e9s de esta puerta de entrada internacional clave para destinos en todo el mundo\u201d, dijo <strong>Charles Schubert<\/strong>, vicepresidente de Planificaci\u00f3n de Redes de <em>American Airlines. <\/em>El comunicado de prensa se\u00f1ala que el gobernador de Puebla, <strong>Rafael Moreno Valle<\/strong>, reconoci\u00f3 la visi\u00f3n de la aerol\u00ednea y su compromiso con esta nueva ruta, que sin duda promover\u00e1 a Puebla \u201ccomo un nuevo destino para el viajero de negocios y de placer\u201d. <em>American Eagle<\/em> operar\u00e1 la nueva ruta con aeronaves regionales <em>Embraer ERJ-140<\/em>, con capacidad para 44 pasajeros, que han permitido a las aerol\u00edneas estadunidenses establecer rutas hacia ciudades medianas y peque\u00f1as. La nueva ruta incrementa a seis el n\u00famero de ciudades mexicanas en las que opera.<\/p>\n<p>\u2730\u2730\u2730\u2730\u2730\u00a0Hoy en d\u00eda viajar<strong>, <\/strong>es uno de los principales atractivos y contar con un seguro de gastos m\u00e9dicos internacional es una de las mejores opciones que producen\u00a0 tranquilidad. <strong>Fabi\u00e1n Casaubon Garc\u00edn<\/strong>, director general en M\u00e9xico de Bupa, compa\u00f1\u00eda de seguros que naci\u00f3 en el Reino Unido, se\u00f1al\u00f3, en conferencia de prensa, las ventajas de los productos y la excelencia de servicio Bupa M\u00e9xico, as\u00ed como las iniciativas corporativas que promueven al ser su prop\u00f3sito fundamental ayudar a las personas a vivir vidas m\u00e1s largas y saludables. <strong>Casaubon<\/strong> dio<strong> <\/strong>a conocer los resultados del estudio internacional <em>Bupa Health Pulse<\/em> 2012, que revela tendencias y percepciones. La compa\u00f1\u00eda lleg\u00f3 a M\u00e9xico en 2003 y destaca por ser un seguro de gastos m\u00e9dicos mayores con ventajas a los asegurados como la libertad de elegir entre los mejores hospitales, m\u00e9dicos y tratamientos en M\u00e9xico, Estados Unidos y el resto del mundo. La Asociaci\u00f3n Mexicana de Instituciones de Seguros (AMIS) ha posicionado a Bupa M\u00e9xico como la compa\u00f1\u00eda de mayor crecimiento proporcional en el sector del seguro de gastos m\u00e9dicos mayores internacional durante los \u00faltimos tres a\u00f1os. Cabe se\u00f1alar que en los primeros seis meses de 2012\u00a0 Bupa M\u00e9xico increment\u00f3 sus ventas en un 42%, en un sector que creci\u00f3 un 10% gracias a su excelencia en el servicio, y una de las coberturas especializadas internacionales m\u00e1s amplias del mercado. <strong>Casaubon<\/strong> indic\u00f3 que Grupo Bupa, en ese mismo periodo aument\u00f3 sus ingresos por un total de 6 mil 560 millones de d\u00f3lares y m\u00e1s de 11 millones de asegurados en el mundo. Este a\u00f1o en M\u00e9xico consolid\u00f3 su presencia con la apertura de oficinas regionales en Guadalajara, Le\u00f3n, Monterrey, Puebla y la m\u00e1s reciente en M\u00e9rida y muy pronto en Tijuana. De los resultados del estudio de investigaci\u00f3n <em>Bupa Health Pulse <\/em>2012, estudio internacional, avalado por el <em>London School of Economics<\/em> y el <em>International Diabetes Federation<\/em>, examina los factores que m\u00e1s influyen en el comportamiento de las personas en relaci\u00f3n a su salud. En su primera fase sobre enfermedades cr\u00f3nicas, <em>Bupa Health Pulse<\/em> 2012 se\u00f1al\u00f3 importantes tendencias y percepciones sobre la diabetes y su incidencia en M\u00e9xico, aunque la diabetes es uno de los principales problemas de salud en el mundo, existe poco conocimiento. 366 millones de personas en el mundo padecen diabetes y para 2013 se espera que la cifra se incremente a 532 millones. En M\u00e9xico est\u00e1n mejor informadas sobre la diabetes y sus principales factores de riesgo. El 36% de los mexicanos consideran a la diabetes como un problema de salud, comparado con un promedio internacional de 19%. A nuestros asegurados, dijo <strong>Casaubon<\/strong>, \u201cles proveemos informaci\u00f3n que fomentan la prevenci\u00f3n de las enfermedades, ayudando a las personas a vivir vidas m\u00e1s largas, duraderas\u201d. El estudio se\u00f1ala tambi\u00e9n que en M\u00e9xico el conocimiento sobre los factores de riesgo que conducen a la diabetes como el sobrepeso y la predisposici\u00f3n gen\u00e9tica, es alto en comparaci\u00f3n a otros pa\u00edses como Brasil, India, China y Espa\u00f1a. Sin embargo, los mexicanos no est\u00e1n tomando las medidas necesarias para prevenirla. El 60% de las personas realizan menos de tres horas de actividad f\u00edsica a la semana, y aunque el 88%, se\u00f1ala el estudio, ha hecho cambios positivos para su salud en los \u00faltimos cinco a\u00f1os, s\u00f3lo un 48% logr\u00f3 adherirse a esos cambios a largo plazo. De igual forma, Bupa M\u00e9xico anunci\u00f3 el programa: <em>\u201cWell World\u201d<\/em> y sus iniciativas <em>Bupa Global Challenge, <\/em>iniciativa internacional que ayuda a promover los beneficios de un estilo de vida activo, movilizando a miles de personas en todo el mundo. Este a\u00f1o, Bupa M\u00e9xico se unir\u00e1 a la iniciativa con una carrera \u201cCaminar es Especial\u201d en el Bosque de Chapultepec. El evento reunir\u00e1 a empleados, agentes, familiares y amigos, que compartir\u00e1n la jornada con ni\u00f1os y personas con discapacidad intelectual que dentro de su categor\u00eda son atletas de alto rendimiento. \u201c<em>Well World<\/em> es nuestra clave para ayudar a las personas a ser saludables y cuidar el planeta por medio de la prevenci\u00f3n y promover los beneficios de una vida activa y saludable\u201d, dijo <strong>Casaubon<\/strong>. De la informaci\u00f3n relevante de los estudios realizados, se asegur\u00f3 que solo 36% de las personas tiene conciencia de la diabetes, 24% tiene problemas de coraz\u00f3n, 15% demencia, 8% derrame cerebral. El 48% de los encuestados con sobrepeso tienen un \u00edndice corporal de grasa de m\u00e1s de 25% y el 60% de las personas entre los 18 y 55 a\u00f1os de edad realiza menos de media hora de ejercicio. Acompa\u00f1aron a <strong>Fabi\u00e1n Casaubon<\/strong> en la presentaci\u00f3n, <strong>Jaime Nagano Malag\u00f3n<\/strong>, director nacional de Ventas; <strong>Beatriz Guerrero<\/strong>, directora de Comunicaciones en Latinoam\u00e9rica y el Caribe; Alfonso Lara, asesor m\u00e9dico y Alberto Estua, gerente de Mercadeo.<\/p>\n<p><em><a href=\"mailto:victoriagprado@gmail.com\" target=\"_blank\">victoriagprado@gmail.com<\/a><\/em><\/p>\n","protected":false},"excerpt":{"rendered":"<p>Viajar a Tierra Santa con circuitos especiales, detallados recorridos, altos niveles de servicio y la m\u00e1xima eficiencia, son algunos de los atributos de los viajes que fueron presentados a los agentes de viajes, con la intenci\u00f3n de promover el turismo religioso. Judith Guerra, directora general de Consolid M\u00e9xico; Guillermo Cumming, director general en M\u00e9xico de Ornit y Alberto Porragas, director para Delta Air France y KLM, presentaron a Haim Gutin, comisionado general de Promoci\u00f3n Tur\u00edstica de Israel para las Am\u00e9ricas, quien, al hacer uso de la palabra  invit\u00f3 a conocer su pa\u00eds y mostr\u00f3 con un video algunas de las muchas actividades y sitios emblem\u00e1ticos de Tierra Santa. <\/p>\n","protected":false},"author":1,"featured_media":0,"comment_status":"open","ping_status":"open","sticky":false,"template":"","format":"standard","meta":{"_monsterinsights_skip_tracking":false,"_monsterinsights_sitenote_active":false,"_monsterinsights_sitenote_note":"","_monsterinsights_sitenote_category":0,"footnotes":""},"categories":[11],"tags":[107,43681,106],"class_list":["post-101459","post","type-post","status-publish","format-standard","hentry","category-turismo","tag-de-cinco-estrellas","tag-turismo","tag-victoria-gonzalez-prado"],"_links":{"self":[{"href":"https:\/\/www.diarioimagen.net\/index.php?rest_route=\/wp\/v2\/posts\/101459","targetHints":{"allow":["GET"]}}],"collection":[{"href":"https:\/\/www.diarioimagen.net\/index.php?rest_route=\/wp\/v2\/posts"}],"about":[{"href":"https:\/\/www.diarioimagen.net\/index.php?rest_route=\/wp\/v2\/types\/post"}],"author":[{"embeddable":true,"href":"https:\/\/www.diarioimagen.net\/index.php?rest_route=\/wp\/v2\/users\/1"}],"replies":[{"embeddable":true,"href":"https:\/\/www.diarioimagen.net\/index.php?rest_route=%2Fwp%2Fv2%2Fcomments&post=101459"}],"version-history":[{"count":0,"href":"https:\/\/www.diarioimagen.net\/index.php?rest_route=\/wp\/v2\/posts\/101459\/revisions"}],"wp:attachment":[{"href":"https:\/\/www.diarioimagen.net\/index.php?rest_route=%2Fwp%2Fv2%2Fmedia&parent=101459"}],"wp:term":[{"taxonomy":"category","embeddable":true,"href":"https:\/\/www.diarioimagen.net\/index.php?rest_route=%2Fwp%2Fv2%2Fcategories&post=101459"},{"taxonomy":"post_tag","embeddable":true,"href":"https:\/\/www.diarioimagen.net\/index.php?rest_route=%2Fwp%2Fv2%2Ftags&post=101459"}],"curies":[{"name":"wp","href":"https:\/\/api.w.org\/{rel}","templated":true}]}}