{"id":101485,"date":"2012-08-23T00:09:46","date_gmt":"2012-08-23T05:09:46","guid":{"rendered":"http:\/\/www.diarioimagen.net\/?p=101485"},"modified":"2012-08-23T02:25:06","modified_gmt":"2012-08-23T07:25:06","slug":"seran-por-ley-los-apoyos-a-bomberos-mexiquenses","status":"publish","type":"post","link":"https:\/\/www.diarioimagen.net\/?p=101485","title":{"rendered":"Ser\u00e1n por ley los apoyos a bomberos mexiquenses"},"content":{"rendered":"<ul>\n<li><strong><em>Eruviel \u00c1vila Villegas otorg\u00f3 tres mil pesos a los mil 500 vulcanos del Edomex, con quienes convivi\u00f3 en un desayuno<\/em><\/strong><em><\/em><\/li>\n<\/ul>\n<div id=\"attachment_101538\" style=\"width: 250px\" class=\"wp-caption alignleft\"><a class=\"highslide\" onclick=\"return vz.expand(this)\" href=\"http:\/\/www.diarioimagen.net\/wp-content\/uploads\/2012\/08\/eruviel-1921.jpg\"><img loading=\"lazy\" decoding=\"async\" aria-describedby=\"caption-attachment-101538\" class=\"size-medium wp-image-101538\" title=\"eruviel-1921\" src=\"http:\/\/www.diarioimagen.net\/wp-content\/uploads\/2012\/08\/eruviel-1921-240x157.jpg\" alt=\"\" width=\"240\" height=\"157\" \/><\/a><p id=\"caption-attachment-101538\" class=\"wp-caption-text\">El gobernador Eruviel \u00c1vila Villegas coloc\u00f3 ayer la primera piedra de la estaci\u00f3n de vulcanos en este municipio y anunci\u00f3 una iniciativa de ley para establecer por ley los est\u00edmulos y fondos de apoyo a bomberos ca\u00eddos y en funciones.<\/p><\/div>\n<p><strong>El Oro, Estado de M\u00e9xico<\/strong>.- El gobernador Eruviel \u00c1vila Villegas anunci\u00f3 una iniciativa para establecer por ley est\u00edmulos por desempe\u00f1o, programas de ascenso, mejora de equipamiento, homologaci\u00f3n de salarios y fondos de apoyo a bomberos ca\u00eddos y en funciones, adem\u00e1s de entregar bonos especiales por 3 mil pesos a los mil 500 mexiquenses dedicados a esa labor y dar a conocer un fideicomiso de apoyo a los deudos de quienes pierdan la vida en servicio.<\/p>\n<p>\u201cMejorar la infraestructura es importante, pero valorar a los seres humanos, a quienes entregan su vida y dan lo mejor de s\u00ed para que este servicio sea posible, homenajear a los ca\u00eddos o a los afectados al cumplir su deber, as\u00ed como buscar mecanismos para mejorar la calidad de vida de quienes cumplen una labor tan noble, es hacer justicia a quienes dan su vida, dan lo mejor para la sociedad,\u201d afirm\u00f3.<\/p>\n<p>Al convivir con bomberos de todas las regiones de la entidad, con motivo del D\u00eda Nacional del Bombero, despu\u00e9s de colocar la primera piedra de la estaci\u00f3n de vulcanos en este municipio, el Ejecutivo estatal los felicit\u00f3 y dijo que su labor debe ser reconocida todos los d\u00edas, ya que arriesgan su vida para proteger a quienes se encuentren en situaciones de peligro.<\/p>\n<p>Ante personal de protecci\u00f3n civil, inform\u00f3 que se edificar\u00e1n cuatro estaciones de bomberos en igual n\u00famero de municipios, m\u00e1s la que este mismo d\u00eda se inaugur\u00f3 en Ecatepec y la que aqu\u00ed ser\u00e1 construida, que, con una inversi\u00f3n de 15 millones de pesos y para el servicio de 50 comunidades, dispondr\u00e1 de \u00e1rea administrativa, cancha de basquetbol, gimnasio, auditorio, cocina, comedor, sanitarios, vestidores, dormitorios, cercado perimetral, cisterna y estacionamiento.<\/p>\n<p>Luego de guardar un minuto de silencio, como homenaje a los bomberos que perdieron la vida en cumplimiento de su deber, el gobernador entreg\u00f3 un reconocimiento y un cheque de 50 mil pesos a familiares de Pablo Emmanuel S\u00e1nchez, elemento ca\u00eddo en servicio en julio pasado, as\u00ed como al bombero Jos\u00e9 Manuel Rojas, quien result\u00f3 lesionado en un siniestro y qued\u00f3 incapacitado.<\/p>\n<p>Eruviel \u00c1vila apunt\u00f3 que, por primera vez, se entrega el bono especial a todos los bomberos de la entidad, para lo cual se asignaron 4.5 millones de pesos, mientras que para los integrantes de la Direcci\u00f3n de Protecci\u00f3n Civil y de los cuerpos de bomberos del estado ca\u00eddos en funciones, se integrar\u00e1 un fondo de 10 millones de pesos, 50 por ciento aportado por el gobierno estatal y 50 por los ayuntamientos, a lo que su administraci\u00f3n agregar\u00e1 un peso por cada uno de parte de las municipios.<\/p>\n<p>Inform\u00f3 que presentar\u00e1 otra iniciativa a la legislatura para derogar el art\u00edculo 23 del C\u00f3digo Financiero, para simplificar los tr\u00e1mites para acceder a los cursos que se imparten en el Centro de Capacitaci\u00f3n y Adiestramiento de Tec\u00e1mac.<\/p>\n<p>El comandante de los bomberos de Naucalpan y delegado de la Asociaci\u00f3n Mexicana de Jefes de Bomberos, Ram\u00f3n L\u00f3pez Hern\u00e1ndez, solicit\u00f3 mejorar las condiciones laborales de sus compa\u00f1eros, ya que cada vez que salen a trabajar arriesgan su vida y con ello ponen en riesgo la integridad de sus familias.<\/p>\n","protected":false},"excerpt":{"rendered":"<p> El gobernador Eruviel \u00c1vila Villegas anunci\u00f3 una iniciativa para establecer por ley est\u00edmulos por desempe\u00f1o, programas de ascenso, mejora de equipamiento, homologaci\u00f3n de salarios y fondos de apoyo a bomberos ca\u00eddos y en funciones, adem\u00e1s de entregar bonos especiales por 3 mil pesos a los mil 500 mexiquenses dedicados a esa labor y dar a conocer un fideicomiso de apoyo a los deudos de quienes pierdan la vida en servicio.<\/p>\n","protected":false},"author":3,"featured_media":0,"comment_status":"open","ping_status":"open","sticky":false,"template":"","format":"standard","meta":{"_monsterinsights_skip_tracking":false,"_monsterinsights_sitenote_active":false,"_monsterinsights_sitenote_note":"","_monsterinsights_sitenote_category":0,"footnotes":""},"categories":[5],"tags":[6709,5828,43675],"class_list":["post-101485","post","type-post","status-publish","format-standard","hentry","category-estado-de-mexico","tag-el-oro","tag-eruviel-avila-villegas","tag-estado-de-mexico"],"_links":{"self":[{"href":"https:\/\/www.diarioimagen.net\/index.php?rest_route=\/wp\/v2\/posts\/101485","targetHints":{"allow":["GET"]}}],"collection":[{"href":"https:\/\/www.diarioimagen.net\/index.php?rest_route=\/wp\/v2\/posts"}],"about":[{"href":"https:\/\/www.diarioimagen.net\/index.php?rest_route=\/wp\/v2\/types\/post"}],"author":[{"embeddable":true,"href":"https:\/\/www.diarioimagen.net\/index.php?rest_route=\/wp\/v2\/users\/3"}],"replies":[{"embeddable":true,"href":"https:\/\/www.diarioimagen.net\/index.php?rest_route=%2Fwp%2Fv2%2Fcomments&post=101485"}],"version-history":[{"count":0,"href":"https:\/\/www.diarioimagen.net\/index.php?rest_route=\/wp\/v2\/posts\/101485\/revisions"}],"wp:attachment":[{"href":"https:\/\/www.diarioimagen.net\/index.php?rest_route=%2Fwp%2Fv2%2Fmedia&parent=101485"}],"wp:term":[{"taxonomy":"category","embeddable":true,"href":"https:\/\/www.diarioimagen.net\/index.php?rest_route=%2Fwp%2Fv2%2Fcategories&post=101485"},{"taxonomy":"post_tag","embeddable":true,"href":"https:\/\/www.diarioimagen.net\/index.php?rest_route=%2Fwp%2Fv2%2Ftags&post=101485"}],"curies":[{"name":"wp","href":"https:\/\/api.w.org\/{rel}","templated":true}]}}