{"id":102146,"date":"2012-08-29T00:01:58","date_gmt":"2012-08-29T05:01:58","guid":{"rendered":"http:\/\/www.diarioimagen.net\/?p=102146"},"modified":"2012-08-30T01:52:30","modified_gmt":"2012-08-30T06:52:30","slug":"tribunal-ni-antes-ni-despues","status":"publish","type":"post","link":"https:\/\/www.diarioimagen.net\/?p=102146","title":{"rendered":"Tribunal: ni antes ni despu\u00e9s"},"content":{"rendered":"<h2>Pol\u00edtica Spot<\/h2>\n<h5>Juan Manuel Maga\u00f1a<\/h5>\n<p><span><br \/>\nEl presidente del Tribunal Electoral, Alejandro Luna Ramos, ha anunciado que la calificaci\u00f3n de la elecci\u00f3n presidencial se realizar\u00e1 dentro de la fecha l\u00edmite que marca la ley.<\/span><\/p>\n<p>Dijo: \u201cel t\u00e9rmino para realizar el c\u00f3mputo final y la calificaci\u00f3n de la elecci\u00f3n presidencial vence el pr\u00f3ximo 6 de septiembre\u201d<\/p>\n<p>Como dir\u00eda el cl\u00e1sico pri\u00edsta: ni antes ni despu\u00e9s.<\/p>\n<p>Lo que est\u00e1 haciendo el tribunal es mandar un mensaje de independencia frente a las presiones de tirios y troyanos.\u00a0 Ser\u00e1 en sus tiempos, en lo de nadie m\u00e1s, en que habr\u00e1 de decidir sobre las presidenciales.<\/p>\n<p>De este modo no cede a las pretensiones del aun senador pri\u00edsta Beltrones, a quien urg\u00eda que los magistrados adelantaran todo lo que se pudiera su decisi\u00f3n final, pues para \u00e9l el asunto est\u00e1 m\u00e1s que cocinado en la forma num\u00e9rica en que el IFE anunci\u00f3 qui\u00e9n tuvo la ventaja.<\/p>\n<p>Tampoco el tribunal accedi\u00f3 a la petici\u00f3n de los del Movimiento Progresista de que alarguen el tiempo de an\u00e1lisis de las pruebas, puesto que hace 15 d\u00edas interpusieron una apelaci\u00f3n para que se ordene al IFE la realizaci\u00f3n de un procedimiento extraordinario de fiscalizaci\u00f3n a los gastos de campa\u00f1a de Pe\u00f1a Nieto.<\/p>\n<p align=\"center\"><strong>No antes, no despu\u00e9s.<\/strong><\/p>\n<p>Luna Ramos habl\u00f3 tambi\u00e9n de la solicitud de anular la elecci\u00f3n presidencial.<\/p>\n<p>Este juicio ser\u00e1 analizado por el pleno de la Sala Superior, a partir del proyecto de dictamen de c\u00f3mputo final y de calificaci\u00f3n de la elecci\u00f3n presidencial, es decir, de validez o nulidad de la misma.<\/p>\n<p>Por cierto, los integrantes de esta comisi\u00f3n,\u00a0 los magistrados Constancio Carrasco Daza, Flavio Galv\u00e1n Rivera y Salvador Nava Gomar han concluido ya el proyecto de sentencia del llamado \u201cjuicio madre\u201d, con base en el cual la coalici\u00f3n Movimiento Progresista pide la invalidez de estos comicios.<\/p>\n<p>Este proyecto de resoluci\u00f3n del Juicio de Inconformidad 359 fue entregado ya para su an\u00e1lisis al resto de los magistrados de la Sala Superior del Tribunal Electoral.<\/p>\n<p>El art\u00edculo 58 de la Ley General del Sistema de Medios de Impugnaci\u00f3n en Materia Electoral indica al respecto otro plazo interesante: que los juicios de inconformidad relativos a esta elecci\u00f3n deber\u00e1n quedar resueltos \u201ca m\u00e1s tardar el 31 de agosto\u201d.<\/p>\n<p>Ni antes ni despu\u00e9s, el tribunal se toma su tiempo. Lo que vaya\u00a0 a decidir no tiene por qu\u00e9 ser apurado ni pospuesto. Eso es lo que nos est\u00e1 diciendo.<\/p>\n<p><em><a href=\"mailto: maganapalace@yahoo.com.mx\" target=\"_blank\">maganapalace@yahoo.com.mx<\/a><\/em><\/p>\n","protected":false},"excerpt":{"rendered":"<p><span style=\"color: #005497;\"><strong>Juan Manuel Maga\u00f1a<\/strong><\/span><\/p>\n","protected":false},"author":3,"featured_media":0,"comment_status":"open","ping_status":"open","sticky":false,"template":"","format":"standard","meta":{"_monsterinsights_skip_tracking":false,"_monsterinsights_sitenote_active":false,"_monsterinsights_sitenote_note":"","_monsterinsights_sitenote_category":0,"footnotes":""},"categories":[22905],"tags":[19418,1843,43709,8606,43674,22904,1666],"class_list":["post-102146","post","type-post","status-publish","format-standard","hentry","category-juan-manuel-magana","tag-alejandro-luna-ramos","tag-ife","tag-juan-manuel-magana","tag-manlio-fabio-beltrones-rivera","tag-opinion","tag-politica-spot","tag-tribunal-electoral"],"_links":{"self":[{"href":"https:\/\/www.diarioimagen.net\/index.php?rest_route=\/wp\/v2\/posts\/102146","targetHints":{"allow":["GET"]}}],"collection":[{"href":"https:\/\/www.diarioimagen.net\/index.php?rest_route=\/wp\/v2\/posts"}],"about":[{"href":"https:\/\/www.diarioimagen.net\/index.php?rest_route=\/wp\/v2\/types\/post"}],"author":[{"embeddable":true,"href":"https:\/\/www.diarioimagen.net\/index.php?rest_route=\/wp\/v2\/users\/3"}],"replies":[{"embeddable":true,"href":"https:\/\/www.diarioimagen.net\/index.php?rest_route=%2Fwp%2Fv2%2Fcomments&post=102146"}],"version-history":[{"count":0,"href":"https:\/\/www.diarioimagen.net\/index.php?rest_route=\/wp\/v2\/posts\/102146\/revisions"}],"wp:attachment":[{"href":"https:\/\/www.diarioimagen.net\/index.php?rest_route=%2Fwp%2Fv2%2Fmedia&parent=102146"}],"wp:term":[{"taxonomy":"category","embeddable":true,"href":"https:\/\/www.diarioimagen.net\/index.php?rest_route=%2Fwp%2Fv2%2Fcategories&post=102146"},{"taxonomy":"post_tag","embeddable":true,"href":"https:\/\/www.diarioimagen.net\/index.php?rest_route=%2Fwp%2Fv2%2Ftags&post=102146"}],"curies":[{"name":"wp","href":"https:\/\/api.w.org\/{rel}","templated":true}]}}