{"id":102175,"date":"2012-08-29T00:06:15","date_gmt":"2012-08-29T05:06:15","guid":{"rendered":"http:\/\/www.diarioimagen.net\/?p=102175"},"modified":"2012-08-29T03:04:47","modified_gmt":"2012-08-29T08:04:47","slug":"atrapan-celula-delictiva-y-confiesa-20-asesinatos","status":"publish","type":"post","link":"https:\/\/www.diarioimagen.net\/?p=102175","title":{"rendered":"Atrapan c\u00e9lula delictiva y confiesa 20 asesinatos"},"content":{"rendered":"<ul>\n<li><strong><em>Integrada por nueve personas<\/em><\/strong><\/li>\n<\/ul>\n<div id=\"attachment_102236\" style=\"width: 250px\" class=\"wp-caption alignleft\"><a class=\"highslide\" onclick=\"return vz.expand(this)\" href=\"http:\/\/www.diarioimagen.net\/wp-content\/uploads\/2012\/08\/seguridad-1952.jpg\"><img loading=\"lazy\" decoding=\"async\" aria-describedby=\"caption-attachment-102236\" class=\"size-medium wp-image-102236\" title=\"seguridad-1952\" src=\"http:\/\/www.diarioimagen.net\/wp-content\/uploads\/2012\/08\/seguridad-1952-240x143.jpg\" alt=\"\" width=\"240\" height=\"143\" \/><\/a><p id=\"caption-attachment-102236\" class=\"wp-caption-text\">Jorge Domen\u00e9 Zambrano, vocero del gobierno de Nuevo Le\u00f3n.<\/p><\/div>\n<p><strong>Monterrey, Nuevo Le\u00f3n<\/strong>.- Una c\u00e9lula delictiva que operaba en Escobedo y San Nicol\u00e1s de los Garza y presuntamente responsable de al menos 20 homicidios fue presentada en la Agencia Estatal de Investigaciones (AEI).<\/p>\n<p>En conferencia de prensa el vocero de Seguridad en la entidad, Jorge Domene Zambrano, inform\u00f3 que la Unidad Antisecuestros de la Procuradur\u00eda General de Justicia del Estado (PGJE) logr\u00f3 la captura de nueve personas, entre ellas dos mujeres y un menor de edad.<\/p>\n<p>\u201cSon una banda de integrantes del crimen organizado del grupo de \u201cLos Zetas\u201d que operaban que operaba en Escobedo, San Nicol\u00e1s y el municipio de Sabinas Hidalgo\u201d, indic\u00f3 el tambi\u00e9n coordinador general de Comunicaci\u00f3n Social del gobierno de Nuevo Le\u00f3n.<\/p>\n<p>\u201cEsta peligrosa banda se encuentra confesa de por lo menos 20 homicidios, algunos de ellos por no pagar la exigencia econ\u00f3mica al ser v\u00edctimas de un secuestro, adem\u00e1s de delitos como el halconeo, robo de veh\u00edculos y cobro de cuotas a comerciantes\u201d.<\/p>\n<p>Entre los detenidos est\u00e1 Carlos Oth\u00f3n Rodr\u00edguez Garza \u201cEl Chivo\u201d, de 22 a\u00f1os y ex polic\u00eda, quien trabajaba como halc\u00f3n (esp\u00eda) desde que pertenec\u00eda a la corporaci\u00f3n policiaca de Escobedo.<\/p>\n<p>Luego de ser dado de baja de la Polic\u00eda, Rodr\u00edguez Garza robaba camionetas de reciente modelo para entreg\u00e1rselas a Hilario Guadalupe Reyna Cuevas, tambi\u00e9n llamado \u201cel Vago\u201d y quien fue detenido el mes pasado, detall\u00f3 el funcionario estatal.<\/p>\n","protected":false},"excerpt":{"rendered":"<p> Una c\u00e9lula delictiva que operaba en Escobedo y San Nicol\u00e1s de los Garza y presuntamente responsable de al menos 20 homicidios fue presentada en la Agencia Estatal de Investigaciones (AEI).<\/p>\n","protected":false},"author":3,"featured_media":0,"comment_status":"open","ping_status":"open","sticky":false,"template":"","format":"standard","meta":{"_monsterinsights_skip_tracking":false,"_monsterinsights_sitenote_active":false,"_monsterinsights_sitenote_note":"","_monsterinsights_sitenote_category":0,"footnotes":""},"categories":[7],"tags":[2015,45,1075,43677],"class_list":["post-102175","post","type-post","status-publish","format-standard","hentry","category-seguridad","tag-monterrey","tag-nuevo-leon","tag-pgje","tag-seguridad"],"_links":{"self":[{"href":"https:\/\/www.diarioimagen.net\/index.php?rest_route=\/wp\/v2\/posts\/102175","targetHints":{"allow":["GET"]}}],"collection":[{"href":"https:\/\/www.diarioimagen.net\/index.php?rest_route=\/wp\/v2\/posts"}],"about":[{"href":"https:\/\/www.diarioimagen.net\/index.php?rest_route=\/wp\/v2\/types\/post"}],"author":[{"embeddable":true,"href":"https:\/\/www.diarioimagen.net\/index.php?rest_route=\/wp\/v2\/users\/3"}],"replies":[{"embeddable":true,"href":"https:\/\/www.diarioimagen.net\/index.php?rest_route=%2Fwp%2Fv2%2Fcomments&post=102175"}],"version-history":[{"count":0,"href":"https:\/\/www.diarioimagen.net\/index.php?rest_route=\/wp\/v2\/posts\/102175\/revisions"}],"wp:attachment":[{"href":"https:\/\/www.diarioimagen.net\/index.php?rest_route=%2Fwp%2Fv2%2Fmedia&parent=102175"}],"wp:term":[{"taxonomy":"category","embeddable":true,"href":"https:\/\/www.diarioimagen.net\/index.php?rest_route=%2Fwp%2Fv2%2Fcategories&post=102175"},{"taxonomy":"post_tag","embeddable":true,"href":"https:\/\/www.diarioimagen.net\/index.php?rest_route=%2Fwp%2Fv2%2Ftags&post=102175"}],"curies":[{"name":"wp","href":"https:\/\/api.w.org\/{rel}","templated":true}]}}