{"id":102621,"date":"2012-09-01T00:01:17","date_gmt":"2012-09-01T05:01:17","guid":{"rendered":"http:\/\/www.diarioimagen.net\/?p=102621"},"modified":"2012-09-03T01:51:26","modified_gmt":"2012-09-03T06:51:26","slug":"el-gasto-inutil","status":"publish","type":"post","link":"https:\/\/www.diarioimagen.net\/?p=102621","title":{"rendered":"El gasto in\u00fatil"},"content":{"rendered":"<h2>Pol\u00edtica Spot<\/h2>\n<h5>Juan Manuel Maga\u00f1a<\/h5>\n<p><span><br \/>\nEste s\u00ed que ha sido dinero tirado a la basura. Y es inmoral.<\/span><\/p>\n<p>El diario<em> El Universal<\/em> public\u00f3 hace unos d\u00edas que el gobierno de Felipe Calder\u00f3n erog\u00f3 20 mil 501 millones 987 mil pesos en gastos de publicidad, propaganda y medios de comunicaci\u00f3n en lo que va de su sexenio.<\/p>\n<p>Y todo eso de qu\u00e9 sirvi\u00f3. Y <em>nom\u00e1s<\/em> preg\u00fantense qui\u00e9n, de ese monto, se llev\u00f3 la tajada de le\u00f3n.<\/p>\n<p>Se dice en la informaci\u00f3n que ese monto \u00absupera al ejercido por el ex presidente Vicente Fox (2000-2006), quien gast\u00f3 en su sexenio la cantidad de 14 mil 600 millones 601 mil pesos\u00bb.<\/p>\n<p>Y todo para salir mal en las encuestas y en las elecciones. Todo para mentir, proyectar una imagen falsa y todo a costa de la miseria de muchos.<\/p>\n<p>\u00bfEst\u00e1 el pa\u00eds para eso?<\/p>\n<p>La nota establece una comparaci\u00f3n interesante cuando dice que eso que gast\u00f3 Calder\u00f3n es casi lo mismo que tiene como presupuesto la UNAM.<\/p>\n<p>Expl\u00edquenselo a los estudiantes y a los que se han quedado sin poder entrar a la universidad.<\/p>\n<p>Otra comparaci\u00f3n dice que en los a\u00f1os 2008 y 2009, Calder\u00f3n gast\u00f3 en \u00abcomunicaci\u00f3n\u00bb -habr\u00eda que decir manipulaci\u00f3n- cuatro veces m\u00e1s que Canad\u00e1, tres que Espa\u00f1a y dos m\u00e1s que Argentina y Francia.<\/p>\n<p>Otro mundo. Bastante inmoral.<\/p>\n<p><em><a href=\"mailto: maganapalace@yahoo.com.mx\" target=\"_blank\">maganapalace@yahoo.com.mx<\/a><\/em><\/p>\n","protected":false},"excerpt":{"rendered":"<p><span style=\"color: #005497;\"><strong>Juan Manuel Maga\u00f1a<\/strong><\/span><\/p>\n","protected":false},"author":1,"featured_media":0,"comment_status":"open","ping_status":"open","sticky":false,"template":"","format":"standard","meta":{"_monsterinsights_skip_tracking":false,"_monsterinsights_sitenote_active":false,"_monsterinsights_sitenote_note":"","_monsterinsights_sitenote_category":0,"footnotes":""},"categories":[22905],"tags":[43709,43674,22904],"class_list":["post-102621","post","type-post","status-publish","format-standard","hentry","category-juan-manuel-magana","tag-juan-manuel-magana","tag-opinion","tag-politica-spot"],"_links":{"self":[{"href":"https:\/\/www.diarioimagen.net\/index.php?rest_route=\/wp\/v2\/posts\/102621","targetHints":{"allow":["GET"]}}],"collection":[{"href":"https:\/\/www.diarioimagen.net\/index.php?rest_route=\/wp\/v2\/posts"}],"about":[{"href":"https:\/\/www.diarioimagen.net\/index.php?rest_route=\/wp\/v2\/types\/post"}],"author":[{"embeddable":true,"href":"https:\/\/www.diarioimagen.net\/index.php?rest_route=\/wp\/v2\/users\/1"}],"replies":[{"embeddable":true,"href":"https:\/\/www.diarioimagen.net\/index.php?rest_route=%2Fwp%2Fv2%2Fcomments&post=102621"}],"version-history":[{"count":0,"href":"https:\/\/www.diarioimagen.net\/index.php?rest_route=\/wp\/v2\/posts\/102621\/revisions"}],"wp:attachment":[{"href":"https:\/\/www.diarioimagen.net\/index.php?rest_route=%2Fwp%2Fv2%2Fmedia&parent=102621"}],"wp:term":[{"taxonomy":"category","embeddable":true,"href":"https:\/\/www.diarioimagen.net\/index.php?rest_route=%2Fwp%2Fv2%2Fcategories&post=102621"},{"taxonomy":"post_tag","embeddable":true,"href":"https:\/\/www.diarioimagen.net\/index.php?rest_route=%2Fwp%2Fv2%2Ftags&post=102621"}],"curies":[{"name":"wp","href":"https:\/\/api.w.org\/{rel}","templated":true}]}}