{"id":103001,"date":"2012-09-05T00:01:44","date_gmt":"2012-09-05T05:01:44","guid":{"rendered":"http:\/\/www.diarioimagen.net\/?p=103001"},"modified":"2012-09-06T02:07:13","modified_gmt":"2012-09-06T07:07:13","slug":"los-exploradores","status":"publish","type":"post","link":"https:\/\/www.diarioimagen.net\/?p=103001","title":{"rendered":"Los exploradores"},"content":{"rendered":"<h2>Pol\u00edtica Spot<\/h2>\n<h5>Juan Manuel Maga\u00f1a<\/h5>\n<p><span><br \/>\nEso del gabinete de transici\u00f3n anunciado por el pri\u00edsta Enrique Pe\u00f1a Nieto va a ser como una misi\u00f3n enviada a la luna. Ir\u00e1 a ver si hay vida.<\/span><\/p>\n<p>Ojal\u00e1 que quienes lo integran observen bien al gobierno que se va, con buenos instrumentos de medici\u00f3n para ver qu\u00e9 se pudri\u00f3, si algo queda y por qu\u00e9 no queda.<\/p>\n<p>Es de lo m\u00e1s obvio el mal estado en que se encuentra el pa\u00eds.<\/p>\n<p>Por eso es importante que la tripulaci\u00f3n que har\u00e1 el primer abordaje se ponga viva y detecte cualquier aver\u00eda con que les quieran entregar la nave.<\/p>\n<p>Otra cosa, m\u00e1s importante aun, es que todas las imperfecciones las hagan del conocimiento de la gente porque luego no se valdr\u00e1 que despidan a este gobierno a besos para que al a\u00f1o siguiente o m\u00e1s, cuando ya no haya remedio, se denuncien descomposturas, faltantes y fugas que se callaron.<\/p>\n<p>Ya vimos a Calder\u00f3n pidiendo apoyo para Pe\u00f1a y a \u00e9ste felicitando al otro por \u201csus logros\u201d.<\/p>\n<p>Y no se trata de meras buenas intenciones, ni de dichos salidos del coraz\u00f3n. Ambos fingen una luna de miel porque este es el momento de las conveniencias.<\/p>\n<p>A Calder\u00f3n le conviene que no le escarben, que no le encuentren y que no le pongan peros a la entrega de su desbarajuste.<\/p>\n<p>Es obvio que est\u00e1 de lo m\u00e1s interesado en conseguir que le tiendan el cl\u00e1sico puente de plata.<\/p>\n<p>A Pe\u00f1a le puede convenir que no le escondan la bolita, que le hablen sincero, que le muestren con franqueza los puntos finos de las cosas m\u00e1s urgentes de atender y con qu\u00e9 hacerlo.<\/p>\n<p>Fueron 46 los cargos mencionados por el mexiquense de ese gabinete de transici\u00f3n que ser\u00e1 encabezado por Luis Videgaray y Miguel \u00c1ngel Osorio Chong, los hombres m\u00e1s cercanos a Pe\u00f1a Nieto.<\/p>\n<p>En realidad se trata de una mezcolanza a la que en todo caso falt\u00f3 el ex dirigente panista Manuel Espino.<\/p>\n<p>Vamos si se incluy\u00f3 a la ex perredista Rosario Robles s\u00f3lo se puede pensar que de lo que se trat\u00f3 fue de armar s\u00f3lo un collage.<\/p>\n<p>Este es por ahora un equipo de exploradores que ir\u00e1n en busca de metales. Nada m\u00e1s.<\/p>\n<p>No da idea de pluralidad ni tiene definici\u00f3n ideol\u00f3gica. Como dir\u00eda el gran cl\u00e1sico pri\u00edsta: no es de izquierda ni de derecha sino todo lo contrario.<\/p>\n<p>Su destino est\u00e1 cantado, no es con ellos con quienes Pe\u00f1a se dispone a gobernar. En todo caso, esto de pasar a la b\u00e1scula al \u201cgobierno\u201d que se va ser\u00e1 su casting para que muestren que merecen permanecer en la nave.<\/p>\n<p>As\u00ed que a darle.<\/p>\n<p><em><a href=\"mailto: maganapalace@yahoo.com.mx\" target=\"_blank\">maganapalace@yahoo.com.mx<\/a><\/em><\/p>\n","protected":false},"excerpt":{"rendered":"<p><span style=\"color: #005497;\"><strong>Juan Manuel Maga\u00f1a<\/strong><\/span><\/p>\n","protected":false},"author":3,"featured_media":0,"comment_status":"open","ping_status":"open","sticky":false,"template":"","format":"standard","meta":{"_monsterinsights_skip_tracking":false,"_monsterinsights_sitenote_active":false,"_monsterinsights_sitenote_note":"","_monsterinsights_sitenote_category":0,"footnotes":""},"categories":[22905],"tags":[18,43709,7517,3676,43674,22904,11978],"class_list":["post-103001","post","type-post","status-publish","format-standard","hentry","category-juan-manuel-magana","tag-enrique-pena-nieto","tag-juan-manuel-magana","tag-luis-videgaray-caso","tag-miguel-angel-osorio-chong","tag-opinion","tag-politica-spot","tag-transicion"],"_links":{"self":[{"href":"https:\/\/www.diarioimagen.net\/index.php?rest_route=\/wp\/v2\/posts\/103001","targetHints":{"allow":["GET"]}}],"collection":[{"href":"https:\/\/www.diarioimagen.net\/index.php?rest_route=\/wp\/v2\/posts"}],"about":[{"href":"https:\/\/www.diarioimagen.net\/index.php?rest_route=\/wp\/v2\/types\/post"}],"author":[{"embeddable":true,"href":"https:\/\/www.diarioimagen.net\/index.php?rest_route=\/wp\/v2\/users\/3"}],"replies":[{"embeddable":true,"href":"https:\/\/www.diarioimagen.net\/index.php?rest_route=%2Fwp%2Fv2%2Fcomments&post=103001"}],"version-history":[{"count":0,"href":"https:\/\/www.diarioimagen.net\/index.php?rest_route=\/wp\/v2\/posts\/103001\/revisions"}],"wp:attachment":[{"href":"https:\/\/www.diarioimagen.net\/index.php?rest_route=%2Fwp%2Fv2%2Fmedia&parent=103001"}],"wp:term":[{"taxonomy":"category","embeddable":true,"href":"https:\/\/www.diarioimagen.net\/index.php?rest_route=%2Fwp%2Fv2%2Fcategories&post=103001"},{"taxonomy":"post_tag","embeddable":true,"href":"https:\/\/www.diarioimagen.net\/index.php?rest_route=%2Fwp%2Fv2%2Ftags&post=103001"}],"curies":[{"name":"wp","href":"https:\/\/api.w.org\/{rel}","templated":true}]}}