{"id":103026,"date":"2012-09-05T00:02:58","date_gmt":"2012-09-05T05:02:58","guid":{"rendered":"http:\/\/www.diarioimagen.net\/?p=103026"},"modified":"2012-09-06T03:01:58","modified_gmt":"2012-09-06T08:01:58","slug":"caen-otros-dos-bronces-en-paralimpicos-de-londres","status":"publish","type":"post","link":"https:\/\/www.diarioimagen.net\/?p=103026","title":{"rendered":"Caen otros dos bronces en Paral\u00edmpicos de Londres"},"content":{"rendered":"<ul>\n<li><strong><em>Ya son nueve las preseas ganadas<\/em><\/strong><\/li>\n<\/ul>\n<div id=\"attachment_103067\" style=\"width: 250px\" class=\"wp-caption alignleft\"><a class=\"highslide\" onclick=\"return vz.expand(this)\" href=\"http:\/\/www.diarioimagen.net\/wp-content\/uploads\/2012\/09\/DANIELA-1930.jpg\"><img loading=\"lazy\" decoding=\"async\" aria-describedby=\"caption-attachment-103067\" class=\"size-medium wp-image-103067\" title=\"DANIELA-1930\" src=\"http:\/\/www.diarioimagen.net\/wp-content\/uploads\/2012\/09\/DANIELA-1930-240x135.jpg\" alt=\"\" width=\"240\" height=\"135\" \/><\/a><p id=\"caption-attachment-103067\" class=\"wp-caption-text\">La atleta Daniela Velasco.<\/p><\/div>\n<p>La delegaci\u00f3n mexicana en Juegos Paral\u00edmpicos de Londres 2012 sum\u00f3 ayer dos medallas m\u00e1s en el atletismo, al obtener Mauro M\u00e1ximo de Jes\u00fas y Daniela Velasco las preseas de bronce en lanzamiento de jabalina y en los 400 metros para ateltas con capacidad visual limitada.<\/p>\n<p>La novena medalla de M\u00e9xico cay\u00f3 en el tart\u00e1n. Daniela Velasco apunt\u00f3 el metal de tercer lugar para la delegaci\u00f3n mexicana en Londres 2012.<\/p>\n<p>Con registro de 58.51 (en la categor\u00eda T12, 400 metros), la atleta alcanz\u00f3 el bronce paral\u00edmpico, detr\u00e1s de la ucraniana Oxana Boturchuk, quien registr\u00f3 55.69 para la plata, mientras la francesa Assia El Hannouni se subi\u00f3 a lo m\u00e1s alto del podio con crono de 55.39.<\/p>\n<p>M\u00e1s temprano, Mauro M\u00e1ximo de Jes\u00fas le dio a M\u00e9xico la octava medalla, al colgarse la presea de bronce en el lanzamiento de jabalina, en la categor\u00eda F52\/53. M\u00e1ximo termin\u00f3 por detr\u00e1s del jamaicano Alphanso Cunningham, quien se colg\u00f3 el oro, y del iran\u00ed Abdolreza Jokar, quien se llev\u00f3 la plata.<\/p>\n<p>El mexicano tuvo un acumulado de 883 puntos, conseguidos con su segunda ejecuci\u00f3n (20.14 metros) , que fue su mejor del d\u00eda, aunque estuvo lejos de los 985 del jamaicano (21.84) y los 920 del iran\u00ed (20.72).<\/p>\n","protected":false},"excerpt":{"rendered":"<p> La delegaci\u00f3n mexicana en Juegos Paral\u00edmpicos de Londres 2012 sum\u00f3 ayer dos medallas m\u00e1s en el atletismo, al obtener Mauro M\u00e1ximo de Jes\u00fas y Daniela Velasco las preseas de bronce en lanzamiento de jabalina y en los 400 metros para ateltas con capacidad visual limitada.<\/p>\n","protected":false},"author":3,"featured_media":0,"comment_status":"open","ping_status":"open","sticky":false,"template":"","format":"standard","meta":{"_monsterinsights_skip_tracking":false,"_monsterinsights_sitenote_active":false,"_monsterinsights_sitenote_note":"","_monsterinsights_sitenote_category":0,"footnotes":""},"categories":[17,10],"tags":[11928,43680,24547,19561,44],"class_list":["post-103026","post","type-post","status-publish","format-standard","hentry","category-especiales","category-deportes","tag-bronce","tag-deportes","tag-juegos-paralimpicos-de-londres-2012","tag-medallas","tag-mexico"],"_links":{"self":[{"href":"https:\/\/www.diarioimagen.net\/index.php?rest_route=\/wp\/v2\/posts\/103026","targetHints":{"allow":["GET"]}}],"collection":[{"href":"https:\/\/www.diarioimagen.net\/index.php?rest_route=\/wp\/v2\/posts"}],"about":[{"href":"https:\/\/www.diarioimagen.net\/index.php?rest_route=\/wp\/v2\/types\/post"}],"author":[{"embeddable":true,"href":"https:\/\/www.diarioimagen.net\/index.php?rest_route=\/wp\/v2\/users\/3"}],"replies":[{"embeddable":true,"href":"https:\/\/www.diarioimagen.net\/index.php?rest_route=%2Fwp%2Fv2%2Fcomments&post=103026"}],"version-history":[{"count":0,"href":"https:\/\/www.diarioimagen.net\/index.php?rest_route=\/wp\/v2\/posts\/103026\/revisions"}],"wp:attachment":[{"href":"https:\/\/www.diarioimagen.net\/index.php?rest_route=%2Fwp%2Fv2%2Fmedia&parent=103026"}],"wp:term":[{"taxonomy":"category","embeddable":true,"href":"https:\/\/www.diarioimagen.net\/index.php?rest_route=%2Fwp%2Fv2%2Fcategories&post=103026"},{"taxonomy":"post_tag","embeddable":true,"href":"https:\/\/www.diarioimagen.net\/index.php?rest_route=%2Fwp%2Fv2%2Ftags&post=103026"}],"curies":[{"name":"wp","href":"https:\/\/api.w.org\/{rel}","templated":true}]}}