{"id":103359,"date":"2012-09-07T00:06:12","date_gmt":"2012-09-07T05:06:12","guid":{"rendered":"http:\/\/www.diarioimagen.net\/?p=103359"},"modified":"2012-09-07T03:51:13","modified_gmt":"2012-09-07T08:51:13","slug":"la-politica-panista-genero-seis-pobres-por-minuto-prd-y-pri","status":"publish","type":"post","link":"https:\/\/www.diarioimagen.net\/?p=103359","title":{"rendered":"La pol\u00edtica panista gener\u00f3 seis pobres por minuto: PRD y PRI"},"content":{"rendered":"<blockquote>\n<ul>\n<li><strong><em>Diputados se\u00f1alan que la estrategia aplicada por el gobierno de Felipe Calder\u00f3n fracas\u00f3 en la creaci\u00f3n de empleos<\/em><\/strong><\/li>\n<\/ul>\n<\/blockquote>\n<div id=\"attachment_103417\" style=\"width: 250px\" class=\"wp-caption alignleft\"><a class=\"highslide\" onclick=\"return vz.expand(this)\" href=\"http:\/\/www.diarioimagen.net\/wp-content\/uploads\/2012\/09\/PAULINA-1932.jpg\"><img loading=\"lazy\" decoding=\"async\" aria-describedby=\"caption-attachment-103417\" class=\"size-medium wp-image-103417\" title=\"PAULINA-1932\" src=\"http:\/\/www.diarioimagen.net\/wp-content\/uploads\/2012\/09\/PAULINA-1932-240x135.jpg\" alt=\"\" width=\"240\" height=\"135\" \/><\/a><p id=\"caption-attachment-103417\" class=\"wp-caption-text\">La diputada mexiquense Paulina Alejandra del Moral, en la sesi\u00f3n de ayer en la C\u00e1mara de Diputados.<\/p><\/div>\n<p>Durante la actual administraci\u00f3n federal del presidente Felipe Calder\u00f3n se generaron en promedio seis pobres cada minuto, acusaron ayer legisladores de los partidos de la Revoluci\u00f3n Democr\u00e1tica (PRD) y Revolucionario Institucional (PRI), al fijar su postura ante la glosa del Sexto Informe de Gobierno en materia de pol\u00edtica econ\u00f3mica.<\/p>\n<p>Los legisladores del sol azteca, Antonio Altamirano, y del tricolor, Alejandra del Moral, reprobaron a la administraci\u00f3n calderonista al resaltar el fracaso en la creaci\u00f3n insuficiente de empleos y la falta de pol\u00edticas eficaces para reducir la pobreza.<\/p>\n<p>En su oportunidad, el perredista consider\u00f3 que el gobierno panista fracas\u00f3 en la responsabilidad fundamental de mejorar la calidad de vida de la poblaci\u00f3n.<\/p>\n<p>\u201cEl logro no fue vivir mejor, como ofrec\u00eda la propaganda gubernamental. Con la pol\u00edtica econ\u00f3mica que se aplic\u00f3, la mayor\u00eda de los mexicanos hoy vive peor y el pa\u00eds se hunde\u201d, dijo en tribuna.<\/p>\n<p>\u201cEn este sexenio la pobreza no ha dejado de crecer, ocho mil mexicanos por d\u00eda, 348 por hora, seis mexicanos por minuto\u201d.<\/p>\n<p>En tanto, la diputada pri\u00edsta se\u00f1al\u00f3 que este sexenio se fue en rendir culto a las variables macroecon\u00f3micas, mientras que en la microeconom\u00eda ejerc\u00eda una violencia en cada una de las familias.<\/p>\n<p>\u201cNo exagero al decir que es alarmante que cada 60 segundos seis mexicanos engrosan las filas de la pobreza, seg\u00fan el Coneval\u201d, resalt\u00f3.<\/p>\n<p>La mexiquense afirm\u00f3 que el desempleo, la pulverizaci\u00f3n del poder adquisitivo, el aumento desorbitante de los precios de los alimentos de la canasta b\u00e1sica y un incremento mensual en el precio de la gasolina, diesel y el gas marcar\u00e1n a este sexenio.<\/p>\n<p>Por otro lado, el PAN defendi\u00f3 la estabilidad econ\u00f3mica y financiera, las obras de infraestructura y el desarrollo empresarial alcanzado en el sexenio el Presidente Calder\u00f3n.<\/p>\n<p>La diputada Mar\u00eda Teresa Jim\u00e9nez, encargada de fijar la posici\u00f3n de la bancada, dijo que en este gobierno se lograron grandes avances a pesar de haber tenido una oposici\u00f3n que fren\u00f3 el crecimiento de manera sistem\u00e1tica y sostuvo que, como nunca, se puede afirmar que M\u00e9xico tiene una econom\u00eda fuerte y estable.<\/p>\n","protected":false},"excerpt":{"rendered":"<p>Durante la actual administraci\u00f3n federal del presidente Felipe Calder\u00f3n se generaron en promedio seis pobres<\/p>\n","protected":false},"author":3,"featured_media":0,"comment_status":"open","ping_status":"open","sticky":false,"template":"","format":"standard","meta":{"_monsterinsights_skip_tracking":false,"_monsterinsights_sitenote_active":false,"_monsterinsights_sitenote_note":"","_monsterinsights_sitenote_category":0,"footnotes":""},"categories":[3],"tags":[43673,211,362],"class_list":["post-103359","post","type-post","status-publish","format-standard","hentry","category-nacional","tag-nacional","tag-prd","tag-pri"],"_links":{"self":[{"href":"https:\/\/www.diarioimagen.net\/index.php?rest_route=\/wp\/v2\/posts\/103359","targetHints":{"allow":["GET"]}}],"collection":[{"href":"https:\/\/www.diarioimagen.net\/index.php?rest_route=\/wp\/v2\/posts"}],"about":[{"href":"https:\/\/www.diarioimagen.net\/index.php?rest_route=\/wp\/v2\/types\/post"}],"author":[{"embeddable":true,"href":"https:\/\/www.diarioimagen.net\/index.php?rest_route=\/wp\/v2\/users\/3"}],"replies":[{"embeddable":true,"href":"https:\/\/www.diarioimagen.net\/index.php?rest_route=%2Fwp%2Fv2%2Fcomments&post=103359"}],"version-history":[{"count":0,"href":"https:\/\/www.diarioimagen.net\/index.php?rest_route=\/wp\/v2\/posts\/103359\/revisions"}],"wp:attachment":[{"href":"https:\/\/www.diarioimagen.net\/index.php?rest_route=%2Fwp%2Fv2%2Fmedia&parent=103359"}],"wp:term":[{"taxonomy":"category","embeddable":true,"href":"https:\/\/www.diarioimagen.net\/index.php?rest_route=%2Fwp%2Fv2%2Fcategories&post=103359"},{"taxonomy":"post_tag","embeddable":true,"href":"https:\/\/www.diarioimagen.net\/index.php?rest_route=%2Fwp%2Fv2%2Ftags&post=103359"}],"curies":[{"name":"wp","href":"https:\/\/api.w.org\/{rel}","templated":true}]}}