{"id":104358,"date":"2012-09-17T00:05:04","date_gmt":"2012-09-17T05:05:04","guid":{"rendered":"http:\/\/www.diarioimagen.net\/?p=104358"},"modified":"2012-09-18T01:55:19","modified_gmt":"2012-09-18T06:55:19","slug":"ebrard-vs-shylock","status":"publish","type":"post","link":"https:\/\/www.diarioimagen.net\/?p=104358","title":{"rendered":"Ebrard vs Shylock"},"content":{"rendered":"<h2>\u00cdndice pol\u00edtico<\/h2>\n<h5>Francisco Rodr\u00edguez<\/h5>\n<p><span><br \/>\n\u00bfContrat\u00f3 usted un pr\u00e9stamo y los intereses \u201cse lo est\u00e1n comiendo\u201d? Pues a lo mejor le sirve de consuelo saber que ya hubo quien cobrara venganza por usted. Un personaje de la vida p\u00fablica que, quiz\u00e1 por otras razones, tiene \u201cpariendo chayotes\u201d a algunas de las empresas privadas que, con escasa supervisi\u00f3n de la Comisi\u00f3n Nacional Bancaria y de Valores, hacen su agosto todo el a\u00f1o, otorgando cr\u00e9ditos a los bur\u00f3cratas que luego les descuentan a trav\u00e9s de la n\u00f3mina.<\/span><\/p>\n<p>Marcelo Ebrard es el personaje. Su ya agonizante administraci\u00f3n de la capital del pa\u00eds debe a estas empresas miles de millones de pesos que, efectivamente, s\u00ed descont\u00f3 de las quincenas de sus miles de trabajadores, pero que, peque\u00f1o gran detalle, no enter\u00f3 a las empresas que hab\u00edan concedido los cr\u00e9ditos a aquellos.<\/p>\n<p>Una sola empresa, por ejemplo, trae ahora mismo un buen n\u00famero de \u201cbroncas\u201d con el Banco Nacional de Par\u00eds, instituci\u00f3n que le habr\u00eda fondeado algo as\u00ed como mil millones de pesos, mismos que por tal raz\u00f3n no le han sido cubiertos.<\/p>\n<p>Ahora que, no es que Ebrard se niegue a pagar. Debe y no niega, pero no tiene para cubrir su adeudo. Por tal fue que ya se lo endos\u00f3 a la siguiente administraci\u00f3n capitalina.<\/p>\n<p>Y aqu\u00ed est\u00e1 el detalle, como dir\u00eda \u201cCantinflas\u201d: \u00e9l fue quien fij\u00f3 la tasa de inter\u00e9s que, con los impuestos, derechos, contribuciones y alcabalas que pagamos quienes vivimos en el Distrito Federal y a\u00fan de aquellos -los chilangos- que por aqu\u00ed pasan a diario, va a pagar el se\u00f1or Miguel \u00c1ngel Mancera: tres por ciento. Nada m\u00e1s.<\/p>\n<p>El qu\u00e9 se hizo todo ese dinero, nadie sabe, nadie supo. Podr\u00e1n decir que fue para la l\u00ednea 12 del Metro, para los segundos pisos, que a final de cuentas sus usuarios acabaremos pagando, para las florecitas de los camellones, para la se\u00f1alizaci\u00f3n. Para lo que guste y mande el se\u00f1or Ebrard, quien no s\u00f3lo \u201cjinete\u00f3\u201d los descuentos a las n\u00f3minas, sino tambi\u00e9n fij\u00f3 el r\u00e9dito a cubrir.<\/p>\n<p>\u00bfBravo por Ebrard? \u00bfO aqu\u00ed hay algo turbio?<\/p>\n<p>Los afectados esperan que Mancera les haga justicia.<\/p>\n<p>Los capitalinos -chilangos incluidos- s\u00f3lo esperamos no ser los que cubramos esos desv\u00edos de don Marcelo, toda vez que, como todos los mexicanos, ya somos v\u00edctimas de la usura tolerada y hasta bendecida por los funcionarios de los distintos gobiernos.<\/p>\n<p>Y es que, conforme a la legislaci\u00f3n civil vigente, en M\u00e9xico la tasa de inter\u00e9s legal es de 9% anual. Cuando es convencional, el porcentaje puede variar; sin embargo, la propia ley determina que cuando el inter\u00e9s es tan desproporcionado como consecuencia de la inexperiencia, la ignorancia o la necesidad de quien pide dinero prestado, un juez puede reducirlo hasta el monto del legal. Penalmente, la desproporci\u00f3n constituye fraude. Sin embargo, hasta la fecha, nada ni nadie (incluyendo a las autoridades responsables) han hecho valer ese Estado de derecho.<br \/>\nEn el caso de los bancos, las tasas de inter\u00e9s que se aplican a aproximadamente 16 millones de cr\u00e9ditos al consumo (tarjetas), oscilan entre 25 y 60%. Es decir, hasta casi 700% m\u00e1s del inter\u00e9s legal. A ese inter\u00e9s se agregan los costos de los servicios y comisiones que en su conjunto incrementan los adeudos a m\u00e1s de 100%. La voracidad no se limita a tarjetas de cr\u00e9dito, en las de d\u00e9bito, los bancos cobran hasta 64 comisiones. Entre ellas, hasta 20, 30 pesos por retiros en cajeros de bancos distintos y 10 pesos por consulta de saldo. Debe al respecto considerarse que en la actualidad los retiros con tarjetas de d\u00e9bito alcanzan un monto aproximado de un bill\u00f3n 300 mil millones de pesos.<br \/>\nPor si fueran pocos los cargos, hay que agregar los del gobierno, castigando m\u00e1s al depauperado usuario de tarjetas de cr\u00e9dito o de d\u00e9bito, ya que todas las operaciones est\u00e1n gravadas con el 15% del IVA, as\u00ed sean intereses ordinarios, moratorios, gastos de administraci\u00f3n de los bancos, comisiones, etc. Tal crucifixi\u00f3n, que entre otras razones se deriva de la crisis econ\u00f3mica de millones de mexicanos, debiera obligar a los legisladores a que, dentro de la \u201creforma fiscal\u201d se exentara a los deudores (algunos de ellos perennes) de esta sangr\u00eda.<\/p>\n<p>Por lo pronto, habr\u00e1 que conformarse con la jugarreta que Ebrard les hizo a las empresas que conceden cr\u00e9ditos que, comisi\u00f3n de por medio, las autoridades descuentan a los bur\u00f3cratas de sus n\u00f3minas.<\/p>\n<p>&nbsp;<\/p>\n<p><strong><em>\u00cdndice Flam\u00edgero:<\/em><\/strong> El mejor diagn\u00f3stico patrio fue ofrecido la noche del viernes por Cuauht\u00e9moc C\u00e1rdenas: \u201cdesde hace 30 a\u00f1os hemos sufrido gobiernos cada vez m\u00e1s entreguistas que se han dado como misi\u00f3n desarrollar a M\u00e9xico de acuerdo al modelo pol\u00edtico, econ\u00f3mico y social de un pa\u00eds dependiente y de una sociedad sin identidades nacionales que se han puesto al servicio de intereses ajenos que han llevado a la mayor parte de la poblaci\u00f3n a condiciones de miseria y una grav\u00edsima desigualdad social\u201d. C\u00e1rdenas recibi\u00f3 la presea Sentimientos de la Naci\u00f3n, que anualmente entrega el Congreso de Guerrero. + + + Aguante la respiraci\u00f3n. Todav\u00eda faltan 75 d\u00edas de discursos y declaraciones de Felipe Calder\u00f3n ensalzando los frutos de su ocupaci\u00f3n de Los Pinos. \u00a1Uf!<\/p>\n<p><em><a href=\"http:\/\/www.indicepolitico.com\/\" target=\"_blank\"><em>www.indicepolitico.com<\/em><\/a><br \/>\n<\/em><em><a href=\"mailto:pacorodriguez@journalist.com\" target=\"_blank\">pacorodriguez@journalist.com<\/a><\/em><\/p>\n","protected":false},"excerpt":{"rendered":"<p><span style=\"color: #005497;\"><strong>Francisco Rodr\u00edguez<\/strong><\/span><\/p>\n","protected":false},"author":1,"featured_media":0,"comment_status":"open","ping_status":"open","sticky":false,"template":"","format":"standard","meta":{"_monsterinsights_skip_tracking":false,"_monsterinsights_sitenote_active":false,"_monsterinsights_sitenote_note":"","_monsterinsights_sitenote_category":0,"footnotes":""},"categories":[549],"tags":[43689,550,43674],"class_list":["post-104358","post","type-post","status-publish","format-standard","hentry","category-francisco-rodriguez","tag-francisco-rodriguez","tag-indice-politico","tag-opinion"],"_links":{"self":[{"href":"https:\/\/www.diarioimagen.net\/index.php?rest_route=\/wp\/v2\/posts\/104358","targetHints":{"allow":["GET"]}}],"collection":[{"href":"https:\/\/www.diarioimagen.net\/index.php?rest_route=\/wp\/v2\/posts"}],"about":[{"href":"https:\/\/www.diarioimagen.net\/index.php?rest_route=\/wp\/v2\/types\/post"}],"author":[{"embeddable":true,"href":"https:\/\/www.diarioimagen.net\/index.php?rest_route=\/wp\/v2\/users\/1"}],"replies":[{"embeddable":true,"href":"https:\/\/www.diarioimagen.net\/index.php?rest_route=%2Fwp%2Fv2%2Fcomments&post=104358"}],"version-history":[{"count":0,"href":"https:\/\/www.diarioimagen.net\/index.php?rest_route=\/wp\/v2\/posts\/104358\/revisions"}],"wp:attachment":[{"href":"https:\/\/www.diarioimagen.net\/index.php?rest_route=%2Fwp%2Fv2%2Fmedia&parent=104358"}],"wp:term":[{"taxonomy":"category","embeddable":true,"href":"https:\/\/www.diarioimagen.net\/index.php?rest_route=%2Fwp%2Fv2%2Fcategories&post=104358"},{"taxonomy":"post_tag","embeddable":true,"href":"https:\/\/www.diarioimagen.net\/index.php?rest_route=%2Fwp%2Fv2%2Ftags&post=104358"}],"curies":[{"name":"wp","href":"https:\/\/api.w.org\/{rel}","templated":true}]}}