{"id":104464,"date":"2012-09-18T00:02:03","date_gmt":"2012-09-18T05:02:03","guid":{"rendered":"http:\/\/www.diarioimagen.net\/?p=104464"},"modified":"2012-09-19T01:36:39","modified_gmt":"2012-09-19T06:36:39","slug":"la-gira-de-pena-nieto","status":"publish","type":"post","link":"https:\/\/www.diarioimagen.net\/?p=104464","title":{"rendered":"La gira de Pe\u00f1a Nieto"},"content":{"rendered":"<h2>Punto por punto<\/h2>\n<h5>Augusto Corro<\/h5>\n<p><span><br \/>\nEl presidente electo Enrique Pe\u00f1a Nieto realiza una intensa gira de trabajo por diferentes pa\u00edses de Latinoam\u00e9rica.<\/span><\/p>\n<p>Los temas obligados a tratar con los diferentes gobiernos se encuentran relacionados con la econom\u00eda, la migraci\u00f3n y la seguridad.<\/p>\n<p>En un mundo globalizado, el problema que aqueja a una naci\u00f3n se extiende a todas.<\/p>\n<p>Con Brasil las pl\u00e1ticas girar\u00e1n en torno al comercio; en Colombia, estar\u00e1 presente el complejo rengl\u00f3n de las drogas.<\/p>\n<p>Con Guatemala, sin duda alguna, el eje de las conversaciones ser\u00e1 sobre migraci\u00f3n y estupefacientes.<\/p>\n<p>Como se ve, la sociedad latinoamericana vive, agobiada,\u00a0 momentos dif\u00edciles\u00a0 por un sinn\u00famero de problemas comunes.<\/p>\n<p>El presidente electo Pe\u00f1a Nieto sabe que en los momentos presentes es vital la participaci\u00f3n y coordinaci\u00f3n de los gobiernos latinoamericanos, para llevar paz\u00a0 y justicia a sus pueblos.<\/p>\n<p>M\u00e9xico fue, por mucho tiempo, el l\u00edder de Latinoam\u00e9rica.\u00a0 El liderazgo se perdi\u00f3 poco a poco y fueron las administraciones panistas, con su indolencia, las que se empe\u00f1aron en sepultarlo. Lo lograron.<\/p>\n<p>Hoy, Pe\u00f1a Nieto tiene la gran oportunidad de recuperar para M\u00e9xico el liderazgo, la influencia y la buena imagen de un pa\u00eds siempre preocupado por el destino de los latinoamericanos.<\/p>\n<p>Las relaciones exteriores tendr\u00e1n que volver a ser como antes, con un respeto total a la autonom\u00eda de los pueblos. Se abre pues una etapa de esperanza para una mejor convivencia internacional en Latinoam\u00e9rica.\u00a0 El pr\u00f3ximo gobierno federal no debe subestimar, de ninguna manera, la importancia de las relaciones exteriores.<\/p>\n<p align=\"center\">\u00a0<strong>A PONER ORDEN<\/strong><\/p>\n<p>En su cuenta de Twitter, el l\u00edder de la C\u00e1mara de Diputados, Manlio Fabio Beltrones, exhort\u00f3 al gobierno a que ponga orden luego de los recientes asesinatos de legisladores.<\/p>\n<p>Aunque el legislador no especifica la esfera de gobierno a la que dirige su demanda, es obvio que el mensaje podr\u00eda ir dirigida a todos los niveles de autoridad: municipal, estatal y federal.<\/p>\n<p>Por supuesto, las autoridades deben poner orden, pero al mismo tiempo investigar a fondo los m\u00f3viles de los asesinatos, para evitar que contin\u00fae la impunidad que beneficia a los delincuentes.<\/p>\n<p>En el convulsionado Nuevo Le\u00f3n, el 11 de septiembre, el ex diputado local panista, Hern\u00e1n Belden, fue ejecutado en un lugar conocido como La Huasteca, en Santa Catarina, cerca de Monterrey. El jueves por la noche, el diputado priista, Eduardo Enrique Castro Luque, de Ciudad Obreg\u00f3n, fue asesinado a balazos en esa localidad.<\/p>\n<p>Antier, el diputado pri\u00edosta, Jaime Serrano Cedillo, del Estado de M\u00e9xico, pereci\u00f3 tras ser agredido con un arma punzocortante, al parecer en un intento de asalto.<\/p>\n<p>En este mismo espacio se\u00f1alamos que la violencia poco a poco se extiende a la clase pol\u00edtica.<\/p>\n<p>El gobierno, como dice Beltrones, debe poner orden para que no se registren m\u00e1s agresiones a los representantes populares sin importar el signo de su partido.<\/p>\n<p>Los asesinos deben ser detenidos y presentados ante la justicia. La impunidad de los delincuentes debe terminar. Es un clamor de la sociedad mexicana.<\/p>\n<p align=\"center\"><strong>MAS CAD\u00c1VERES<\/strong><\/p>\n<p>\u00bfHasta d\u00f3nde llegar\u00e1 la ola sangrienta que ba\u00f1a a M\u00e9xico?<\/p>\n<p>Es la pregunta obligada una vez que nos informan que en los l\u00edmites de Jalisco y Michoac\u00e1n fueron encontrados 17 cad\u00e1veres de personas desconocidas.<\/p>\n<p>Ese tipo de delito se multiplica a lo largo y ancho del pa\u00eds. Claro, el hecho ocurre m\u00e1s seguido en las \u00e1reas conflictivas de la guerra antinarco; pero la violencia se ampl\u00eda.\u00a0 Antes las matanzas de seres humanos\u00a0 se registraban, \u00fanicamente, en las entidades del norte del pa\u00eds; ahora, alcanza a estados como Jalisco, que disfrutaba de paz\u00a0 y tranquilidad.<\/p>\n<p align=\"center\"><strong>PASTA DE CONCHOS<\/strong><\/p>\n<p>Ricardo Garc\u00eda Cervantes, quien se desempe\u00f1aba como senador panista en la pasada legislatura, declar\u00f3 que se empe\u00f1ar\u00e1 en conseguir justicia para los mineros que a\u00fan se encuentran en la mina Pasta de Conchos.\u00a0 Inform\u00f3 que acudir\u00e1 a los tribunales internacionales para hacer valer la ley y lograr que se ordene el de los 69 cuerpos de los trabajadores sepultados en la citada mina, desde hace seis a\u00f1os y seis meses.<\/p>\n<p>A\u00f1adi\u00f3 que se deben recuperar esos cuerpos abandonados, \u201cporque con ellos est\u00e1 tambi\u00e9n abandonada la verdad hist\u00f3rica, la verdad jur\u00eddica. En cuanto se conozca, se sabr\u00e1 tambi\u00e9n la responsabilidad de la autoridad, que renunci\u00f3 a ejercer sus funciones y ya no supo hacer nada\u201d.<\/p>\n<p><em><a href=\"mailto:aco2742@hotmail.com\" target=\"_blank\">aco2742@hotmail.com<\/a><\/em><\/p>\n","protected":false},"excerpt":{"rendered":"<p><span style=\"color: #005497;\"><strong>Augusto Corro<\/strong><\/span><\/p>\n","protected":false},"author":3,"featured_media":0,"comment_status":"open","ping_status":"open","sticky":false,"template":"","format":"standard","meta":{"_monsterinsights_skip_tracking":false,"_monsterinsights_sitenote_active":false,"_monsterinsights_sitenote_note":"","_monsterinsights_sitenote_category":0,"footnotes":""},"categories":[157],"tags":[43686,18,1077,43674,11515],"class_list":["post-104464","post","type-post","status-publish","format-standard","hentry","category-augusto-corro","tag-augusto-corro","tag-enrique-pena-nieto","tag-latinoamerica","tag-opinion","tag-punto-por-punto"],"_links":{"self":[{"href":"https:\/\/www.diarioimagen.net\/index.php?rest_route=\/wp\/v2\/posts\/104464","targetHints":{"allow":["GET"]}}],"collection":[{"href":"https:\/\/www.diarioimagen.net\/index.php?rest_route=\/wp\/v2\/posts"}],"about":[{"href":"https:\/\/www.diarioimagen.net\/index.php?rest_route=\/wp\/v2\/types\/post"}],"author":[{"embeddable":true,"href":"https:\/\/www.diarioimagen.net\/index.php?rest_route=\/wp\/v2\/users\/3"}],"replies":[{"embeddable":true,"href":"https:\/\/www.diarioimagen.net\/index.php?rest_route=%2Fwp%2Fv2%2Fcomments&post=104464"}],"version-history":[{"count":0,"href":"https:\/\/www.diarioimagen.net\/index.php?rest_route=\/wp\/v2\/posts\/104464\/revisions"}],"wp:attachment":[{"href":"https:\/\/www.diarioimagen.net\/index.php?rest_route=%2Fwp%2Fv2%2Fmedia&parent=104464"}],"wp:term":[{"taxonomy":"category","embeddable":true,"href":"https:\/\/www.diarioimagen.net\/index.php?rest_route=%2Fwp%2Fv2%2Fcategories&post=104464"},{"taxonomy":"post_tag","embeddable":true,"href":"https:\/\/www.diarioimagen.net\/index.php?rest_route=%2Fwp%2Fv2%2Ftags&post=104464"}],"curies":[{"name":"wp","href":"https:\/\/api.w.org\/{rel}","templated":true}]}}