{"id":104590,"date":"2012-09-19T00:01:09","date_gmt":"2012-09-19T05:01:09","guid":{"rendered":"http:\/\/www.diarioimagen.net\/?p=104590"},"modified":"2012-09-20T03:48:43","modified_gmt":"2012-09-20T08:48:43","slug":"entregan-reconocimiento-al-hotel-y-restaurante-tierra-y-cielo-en-san-cristobal-de-las-casas-chiapas","status":"publish","type":"post","link":"https:\/\/www.diarioimagen.net\/?p=104590","title":{"rendered":"Entregan reconocimiento al hotel y restaurante \u201cTierra y Cielo\u201d, en San Crist\u00f3bal de las Casas, Chiapas"},"content":{"rendered":"<h2>De cinco estrellas<\/h2>\n<h5>Victoria Gonz\u00e1lez Prado<\/h5>\n<p>&nbsp;<\/p>\n<ul>\n<li><em><strong>Se increment\u00f3 el tr\u00e1fico de pasajeros durante agosto, asegura un comunicado de <\/strong><\/em><strong><\/strong><strong>LATAM<\/strong><\/li>\n<li><em><strong>Riviera Nayarit participa y celebrar\u00e1 el D\u00eda Internacional de la Limpieza de Playas<\/strong><\/em><\/li>\n<li><em><strong>No te pierdas el VI Festival Internacional de Marimbistas, en Villahermosa<\/strong><\/em><\/li>\n<li><em><strong>Un viaje gastron\u00f3mico con el chef Daniel Ovad\u00eda, en Villa Magna, en Madrid<\/strong><\/em><\/li>\n<li><em><strong>Muy pronto se celebrar\u00e1n los siete a\u00f1os de vida de la aerol\u00ednea VivaAerob\u00fas<\/strong><\/em><\/li>\n<\/ul>\n<div id=\"attachment_104741\" style=\"width: 250px\" class=\"wp-caption alignleft\"><a class=\"highslide\" onclick=\"return vz.expand(this)\" href=\"http:\/\/www.diarioimagen.net\/wp-content\/uploads\/2012\/09\/turismo-1940.jpg\"><img loading=\"lazy\" decoding=\"async\" aria-describedby=\"caption-attachment-104741\" class=\"size-medium wp-image-104741\" title=\"turismo-1940\" src=\"http:\/\/www.diarioimagen.net\/wp-content\/uploads\/2012\/09\/turismo-1940-240x141.jpg\" alt=\"\" width=\"240\" height=\"141\" \/><\/a><p id=\"caption-attachment-104741\" class=\"wp-caption-text\">En la entrega del reconocimiento al hotel y restaurante \u201cTierra y Cielo\u201d.<\/p><\/div>\n<p>En el marco de la entrega del Premio al M\u00e9rito Empresarial Restaurantero, <em>Unilever Food Solutions<\/em> y la C\u00e1mara Nacional de la Industria de Restaurantes y Alimentos Condimentados (Canirac) entregaron un reconocimiento al Hotel y Restaurante \u201cTierra y Cielo\u201d de San Crist\u00f3bal de las Casas, Chiapas, que acredit\u00f3 buenas pr\u00e1cticas sustentables en los siguientes aspectos de la cadena de valor: Compras, Recepci\u00f3n y Almacenes, Cocina, Servicio, \u00c1rea de Lavado y Basura. La iniciativa se cre\u00f3 a partir del s\u00f3lido compromiso de <em>Unilever Food Solutions <\/em>de continuar la difusi\u00f3n y generaci\u00f3n de conciencia sobre los desperdicios de alimentos en las cocinas profesionales, as\u00ed como el impulso de las pr\u00e1cticas sustentables dentro de \u00e9stas, y porque buscan que toda la industria restaurantera colabore con este tipo de acciones para inspirar nuevas ideas, desarrollar innovaciones pr\u00e1cticas que contribuyan con mejoras en el mundo. <strong>Jorge F\u00e9lix<\/strong>, director para el norte de Latinoam\u00e9rica y <strong>Lorena Naval<\/strong>, chef gerente del Centro Culinario de <em>UFS <\/em>para el norte de Latinoam\u00e9rica entregaron a la chef propietaria <strong>Martha Zepeda<\/strong> el reconocimiento. <strong>F\u00e9lix<\/strong> se\u00f1al\u00f3 el inter\u00e9s como empresa en el sector de alimentos para poner estos importantes temas sobre la mesa y encontrar una respuesta efectiva y colaborativa al problema de desperdicio de alimentos en cocinas profesionales. Concluy\u00f3 se\u00f1alando \u201cestamos convencidos que ser sustentables, sin duda es una forma de hacer negocio\u201d.<\/p>\n<p>\u2730\u2730\u2730\u2730\u2730\u00a0Un comunicado emitido por el Grupo <em>LATAM Airlines<\/em> se\u00f1ala que se increment\u00f3 9.1% el tr\u00e1fico de pasajeros durante el mes de agosto pasado, comparado con igual periodo de 2011. El comunicado se\u00f1ala que el movimiento internacional de pasajeros represent\u00f3 alrededor de 52% del total del tr\u00e1fico, mientras que la capacidad registr\u00f3 un alza de 1.3%, como resultado el factor de ocupaci\u00f3n subi\u00f3 5.6 puntos porcentuales, quedando en 79.3%. A nivel dom\u00e9stico, refiri\u00f3, en el mercado de habla hispana de la compa\u00f1\u00eda (Argentina, Chile, Per\u00fa, Ecuador y Colombia) el tr\u00e1fico de pasajeros aument\u00f3 16.4%; la capacidad, 13.8% m\u00e1s y el factor de ocupaci\u00f3n creci\u00f3 1.8 puntos porcentuales para terminar en 79.9%. <strong>El tr\u00e1fico de pasajeros en Brasil aument\u00f3 12.6%<\/strong><strong>,<\/strong> mientras que la capacidad disminuy\u00f3 en 2.8%, reflejando as\u00ed un factor de ocupaci\u00f3n de 74.4%. El tr\u00e1fico de carga de LAN cay\u00f3 1.2%, mientras que la capacidad decreci\u00f3 1.9%, la ca\u00edda en la demanda se debe principalmente a menores importaciones en Am\u00e9rica Latina.<\/p>\n<p>\u2730\u2730\u2730\u2730\u2730\u00a0En Riviera Nayarit el lujo es nuestra naturaleza. Las playas y sus atractivos naturales son el principal activo de la regi\u00f3n y para preservarlo iniciativas del ayuntamiento de Bah\u00eda de Banderas, a trav\u00e9s del programa Bah\u00eda Sonr\u00ede, Punta Sayulita, Palladium Riviera Nayarit Resort &amp; Spa, Grupo Marival y la Asociaci\u00f3n de Hoteles y Moteles de Bah\u00eda de Banderas (AHMBB) se suman a las acciones impulsadas por <em>Ocean Conservancy<\/em> para celebrar el D\u00eda Internacional de la Limpieza de Playas. As\u00ed, durante la semana desde ayer y hasta el s\u00e1bado 22 de septiembre se proceder\u00e1 en la limpieza de seis distintas playas de Riviera Nayarit, retirando los desechos y contribuyendo a la conservaci\u00f3n del medio ambiente y de los atractivos naturales de la regi\u00f3n. De esta forma se invita a participar a toda la comunidad: \u201cHay una fuerza motriz m\u00e1s poderosa que el vapor, la electricidad y la energ\u00eda at\u00f3mica: la voluntad\u201d, se\u00f1alan los organizadores, que apelan a esa voluntad para ayudar a la conservaci\u00f3n de nuestro planeta. Riviera Nayarit es un destino comprometido con el entorno natural que le rodea, pues es \u00e9ste uno de sus mayores atractivos. Su riqueza natural le colocan como santuario de ballenas jorobadas, mantarrayas gigantes, tiburones ballena, tortugas marinas y como el sitio m\u00e1s importante de Am\u00e9rica para el avistamiento de aves.<\/p>\n<p>\u2730\u2730\u2730\u2730\u2730\u00a0Hace unos d\u00edas, el hotel <strong>Riu Plaza Panam\u00e1<\/strong> festej\u00f3 por todo lo alto su <strong>segundo aniversario<\/strong>. El hotel -de 5 estrellas- abri\u00f3 sus puertas el 13 de septiembre de 2010, y fue el primer hotel de ciudad de la cadena hotelera Riu en el mundo.\u00a0 <strong>Marcel Chang<\/strong>, director de ventas del hotel en Panam\u00e1, dijo: \u201cEs un gran honor poder festejar dos a\u00f1os en esta gran ciudad, la cual desde un principio nos brind\u00f3 una c\u00e1lida acogida. Seguiremos trabajando para cumplir con las demandas de nuestros clientes y seguir posicion\u00e1ndonos dentro del mercado de grupos y convenciones a nivel nacional e internacional\u201d. Para el festejo se inaugur\u00f3 la nueva terraza <strong><em>\u201c<\/em><\/strong><strong><em>The Syxth<\/em><\/strong><strong><em>\u201d,<\/em><\/strong> ubicada en el piso seis y destinada a acoger los mejores eventos al aire libre, ofreciendo espectaculares vistas de la ciudad de Panam\u00e1. El chef internacional, <strong>Ra\u00fal Vaquerizo<\/strong>, prepar\u00f3 exquisitos platillos para la celebraci\u00f3n, mientras el grupo Los Gaitanes\u00a0 ameniz\u00f3 la reuni\u00f3n. Riu Plaza Panam\u00e1 es una construcci\u00f3n de 35 pisos y ofrece 645 habitaciones con acceso a internet en cortes\u00eda, contenido inicial de minibar y desayuno incluido. Adem\u00e1s ofrece una atm\u00f3sfera ideal para reuniones y eventos, con 21 salas de conferencias y capacidad para mil 300 personas.<\/p>\n<p>\u2730\u2730\u2730\u2730\u2730\u00a0Del 16 al 20 de octubre el Hotel Villa Magna en Madrid invita a explorar los sabores tradicionales de nuestra cocina mexicana, reconocida como Patrimonio Cultural Inmaterial de la Humanidad por la Unesco. Un viaje gastron\u00f3mico de la mano del chef mexicano <strong>Daniel Ovad\u00eda <\/strong>para disfrutar de los exquisitos platos mexicanos en el restaurante Villa Magna. Mientras llega octubre, qu\u00e9 te parece disfrutar de las mejores melod\u00edas interpretadas al piano en el <em>Lounge<\/em>\u00a0 a partir de las 18:30 horas, con la mejor m\u00fasica en directo en un momento de relax y en un ambiente agradable y reservado que puedes disfrutar con un coctel o exquisitas tapas.<\/p>\n<p>\u2730\u2730\u2730\u2730\u2730\u00a0El<strong> <\/strong>VI Festival Internacional de Marimbistas se realiza desde el pasado lunes 17 y concluir\u00e1 el pr\u00f3ximo s\u00e1bado 22 de septiembre en el Teatro Esperanza Iris en Villahermosa, con entrada libre. En el\u00a0 encuentro art\u00edstico participan reconocidas marimbas y artistas del mundo con programas de m\u00fasica tradicional y popular y es organizado por el gobierno del estado a trav\u00e9s del Instituto Estatal de Cultura (IEC), el Consejo Nacional para la Cultura y las Artes (Conaculta) y la Secretar\u00eda de Turismo de Tabasco y participan grupos y solistas de Polonia, Espa\u00f1a, Per\u00fa, Brasil, Canad\u00e1, Dinamarca y M\u00e9xico, este \u00faltimo representado por int\u00e9rpretes de Chiapas, Oaxaca, Distrito Federal y Tabasco. Hoy mi\u00e9rcoles llegar\u00e1 la marimba de la Casa de la Cultura de <strong>Emiliano Zapata<\/strong>, Tabasco; el D\u00fao <strong>Acosta-Santa Cruz<\/strong> de Per\u00fa y el grupo Moros y Cristianos del Distrito Federal. El jueves 20 se contar\u00e1 con la participaci\u00f3n de la Marimba Lira de la ciudad de Villahermosa, Tabasco; el d\u00fao <strong>Callisto<\/strong> de Brasil y el grupo Marimbanda de Chiapas. El viernes 21 contin\u00faa este festival musical con la intervenci\u00f3n del marimbista <strong>Efra\u00edn Paniagua<\/strong> de Tabasco, la solista <strong>Anne Julie Caron<\/strong> de Canad\u00e1 y el Proyecto Rinc\u00f3n de la Marimba de Oaxaca. El festival concluye con el evento internacional, el s\u00e1bado 22 de septiembre con un programa multifac\u00e9tico en el que destacan la Marimba Ra\u00edz Tabasque\u00f1a, Kai Stensgaard de Dinamarca y el Ensamble de Marimbistas Tabasque\u00f1os, acompa\u00f1ado por los solistas participantes.<\/p>\n<p align=\"left\">\u2730\u2730\u2730\u2730\u2730\u00a0La aerol\u00ednea que preside <strong>Roberto Alc\u00e1ntara<\/strong> y dirige <strong>Juan Carlos Zuazua<\/strong>, VivaAerob\u00fas, cumplir\u00e1 el pr\u00f3ximo 1 de diciembre siete a\u00f1os en el mercado. Actualmente cuenta con 50 rutas con 19 aviones y unos 4 millones de pasajeros anuales. Tiene en la mira seguir avanzando y prev\u00e9 adquirir otros 24 aviones. Recientemente VivaAerob\u00fas arranc\u00f3 vuelos de Cuernavaca a Canc\u00fan y Monterrey y tiene frecuencias como Tuxtla-M\u00e9rida o Villahermosa-Canc\u00fan. Su meta est\u00e1 en desarrollar nuevos mercados.<\/p>\n<p align=\"left\"><em><a href=\"mailto:victoriagprado@gmail.com\" target=\"_blank\">victoriagprado@gmail.com<\/a><\/em><\/p>\n","protected":false},"excerpt":{"rendered":"<p>En el marco de la entrega del Premio al M\u00e9rito Empresarial Restaurantero, <em>Unilever Food Solutions<\/em> y la C\u00e1mara Nacional de la Industria de Restaurantes y Alimentos Condimentados (Canirac) entregaron un reconocimiento al Hotel y Restaurante \u201cTierra y Cielo\u201d de San Crist\u00f3bal de las Casas, Chiapas, que acredit\u00f3 buenas pr\u00e1cticas sustentables en los siguientes aspectos de la cadena de valor: Compras, Recepci\u00f3n y Almacenes, Cocina, Servicio, \u00c1rea de Lavado y Basura.<\/p>\n","protected":false},"author":3,"featured_media":0,"comment_status":"open","ping_status":"open","sticky":false,"template":"","format":"standard","meta":{"_monsterinsights_skip_tracking":false,"_monsterinsights_sitenote_active":false,"_monsterinsights_sitenote_note":"","_monsterinsights_sitenote_category":0,"footnotes":""},"categories":[11],"tags":[2269,107,6537,43681,106],"class_list":["post-104590","post","type-post","status-publish","format-standard","hentry","category-turismo","tag-chiapas","tag-de-cinco-estrellas","tag-san-cristobal-de-las-casas","tag-turismo","tag-victoria-gonzalez-prado"],"_links":{"self":[{"href":"https:\/\/www.diarioimagen.net\/index.php?rest_route=\/wp\/v2\/posts\/104590","targetHints":{"allow":["GET"]}}],"collection":[{"href":"https:\/\/www.diarioimagen.net\/index.php?rest_route=\/wp\/v2\/posts"}],"about":[{"href":"https:\/\/www.diarioimagen.net\/index.php?rest_route=\/wp\/v2\/types\/post"}],"author":[{"embeddable":true,"href":"https:\/\/www.diarioimagen.net\/index.php?rest_route=\/wp\/v2\/users\/3"}],"replies":[{"embeddable":true,"href":"https:\/\/www.diarioimagen.net\/index.php?rest_route=%2Fwp%2Fv2%2Fcomments&post=104590"}],"version-history":[{"count":0,"href":"https:\/\/www.diarioimagen.net\/index.php?rest_route=\/wp\/v2\/posts\/104590\/revisions"}],"wp:attachment":[{"href":"https:\/\/www.diarioimagen.net\/index.php?rest_route=%2Fwp%2Fv2%2Fmedia&parent=104590"}],"wp:term":[{"taxonomy":"category","embeddable":true,"href":"https:\/\/www.diarioimagen.net\/index.php?rest_route=%2Fwp%2Fv2%2Fcategories&post=104590"},{"taxonomy":"post_tag","embeddable":true,"href":"https:\/\/www.diarioimagen.net\/index.php?rest_route=%2Fwp%2Fv2%2Ftags&post=104590"}],"curies":[{"name":"wp","href":"https:\/\/api.w.org\/{rel}","templated":true}]}}