{"id":104662,"date":"2012-09-19T00:08:52","date_gmt":"2012-09-19T05:08:52","guid":{"rendered":"http:\/\/www.diarioimagen.net\/?p=104662"},"modified":"2012-09-19T03:53:20","modified_gmt":"2012-09-19T08:53:20","slug":"naucalpan-fortalece-el-apoyo-a-ninos-con-capacidades-diferentes","status":"publish","type":"post","link":"https:\/\/www.diarioimagen.net\/?p=104662","title":{"rendered":"Naucalpan fortalece apoyo a ni\u00f1os con capacidades diferentes"},"content":{"rendered":"<ul>\n<li><strong><em>Les entregan despensas<\/em><\/strong><\/li>\n<\/ul>\n<div id=\"attachment_104713\" style=\"width: 250px\" class=\"wp-caption alignleft\"><a class=\"highslide\" onclick=\"return vz.expand(this)\" href=\"http:\/\/www.diarioimagen.net\/wp-content\/uploads\/2012\/09\/NAUCALPAN-1940.jpg\"><img loading=\"lazy\" decoding=\"async\" aria-describedby=\"caption-attachment-104713\" class=\"size-medium wp-image-104713\" title=\"NAUCALPAN-1940\" src=\"http:\/\/www.diarioimagen.net\/wp-content\/uploads\/2012\/09\/NAUCALPAN-1940-240x135.jpg\" alt=\"\" width=\"240\" height=\"135\" \/><\/a><p id=\"caption-attachment-104713\" class=\"wp-caption-text\">La alcaldesa de Naucalpan, Azucena Olivares, hizo entrega de despensas.<\/p><\/div>\n<p><strong>Naucalpan, Estado de M\u00e9xico<\/strong>.- Al hacer la entrega de despensas a ni\u00f1os con capacidades diferentes, la presidenta municipal, Azucena Olivares, destac\u00f3 que la atenci\u00f3n a este sector de la poblaci\u00f3n ha sido una prioridad, muestra de ello son las m\u00e1s de 140 mil terapias que se han brindado en el Centro de Rehabilitaci\u00f3n Integral y Social (CRIS).<\/p>\n<p>La alcaldesa manifest\u00f3 que \u201cel objetivo de la administraci\u00f3n 2009-2012 es generar las condiciones para incorporar a la vida social a los ni\u00f1os, j\u00f3venes y adultos que padecen alguna discapacidad, y con nuestros diversos programas logramos cumplir la meta\u201d.<\/p>\n<p>Acompa\u00f1ada del presidente del Sistema Municipal DIF, Guillermo Gonz\u00e1lez Mart\u00ednez, la Alcaldesa destac\u00f3 que en tres a\u00f1os de gobierno el CRIS ofreci\u00f3 m\u00e1s de 140 mil terapias a los pacientes, adem\u00e1s de que se abri\u00f3 el espacio para que aprendieran alg\u00fan oficio.<\/p>\n<p>\u201cNuestros pacientes no s\u00f3lo acuden a sus terapias, sino que adem\u00e1s tienen la oportunidad de aprender carpinter\u00eda, panader\u00eda y otros oficios que les ayudan a elevar su autoestima porque se sienten \u00fatiles en sus respectivas familias\u201d, enfatiz\u00f3 Azucena Olivares.<\/p>\n<p>Ante la presencia de Ana Francis Guzm\u00e1n, subsecretaria Regional de Desarrollo Social, la presidenta municipal agradeci\u00f3 al gobernador del estado, Eruviel \u00c1vila Villegas, \u201csu sensibilidad para atender de manera pronta las necesidades de quienes m\u00e1s lo necesitan\u201d.<\/p>\n","protected":false},"excerpt":{"rendered":"<p> Al hacer la entrega de despensas a ni\u00f1os con capacidades diferentes, la presidenta municipal, Azucena Olivares, destac\u00f3<\/p>\n","protected":false},"author":3,"featured_media":0,"comment_status":"open","ping_status":"open","sticky":false,"template":"","format":"standard","meta":{"_monsterinsights_skip_tracking":false,"_monsterinsights_sitenote_active":false,"_monsterinsights_sitenote_note":"","_monsterinsights_sitenote_category":0,"footnotes":""},"categories":[5],"tags":[2954,43675,970],"class_list":["post-104662","post","type-post","status-publish","format-standard","hentry","category-estado-de-mexico","tag-dif","tag-estado-de-mexico","tag-naucalpan"],"_links":{"self":[{"href":"https:\/\/www.diarioimagen.net\/index.php?rest_route=\/wp\/v2\/posts\/104662","targetHints":{"allow":["GET"]}}],"collection":[{"href":"https:\/\/www.diarioimagen.net\/index.php?rest_route=\/wp\/v2\/posts"}],"about":[{"href":"https:\/\/www.diarioimagen.net\/index.php?rest_route=\/wp\/v2\/types\/post"}],"author":[{"embeddable":true,"href":"https:\/\/www.diarioimagen.net\/index.php?rest_route=\/wp\/v2\/users\/3"}],"replies":[{"embeddable":true,"href":"https:\/\/www.diarioimagen.net\/index.php?rest_route=%2Fwp%2Fv2%2Fcomments&post=104662"}],"version-history":[{"count":0,"href":"https:\/\/www.diarioimagen.net\/index.php?rest_route=\/wp\/v2\/posts\/104662\/revisions"}],"wp:attachment":[{"href":"https:\/\/www.diarioimagen.net\/index.php?rest_route=%2Fwp%2Fv2%2Fmedia&parent=104662"}],"wp:term":[{"taxonomy":"category","embeddable":true,"href":"https:\/\/www.diarioimagen.net\/index.php?rest_route=%2Fwp%2Fv2%2Fcategories&post=104662"},{"taxonomy":"post_tag","embeddable":true,"href":"https:\/\/www.diarioimagen.net\/index.php?rest_route=%2Fwp%2Fv2%2Ftags&post=104662"}],"curies":[{"name":"wp","href":"https:\/\/api.w.org\/{rel}","templated":true}]}}