{"id":104762,"date":"2012-09-20T00:08:40","date_gmt":"2012-09-20T05:08:40","guid":{"rendered":"http:\/\/www.diarioimagen.net\/?p=104762"},"modified":"2012-09-20T05:11:37","modified_gmt":"2012-09-20T10:11:37","slug":"funcionara-indefinidamente-el-operativo-neza-neme-sastre","status":"publish","type":"post","link":"https:\/\/www.diarioimagen.net\/?p=104762","title":{"rendered":"Funcionar\u00e1 indefinidamente el <em>Operativo Neza<\/em>: Neme Sastr\u00e9"},"content":{"rendered":"<ul>\n<li><em><strong>Participan la Secretar\u00eda de Seguridad Ciudadana, Ej\u00e9rcito y las polic\u00edas Federal, Estatal y Municipal<\/strong><\/em><\/li>\n<\/ul>\n<div id=\"attachment_104865\" style=\"width: 250px\" class=\"wp-caption alignleft\"><a class=\"highslide\" onclick=\"return vz.expand(this)\" href=\"http:\/\/www.diarioimagen.net\/wp-content\/uploads\/2012\/09\/ejercito-neza-1941.jpg\"><img loading=\"lazy\" decoding=\"async\" aria-describedby=\"caption-attachment-104865\" class=\"size-medium wp-image-104865\" title=\"ejercito-neza-1941\" src=\"http:\/\/www.diarioimagen.net\/wp-content\/uploads\/2012\/09\/ejercito-neza-1941-240x135.jpg\" alt=\"\" width=\"240\" height=\"135\" \/><\/a><p id=\"caption-attachment-104865\" class=\"wp-caption-text\">El operativo funcionar\u00e1 de manera indefinida.<\/p><\/div>\n<p><strong>Nezahualc\u00f3yotl, Estado de M\u00e9xico<\/strong>.- A partir de ayer y de manera indefinida, m\u00e1s de mil elementos de la Secretar\u00eda de Seguridad Ciudadana (SSC), el Ej\u00e9rcito Mexicano y las polic\u00edas Federal, Ministerial y Municipal de esta demarcaci\u00f3n, implementan el <em>Operativo Neza<\/em>, bajo un esquema de seguridad basado en la microrregionalizaci\u00f3n para aumentar el nivel de efectividad en las operaciones policiales, anunci\u00f3 el secretario de Seguridad Ciudadana, Salvador Neme Sastr\u00e9.<\/p>\n<p>\u201cEl <em>Operativo Neza<\/em> se trata de un nuevo esquema que divide en cuadrantes la regi\u00f3n, que incluye filtros de revisi\u00f3n instalados de forma estrat\u00e9gica e itinerantes para incrementar la seguridad en las principiales entradas y salidas del municipio y detectar delitos de alto impacto,como secuestros y homicidios\u201d.<\/p>\n<p>Al pie de la escultura El Coyote, en la glorieta ubicada en el cruce de las avenidas Pantitl\u00e1n y Adolfo L\u00f3pez Mateos, el secretario Salvador Neme expuso que movilizar\u00e1n 716 elementos de la SSC, con 92 unidades, que permanecer\u00e1n en el municipio, mientras que el estado de fuerza ser\u00e1 incrementado por las autoridades federales conforme a su operaci\u00f3n de \u00e1rea.<\/p>\n<p>Acompa\u00f1ado por mandos y elementos de las corporaciones participantes, asegur\u00f3 que se busca incrementar la efectividad y delimitar \u00e1reas de responsabilidad para cada una de las 108 colonias y mejorar el tiempo de respuesta ante un evento delictivo reportado y detectado.<\/p>\n<p>Tambi\u00e9n indic\u00f3 que se implementar\u00e1n recorridos denominados Grupos Volantas, que estar\u00e1n conformados por las corporaciones participantes, para aumentar la capacidad de equipamiento con un mayor n\u00famero de armas de fuego para uso exclusivo de las fuerzas armadas, y asimismo helic\u00f3pteros del grupo Rel\u00e1mpagos apoyar\u00e1n para coordinar la seguridad aire-tierra.<\/p>\n<p>El funcionario estatal asegur\u00f3 que de manera permanente se aplicar\u00e1n operativos de seguridad en 42 cuadrantes, 26 filtros de revisi\u00f3n, 15 volantas de patrullaje y 150 unidades de corporaciones que se encuentran en el nuevo esquema de seguridad y se dar\u00e1 especial atenci\u00f3n a las colonas Virgencitas, Metropolitana, Estado de M\u00e9xico, El Sol, Bosques y Valles de Arag\u00f3n, Benito Ju\u00e1rez, La Perla, Las \u00c1guilas, Rey Neza, Floresta, Ciudad Lago, Impulsora y Campestre Guadalupana.<\/p>\n<p>Neme Sastr\u00e9 indic\u00f3 que este operativo se defini\u00f3 ante el incremento delincuencial registrado en el municipio en estas dos semanas, y de resultar exitoso se llevara a cabo en otros municipios de la zona oriente.<\/p>\n","protected":false},"excerpt":{"rendered":"<p>A partir de ayer y de manera indefinida, m\u00e1s de mil elementos de la Secretar\u00eda de Seguridad Ciudadana (SSC), el Ej\u00e9rcito Mexicano y las polic\u00edas Federal, Ministerial y Municipal de esta demarcaci\u00f3n, implementan el Operativo Neza, bajo un esquema de seguridad basado en la microrregionalizaci\u00f3n para aumentar el nivel de efectividad en las operaciones policiales, anunci\u00f3 el secretario de Seguridad Ciudadana, Salvador Neme Sastr\u00e9.<\/p>\n","protected":false},"author":3,"featured_media":0,"comment_status":"open","ping_status":"open","sticky":false,"template":"","format":"standard","meta":{"_monsterinsights_skip_tracking":false,"_monsterinsights_sitenote_active":false,"_monsterinsights_sitenote_note":"","_monsterinsights_sitenote_category":0,"footnotes":""},"categories":[5],"tags":[43675,1577,8483,20786],"class_list":["post-104762","post","type-post","status-publish","format-standard","hentry","category-estado-de-mexico","tag-estado-de-mexico","tag-nezahualcoyotl","tag-salvador-neme-sastre","tag-seguridad-ciudadana"],"_links":{"self":[{"href":"https:\/\/www.diarioimagen.net\/index.php?rest_route=\/wp\/v2\/posts\/104762","targetHints":{"allow":["GET"]}}],"collection":[{"href":"https:\/\/www.diarioimagen.net\/index.php?rest_route=\/wp\/v2\/posts"}],"about":[{"href":"https:\/\/www.diarioimagen.net\/index.php?rest_route=\/wp\/v2\/types\/post"}],"author":[{"embeddable":true,"href":"https:\/\/www.diarioimagen.net\/index.php?rest_route=\/wp\/v2\/users\/3"}],"replies":[{"embeddable":true,"href":"https:\/\/www.diarioimagen.net\/index.php?rest_route=%2Fwp%2Fv2%2Fcomments&post=104762"}],"version-history":[{"count":0,"href":"https:\/\/www.diarioimagen.net\/index.php?rest_route=\/wp\/v2\/posts\/104762\/revisions"}],"wp:attachment":[{"href":"https:\/\/www.diarioimagen.net\/index.php?rest_route=%2Fwp%2Fv2%2Fmedia&parent=104762"}],"wp:term":[{"taxonomy":"category","embeddable":true,"href":"https:\/\/www.diarioimagen.net\/index.php?rest_route=%2Fwp%2Fv2%2Fcategories&post=104762"},{"taxonomy":"post_tag","embeddable":true,"href":"https:\/\/www.diarioimagen.net\/index.php?rest_route=%2Fwp%2Fv2%2Ftags&post=104762"}],"curies":[{"name":"wp","href":"https:\/\/api.w.org\/{rel}","templated":true}]}}