{"id":104796,"date":"2012-09-20T00:01:59","date_gmt":"2012-09-20T05:01:59","guid":{"rendered":"http:\/\/www.diarioimagen.net\/?p=104796"},"modified":"2012-09-21T03:03:32","modified_gmt":"2012-09-21T08:03:32","slug":"pais-destrozado-puros-fracasos-y-corrupcion","status":"publish","type":"post","link":"https:\/\/www.diarioimagen.net\/?p=104796","title":{"rendered":"Pa\u00eds destrozado: puros fracasos y corrupci\u00f3n"},"content":{"rendered":"<h2>Pol\u00edtica Spot<\/h2>\n<h5>Juan Manuel Maga\u00f1a<\/h5>\n<p><span><br \/>\nUn cosa es el pa\u00eds del spot y otra muy distinta es la realidad. Qu\u00e9 bonito es leer mensajes de propaganda y que duro es salir a reconocer o a que le reprochen los fracasos.<\/span><\/p>\n<p>Y van cuatro contrastes al hilo entre lo que la tele tapa y la verdad en esta misma semana:<\/p>\n<p>Calder\u00f3n tuvo que calificar de deplorable la fuga de 131 reos del penal de Piedras Negras, Coahuila.\u00a0 Al mismo tiempo, le revent\u00f3 un gasoducto que corre de Reynosa a Monterrey, hecho que caus\u00f3 la muerte a 26 personas y lesiones a otras 46.<\/p>\n<p>Y se la recordaron y le gritaron \u201c\u00a1Asesino\u00a1\u201d durante El Grito y en una ceremonia del IFAI, donde adem\u00e1s le reprocharon la corrupta construcci\u00f3n de la lamentable \u201cEstela de Luz\u201d.<\/p>\n<p>Algunas de sus respuestas son bien sintom\u00e1ticas. B\u00e1sicamente, trata de repartir culpas.<\/p>\n<p>Sobre la fuga de reos escribi\u00f3 en twiter:\u00a0 \u201cDeplorable la fuga del penal estatal de Piedras Negras. Debe corregirse la vulnerabilidad de instituciones de justicia estatales\u201d. O sea,\u00a0 son los otros no mi desgobierno.<\/p>\n<p>Acerca de la \u201cEstela de Luz\u201d contest\u00f3 que la obra \u201cfue decidida por un comit\u00e9 de expertos, de arquitectos de la Ciudad de M\u00e9xico, de la Universidad Nacional, del gobierno federal. O sea, fueron m\u00e1s ellos que mi desgobierno. O todos estamos embarrados.<\/p>\n<p>De lo de Pemex seguramente dir\u00e1 \u00e9l que fue una falla humana y no la falta de mantenimiento ni la gigantesca corrupci\u00f3n que \u00e9l ha dejado que carcoma a la paraestatal. O sea, fue alg\u00fan zonzo, no mi desgobierno.<\/p>\n<p>Y aqu\u00ed est\u00e1 el punto. Calder\u00f3n finge no ver la corrupci\u00f3n ni en Pemex, ni en penales, ni en los gastos del gobierno.<\/p>\n<p>Con esos ojos de \u00e9l y esas respuestas frente a lo evidente, habr\u00eda que imaginar, no mucho, lo que hay que rascarle a este desgobierno.<\/p>\n<p>Tengo la teor\u00eda, y creo que muchos tambi\u00e9n, de que tanto Fox como Calder\u00f3n acabaron aquel famoso \u201cA\u00f1o de Hidalgo\u201d, pero nom\u00e1s para convertirlo en todo un \u201cSexenio de Hidalgo\u201d.\u00a0 Y todos en esos gobiernos, a\u00f1o por a\u00f1o, han hecho de las suyas, empezando por quienes ustedes creen.<\/p>\n<p>Porque adem\u00e1s aprendieron algo que me imagino que para ellos es la gloria: c\u00f3mo se logra la impunidad. Otra clase de gloria hubiera sido si ellos hubiesen acabado con eso que ha lubricado un sistema pol\u00edtico de casi cien a\u00f1os. Pero eso no se les dio.<\/p>\n<p>Por eso quiz\u00e1 hay algo de inexacto cuando se dice que ah\u00ed\u00a0 viene el PRI con todas sus viejas ma\u00f1as. Cu\u00e1les ma\u00f1as, si no se han ido y hasta fueron corregidas y aumentadas por la hipocres\u00eda de dos ambiciosos panistas que, \u00a1oh paradoja!, esos ten\u00edan ansias de que les hiciera justicia la Revoluci\u00f3n.<\/p>\n<p>Pero yo sigo intrigado en lo de fondo. Que va a hacer el PRI. \u00bfAcabar con la impunidad? S\u00ed, \u00bfno?<\/p>\n<p><em><a href=\"mailto: maganapalace@yahoo.com.mx\" target=\"_blank\">maganapalace@yahoo.com.mx<\/a><\/em><\/p>\n","protected":false},"excerpt":{"rendered":"<p><span style=\"color: #005497;\"><strong>Juan Manuel Maga\u00f1a<\/strong><\/span><\/p>\n","protected":false},"author":3,"featured_media":0,"comment_status":"open","ping_status":"open","sticky":false,"template":"","format":"standard","meta":{"_monsterinsights_skip_tracking":false,"_monsterinsights_sitenote_active":false,"_monsterinsights_sitenote_note":"","_monsterinsights_sitenote_category":0,"footnotes":""},"categories":[22905],"tags":[43709,43674,9581,22904],"class_list":["post-104796","post","type-post","status-publish","format-standard","hentry","category-juan-manuel-magana","tag-juan-manuel-magana","tag-opinion","tag-piedras-negras","tag-politica-spot"],"_links":{"self":[{"href":"https:\/\/www.diarioimagen.net\/index.php?rest_route=\/wp\/v2\/posts\/104796","targetHints":{"allow":["GET"]}}],"collection":[{"href":"https:\/\/www.diarioimagen.net\/index.php?rest_route=\/wp\/v2\/posts"}],"about":[{"href":"https:\/\/www.diarioimagen.net\/index.php?rest_route=\/wp\/v2\/types\/post"}],"author":[{"embeddable":true,"href":"https:\/\/www.diarioimagen.net\/index.php?rest_route=\/wp\/v2\/users\/3"}],"replies":[{"embeddable":true,"href":"https:\/\/www.diarioimagen.net\/index.php?rest_route=%2Fwp%2Fv2%2Fcomments&post=104796"}],"version-history":[{"count":0,"href":"https:\/\/www.diarioimagen.net\/index.php?rest_route=\/wp\/v2\/posts\/104796\/revisions"}],"wp:attachment":[{"href":"https:\/\/www.diarioimagen.net\/index.php?rest_route=%2Fwp%2Fv2%2Fmedia&parent=104796"}],"wp:term":[{"taxonomy":"category","embeddable":true,"href":"https:\/\/www.diarioimagen.net\/index.php?rest_route=%2Fwp%2Fv2%2Fcategories&post=104796"},{"taxonomy":"post_tag","embeddable":true,"href":"https:\/\/www.diarioimagen.net\/index.php?rest_route=%2Fwp%2Fv2%2Ftags&post=104796"}],"curies":[{"name":"wp","href":"https:\/\/api.w.org\/{rel}","templated":true}]}}