{"id":104901,"date":"2012-09-21T00:08:18","date_gmt":"2012-09-21T05:08:18","guid":{"rendered":"http:\/\/www.diarioimagen.net\/?p=104901"},"modified":"2012-09-21T05:32:06","modified_gmt":"2012-09-21T10:32:06","slug":"operativos-de-seguridad-son-necesarios-senala-gasca-pliego","status":"publish","type":"post","link":"https:\/\/www.diarioimagen.net\/?p=104901","title":{"rendered":"Operativos de seguridad son necesarios: Gasca Pliego"},"content":{"rendered":"<p><a class=\"highslide\" onclick=\"return vz.expand(this)\" href=\"http:\/\/www.diarioimagen.net\/wp-content\/uploads\/2012\/09\/ejercito-neza-1942.jpg\"><img loading=\"lazy\" decoding=\"async\" class=\"aligncenter size-large wp-image-104989\" title=\"ejercito-neza-1942\" src=\"http:\/\/www.diarioimagen.net\/wp-content\/uploads\/2012\/09\/ejercito-neza-1942-420x279.jpg\" alt=\"\" width=\"420\" height=\"279\" \/><\/a><\/p>\n<p>El rector de la Universidad Aut\u00f3noma del Estado de M\u00e9xico (UAEM), Eduardo Gasca Pliego, asegur\u00f3 que son necesarios los operativos del Ej\u00e9rcito en el municipio de Nezahualc\u00f3yotl y en el Valle de Toluca. Dijo que los despliegues coordinados entre la Secretar\u00eda de Seguridad Ciudadana (SSC) y el Ej\u00e9rcito son de suma importancia, pero es prioritario mejorar las oportunidades de empleo, educaci\u00f3n y otro tipo de medidas para que haya condiciones de vida adecuadas entre la poblaci\u00f3n.<\/p>\n","protected":false},"excerpt":{"rendered":"<p>El rector de la Universidad Aut\u00f3noma del Estado de M\u00e9xico (UAEM), Eduardo Gasca Pliego, asegur\u00f3 que son necesarios los operativos del Ej\u00e9rcito en el municipio de Nezahualc\u00f3yotl y en el Valle de Toluca. Dijo que los despliegues coordinados entre la Secretar\u00eda de Seguridad Ciudadana (SSC) y el Ej\u00e9rcito son de suma importancia, pero es prioritario mejorar las oportunidades de empleo, educaci\u00f3n y otro tipo de medidas para que haya condiciones de vida adecuadas entre la poblaci\u00f3n.<\/p>\n","protected":false},"author":3,"featured_media":0,"comment_status":"open","ping_status":"open","sticky":false,"template":"","format":"standard","meta":{"_monsterinsights_skip_tracking":false,"_monsterinsights_sitenote_active":false,"_monsterinsights_sitenote_note":"","_monsterinsights_sitenote_category":0,"footnotes":""},"categories":[5],"tags":[1492,43675,1490],"class_list":["post-104901","post","type-post","status-publish","format-standard","hentry","category-estado-de-mexico","tag-eduardo-gasca-pliego","tag-estado-de-mexico","tag-universidad-autonoma-del-estado-de-mexico"],"_links":{"self":[{"href":"https:\/\/www.diarioimagen.net\/index.php?rest_route=\/wp\/v2\/posts\/104901","targetHints":{"allow":["GET"]}}],"collection":[{"href":"https:\/\/www.diarioimagen.net\/index.php?rest_route=\/wp\/v2\/posts"}],"about":[{"href":"https:\/\/www.diarioimagen.net\/index.php?rest_route=\/wp\/v2\/types\/post"}],"author":[{"embeddable":true,"href":"https:\/\/www.diarioimagen.net\/index.php?rest_route=\/wp\/v2\/users\/3"}],"replies":[{"embeddable":true,"href":"https:\/\/www.diarioimagen.net\/index.php?rest_route=%2Fwp%2Fv2%2Fcomments&post=104901"}],"version-history":[{"count":0,"href":"https:\/\/www.diarioimagen.net\/index.php?rest_route=\/wp\/v2\/posts\/104901\/revisions"}],"wp:attachment":[{"href":"https:\/\/www.diarioimagen.net\/index.php?rest_route=%2Fwp%2Fv2%2Fmedia&parent=104901"}],"wp:term":[{"taxonomy":"category","embeddable":true,"href":"https:\/\/www.diarioimagen.net\/index.php?rest_route=%2Fwp%2Fv2%2Fcategories&post=104901"},{"taxonomy":"post_tag","embeddable":true,"href":"https:\/\/www.diarioimagen.net\/index.php?rest_route=%2Fwp%2Fv2%2Ftags&post=104901"}],"curies":[{"name":"wp","href":"https:\/\/api.w.org\/{rel}","templated":true}]}}