{"id":104907,"date":"2012-09-21T00:06:45","date_gmt":"2012-09-21T05:06:45","guid":{"rendered":"http:\/\/www.diarioimagen.net\/?p=104907"},"modified":"2012-09-21T05:25:30","modified_gmt":"2012-09-21T10:25:30","slug":"la-pension-de-calderon","status":"publish","type":"post","link":"https:\/\/www.diarioimagen.net\/?p=104907","title":{"rendered":"La pensi\u00f3n de Calder\u00f3n"},"content":{"rendered":"<h2>\u00cdndice pol\u00edtico<\/h2>\n<h5>Francisco Rodr\u00edguez<\/h5>\n<p><span><br \/>\nGracias a las reformas de las leyes del IMSS y del ISSSTE, los pensionados por esos organismos mutualistas apenas si obtendr\u00e1n ingresos mensuales que no suman m\u00e1s del 30 por ciento del equivalente a la \u00faltima percepci\u00f3n salarial recibida, luego entonces \u00bfpor qu\u00e9 Felipe Calder\u00f3n se va a ir el pr\u00f3ximo 30 de noviembre percibiendo 215 mil pesos mensuales que equivalen a algo as\u00ed como el 85% del \u00faltimo cheque que le pagaremos los contribuyentes por haber ocupado Los Pinos? \u00bfPor qu\u00e9 \u00e9l s\u00ed y los dem\u00e1s ciudadanos no?<\/span><\/p>\n<p>\u201cEn estricta l\u00f3gica republicana \u2013escrib\u00eda hace no muchos ayeres el analista Arnaldo C\u00f3rdova \u2014, deber\u00eda suponerse que, antes de ser presidente, el ciudadano que llega a serlo viv\u00eda de un oficio o de un negocio.<\/p>\n<p>Luego de desempe\u00f1ar su puesto, otorgado por la ciudadan\u00eda, deber\u00eda volver a vivir de lo que viv\u00eda antes y no pretender que la sociedad, tan esquilmada ya de por s\u00ed, lo siga manteniendo como si todav\u00eda lo hiciera, siendo que eso resulta costos\u00edsimo.<\/p>\n<p>Que esos gravos\u00edsimos privilegios se mantengan s\u00f3lo demuestra que la nuestra no es una Rep\u00fablica de ciudadanos, sino una sociedad de privilegios que anula la ley y la misma Constituci\u00f3n\u201d.<\/p>\n<p>O una suerte de monarqu\u00eda mal disfrazada, \u00bfno cree usted?<\/p>\n<p>Porque, para empezar, pedirle a Calder\u00f3n que regrese a trabajar de lo que antes lo hac\u00eda es un sinsentido. \u00bfCu\u00e1ndo ha trabajado el michoacano? Siempre ha vivido de la \u201cgrilla\u201d, ya como funcionario de su partido, ya como legislador pero, que se sepa, jam\u00e1s ha dado golpe en empresa alguna, no obstante por ah\u00ed se le haya inventado que dizque se desempe\u00f1\u00f3 como analista de un banco privado, pero tal s\u00f3lo fue para justificar el poder tener acceso a un cr\u00e9dito hipotecario que se auto-otorg\u00f3 apenas llegando a dirigir Banobras\u2026 y al que tuvo que renunciar por el esc\u00e1ndalo desatado.<\/p>\n<p>Ernesto Zedillo es el \u00fanico ex presidente que no gravita en torno a los impuestos que pagamos quienes vivimos aqu\u00ed.<\/p>\n<p>Se neg\u00f3 a recibir la pensi\u00f3n de la que s\u00ed gozan Luis Echeverr\u00eda, Carlos Salinas y Vicente Fox \u2014quien incluso aleg\u00f3 que le era necesaria para \u201csobrevivir\u201d\u2014, porque se ha empleado como investigador, acad\u00e9mico y consejero de algunas de las empresas que privatiz\u00f3 o, como los ferrocarriles, de plano entreg\u00f3 a extranjeros.<\/p>\n<p>\u00bfDebe ser vitalicia la pensi\u00f3n a los ex presidentes?<\/p>\n<p>Con esos montos gravitando sobre los presupuestos p\u00fablicos, la l\u00f3gica aconsejar\u00eda que no. Que, como cualquier hijo de vecino, los ex encargados de la rex publica, nuestros empleados al fin y al cabo, se tomar\u00e1n un par de a\u00f1itos para reposar del ajetreo de un sexenio y luego se pusieran efectivamente a trabajar.<\/p>\n<p>S\u00f3lo durante ese periodo deber\u00edan hacerse acreedores a la pensi\u00f3n.<\/p>\n<p>Porque la mayor\u00eda son longevos -de tan bien cuidados que se la pasan los seis a\u00f1os que viven en Los Pinos-, y m\u00e1s caros todav\u00eda nos saldr\u00e1n si, como en el caso de Salinas, el propio Calder\u00f3n y, dentro de un par de meses Pe\u00f1a Nieto, llegan a sentarse en \u201cDo\u00f1a Leonor\u201d-como los cl\u00e1sicos bautizaran a la silla presidencial-, a la mitad de su cuarta d\u00e9cada.<\/p>\n<p>Pagarles una pensi\u00f3n de esa envergadura durante todo el resto de su vida es un exceso, si se toma en cuenta, adem\u00e1s, de que se les dota de un presupuesto anual que cubre pr\u00e1cticamente todas sus necesidades de oficina, seguridad militar, seguros m\u00e9dicos y de vida, as\u00ed como viajes, entre otras minucias.<\/p>\n<p>Esas pensiones para ex presidentes son un c\u00famulo de bofetadas a la mayor\u00eda de los mexicanos ya retirados o jubilados, que en su mayor\u00eda apenas subsisten con ingresos a\u00fan menores al salario m\u00ednimo y tienen que recurrir a ese enga\u00f1o que es el Seguro Popular.<\/p>\n<p>Es, adem\u00e1s, totalmente antidemocr\u00e1tico. Convierte a esos dizque servidores p\u00fablicos en ciudadanos de excepci\u00f3n.<\/p>\n<p>Calder\u00f3n, igual que sucedi\u00f3 con Fox, se ir\u00e1 millonario de Los Pinos. Y no s\u00f3lo porque posiblemente haya sido part\u00edcipe de alg\u00fan negocito o, como Salinas, haya sustra\u00eddo recursos de las partidas secretas, sino porque debi\u00f3 haber ahorrado en su seguro de separaci\u00f3n, ese que la administraci\u00f3n federal duplica al 100 por ciento a los suyos. As\u00ed, si durante los seis a\u00f1os guard\u00f3 el 5% de sus ingresos, al michoacano le van a dar el 10% del total de lo que haya percibido. Y eso son millones de pesos.<\/p>\n<p>A\u00fan as\u00ed, lo vamos a mantener de por vida.<\/p>\n<p>Vaya injusticia, \u00bfno cree usted?<\/p>\n<p><em><strong>\u00cdndice Flam\u00edgero<\/strong><\/em>: El economista y ex diputado Mario di Constanzo desglos\u00f3 en su cuenta de Twitter en qu\u00e9 consiste la pensi\u00f3n que tendr\u00e1 Calder\u00f3n desde el pr\u00f3ximo diciembre: \u201cSu pensi\u00f3n mensual ser\u00e1 de 150 mil pesos, m\u00e1s 291 mil de bonos e incentivos, adem\u00e1s tendr\u00e1 2 camionetas blindadas, 3 choferes, tres carros de escolta, vi\u00e1ticos, telefon\u00eda y ayuda de despensa. Tambi\u00e9n tendr\u00e1 45 militares a su servicio, m\u00e1s 22 de la Armada y 11 de la Fuerza A\u00e9rea, m\u00e1s 25 personas como personal administrativo. \u00a1En suma nos costar\u00e1 54 mdp, de por vida! \u00a1Es una burla a la gente, que la pensi\u00f3n de Calder\u00f3n nos vaya a costar a los mexicanos, 54 millones de pesos al a\u00f1o!\u201d + + + Y no ser\u00e1 sino hasta dentro de 71 d\u00edas que Calder\u00f3n pase al cada vez m\u00e1s nutrido grupo de los jubilados.<\/p>\n<p><em><a href=\"http:\/\/www.indicepolitico.com\/\" target=\"_blank\"><em>www.indicepolitico.com<\/em><\/a><br \/>\n<\/em><em><a href=\"mailto:pacorodriguez@journalist.com\" target=\"_blank\">pacorodriguez@journalist.com<\/a><\/em><\/p>\n","protected":false},"excerpt":{"rendered":"<p><span style=\"color: #005497;\"><strong>Francisco Rodr\u00edguez<\/strong><\/span><\/p>\n","protected":false},"author":3,"featured_media":0,"comment_status":"open","ping_status":"open","sticky":false,"template":"","format":"standard","meta":{"_monsterinsights_skip_tracking":false,"_monsterinsights_sitenote_active":false,"_monsterinsights_sitenote_note":"","_monsterinsights_sitenote_category":0,"footnotes":""},"categories":[549],"tags":[43689,257,550,952,43674],"class_list":["post-104907","post","type-post","status-publish","format-standard","hentry","category-francisco-rodriguez","tag-francisco-rodriguez","tag-imss","tag-indice-politico","tag-issste","tag-opinion"],"_links":{"self":[{"href":"https:\/\/www.diarioimagen.net\/index.php?rest_route=\/wp\/v2\/posts\/104907","targetHints":{"allow":["GET"]}}],"collection":[{"href":"https:\/\/www.diarioimagen.net\/index.php?rest_route=\/wp\/v2\/posts"}],"about":[{"href":"https:\/\/www.diarioimagen.net\/index.php?rest_route=\/wp\/v2\/types\/post"}],"author":[{"embeddable":true,"href":"https:\/\/www.diarioimagen.net\/index.php?rest_route=\/wp\/v2\/users\/3"}],"replies":[{"embeddable":true,"href":"https:\/\/www.diarioimagen.net\/index.php?rest_route=%2Fwp%2Fv2%2Fcomments&post=104907"}],"version-history":[{"count":0,"href":"https:\/\/www.diarioimagen.net\/index.php?rest_route=\/wp\/v2\/posts\/104907\/revisions"}],"wp:attachment":[{"href":"https:\/\/www.diarioimagen.net\/index.php?rest_route=%2Fwp%2Fv2%2Fmedia&parent=104907"}],"wp:term":[{"taxonomy":"category","embeddable":true,"href":"https:\/\/www.diarioimagen.net\/index.php?rest_route=%2Fwp%2Fv2%2Fcategories&post=104907"},{"taxonomy":"post_tag","embeddable":true,"href":"https:\/\/www.diarioimagen.net\/index.php?rest_route=%2Fwp%2Fv2%2Ftags&post=104907"}],"curies":[{"name":"wp","href":"https:\/\/api.w.org\/{rel}","templated":true}]}}