{"id":104921,"date":"2012-09-21T00:04:16","date_gmt":"2012-09-21T05:04:16","guid":{"rendered":"http:\/\/www.diarioimagen.net\/?p=104921"},"modified":"2012-09-21T05:25:43","modified_gmt":"2012-09-21T10:25:43","slug":"fita-2012","status":"publish","type":"post","link":"https:\/\/www.diarioimagen.net\/?p=104921","title":{"rendered":"FITA 2012"},"content":{"rendered":"<h2>Detr\u00e1s del Poder<\/h2>\n<h5>Jos\u00e9 Antonio L\u00f3pez Sosa<\/h5>\n<p><span><br \/>\nComenz\u00f3 la Feria Internacional de Turismo de las Am\u00e9ricas (FITA) en su edici\u00f3n 2012, es el tercer a\u00f1o consecutivo que esta feria se lleva a cabo.<\/span><\/p>\n<p>De diversas partes del mundo han acudido expositores para mostrar al mercado mexicano, las distintas opciones para los viajeros nacionales, del mismo modo, pr\u00e1cticamente todos los estados de la federaci\u00f3n tienen presencia en la b\u00fasqueda por reposicionar a nuestro pa\u00eds como una potencia tur\u00edstica.<\/p>\n<p>Inauguraron la feria la secretaria de Turismo Gloria Guevara, tambi\u00e9n el jefe de Gobierno del Distrito Federal, Marcelo Ebrard, inmediatamente despu\u00e9s se llev\u00f3 a cabo una sesi\u00f3n de la CONAGO y su Comisi\u00f3n de Turismo, ah\u00ed se trataron los temas coyunturales en v\u00edsperas del cambio de administraci\u00f3n federal.<\/p>\n<p>Nuestra emisi\u00f3n F\u00f3rmula Confidencial, con el suplemento tur\u00edstico De Viaje en F\u00f3rmula Confidencial est\u00e1 presente en el pabell\u00f3n de medios asociados, con Delfos, empresa productora de nuestro espacio radiof\u00f3nico, ello con el af\u00e1n de sumar a la gran necesidad nacional de coadyuvar en el sector tur\u00edstico, una industria sin chimeneas que se convierte d\u00eda tras d\u00eda en una de las actividades econ\u00f3micas m\u00e1s importantes del pa\u00eds.<\/p>\n<p>Ah\u00ed estaremos, hoy, el s\u00e1bado y el domingo acompa\u00f1ando este esfuerzo del gobierno de la Ciudad de M\u00e9xico por reposicionar el turismo en el pa\u00eds.<\/p>\n<p><em><a href=\"mailto:lopez.sosa@mexico.com\" target=\"_blank\">lopez.sosa@mexico.com<\/a><\/em><br \/>\n<em><a href=\"http:\/\/twitter.com\/#%21\/joseantonio1977\" target=\"_blank\">@joseantonio1977<br \/>\n<\/a><\/em><em><a href=\"http:\/\/www.formulaconfidencial.com.mx\" target=\"_blank\">www.formulaconfidencial.com.mx<\/a><\/em><\/p>\n","protected":false},"excerpt":{"rendered":"<p><span style=\"color: #005497;\"><strong>Jos\u00e9 Antonio L\u00f3pez Sosa<\/strong><\/span><\/p>\n","protected":false},"author":3,"featured_media":0,"comment_status":"open","ping_status":"open","sticky":false,"template":"","format":"standard","meta":{"_monsterinsights_skip_tracking":false,"_monsterinsights_sitenote_active":false,"_monsterinsights_sitenote_note":"","_monsterinsights_sitenote_category":0,"footnotes":""},"categories":[637],"tags":[638,19996,43690,43674],"class_list":["post-104921","post","type-post","status-publish","format-standard","hentry","category-jose-antonio-lopez-sosa","tag-detras-del-poder","tag-feria-internacional-de-turismo-de-las-americas","tag-jose-antonio-lopez-sosa","tag-opinion"],"_links":{"self":[{"href":"https:\/\/www.diarioimagen.net\/index.php?rest_route=\/wp\/v2\/posts\/104921","targetHints":{"allow":["GET"]}}],"collection":[{"href":"https:\/\/www.diarioimagen.net\/index.php?rest_route=\/wp\/v2\/posts"}],"about":[{"href":"https:\/\/www.diarioimagen.net\/index.php?rest_route=\/wp\/v2\/types\/post"}],"author":[{"embeddable":true,"href":"https:\/\/www.diarioimagen.net\/index.php?rest_route=\/wp\/v2\/users\/3"}],"replies":[{"embeddable":true,"href":"https:\/\/www.diarioimagen.net\/index.php?rest_route=%2Fwp%2Fv2%2Fcomments&post=104921"}],"version-history":[{"count":0,"href":"https:\/\/www.diarioimagen.net\/index.php?rest_route=\/wp\/v2\/posts\/104921\/revisions"}],"wp:attachment":[{"href":"https:\/\/www.diarioimagen.net\/index.php?rest_route=%2Fwp%2Fv2%2Fmedia&parent=104921"}],"wp:term":[{"taxonomy":"category","embeddable":true,"href":"https:\/\/www.diarioimagen.net\/index.php?rest_route=%2Fwp%2Fv2%2Fcategories&post=104921"},{"taxonomy":"post_tag","embeddable":true,"href":"https:\/\/www.diarioimagen.net\/index.php?rest_route=%2Fwp%2Fv2%2Ftags&post=104921"}],"curies":[{"name":"wp","href":"https:\/\/api.w.org\/{rel}","templated":true}]}}