{"id":105040,"date":"2012-09-22T00:01:19","date_gmt":"2012-09-22T05:01:19","guid":{"rendered":"http:\/\/www.diarioimagen.net\/?p=105040"},"modified":"2012-09-22T02:40:16","modified_gmt":"2012-09-22T07:40:16","slug":"hijos-de-talamantes","status":"publish","type":"post","link":"https:\/\/www.diarioimagen.net\/?p=105040","title":{"rendered":"Hijos de Talamantes"},"content":{"rendered":"<h2>Pol\u00edtica Spot<\/h2>\n<h5>Juan Manuel Maga\u00f1a<\/h5>\n<p><span><br \/>\nNunca he entendido por completo por qu\u00e9 L\u00f3pez Obrador hizo tan poderosos a los <em>Chuchos<\/em>. Lo entiendo s\u00f3lo a medias, cuando a veces se dice que \u00abcon estos bueyes hay que arar\u00bb, porque nom\u00e1s no hay m\u00e1s.<\/span><\/p>\n<p>Pero hace seis a\u00f1os y ahora, AMLO termin\u00f3 por darles mucho m\u00e1s de lo que ellos le dieron, en \u00a0grado tal que los malintencionados dicen que fue AMLO el perdedor y los <em>Chuchos<\/em> los ganadores de ambas elecciones.<\/p>\n<p>Pienso que AMLO ha premiado con posiciones electivas y de gobierno en el DF a los cuadros, llam\u00e9mosles de arrastre, que lo han impulsado en campa\u00f1a. Y pienso tambi\u00e9n que la responsabilidad mayor la iban a tener quienes llegar\u00edan con \u00e9l a impulsar el nivel federal de gobierno, y que obviamente no llegaron.<\/p>\n<p>Es decir, los mejores se quedaron en el camino. Los m\u00e1s vulgares, se atascan en este momento con sus huesos y piden m\u00e1s. Cre\u00ed que por un problema de dise\u00f1o eso pudo pasar una vez, en 2006. Pero, \u00bftambi\u00e9n ahora y despu\u00e9s de tantas pu\u00f1aladas por la espalda?<\/p>\n<p>Pues qu\u00e9 \u00bfvalen tanto los<em> Chuchos<\/em>?<\/p>\n<p>Tal vez habr\u00eda algo de justicia, digamos po\u00e9tica, si con el tiempo, al soltarlo AMLO de su mano, el PRD de los <em>Chuchos<\/em> termine convertido en el de los hijos que fueron , de Talamantes. Es decir, en nada.<\/p>\n<p><em><a href=\"mailto: maganapalace@yahoo.com.mx\" target=\"_blank\">maganapalace@yahoo.com.mx<\/a><\/em><\/p>\n","protected":false},"excerpt":{"rendered":"<p><span style=\"color: #005497;\"><strong>Juan Manuel Maga\u00f1a<\/strong><\/span><\/p>\n","protected":false},"author":1,"featured_media":0,"comment_status":"open","ping_status":"open","sticky":false,"template":"","format":"standard","meta":{"_monsterinsights_skip_tracking":false,"_monsterinsights_sitenote_active":false,"_monsterinsights_sitenote_note":"","_monsterinsights_sitenote_category":0,"footnotes":""},"categories":[22905],"tags":[43709,43674,22904],"class_list":["post-105040","post","type-post","status-publish","format-standard","hentry","category-juan-manuel-magana","tag-juan-manuel-magana","tag-opinion","tag-politica-spot"],"_links":{"self":[{"href":"https:\/\/www.diarioimagen.net\/index.php?rest_route=\/wp\/v2\/posts\/105040","targetHints":{"allow":["GET"]}}],"collection":[{"href":"https:\/\/www.diarioimagen.net\/index.php?rest_route=\/wp\/v2\/posts"}],"about":[{"href":"https:\/\/www.diarioimagen.net\/index.php?rest_route=\/wp\/v2\/types\/post"}],"author":[{"embeddable":true,"href":"https:\/\/www.diarioimagen.net\/index.php?rest_route=\/wp\/v2\/users\/1"}],"replies":[{"embeddable":true,"href":"https:\/\/www.diarioimagen.net\/index.php?rest_route=%2Fwp%2Fv2%2Fcomments&post=105040"}],"version-history":[{"count":0,"href":"https:\/\/www.diarioimagen.net\/index.php?rest_route=\/wp\/v2\/posts\/105040\/revisions"}],"wp:attachment":[{"href":"https:\/\/www.diarioimagen.net\/index.php?rest_route=%2Fwp%2Fv2%2Fmedia&parent=105040"}],"wp:term":[{"taxonomy":"category","embeddable":true,"href":"https:\/\/www.diarioimagen.net\/index.php?rest_route=%2Fwp%2Fv2%2Fcategories&post=105040"},{"taxonomy":"post_tag","embeddable":true,"href":"https:\/\/www.diarioimagen.net\/index.php?rest_route=%2Fwp%2Fv2%2Ftags&post=105040"}],"curies":[{"name":"wp","href":"https:\/\/api.w.org\/{rel}","templated":true}]}}