{"id":105073,"date":"2012-09-24T00:07:56","date_gmt":"2012-09-24T05:07:56","guid":{"rendered":"http:\/\/www.diarioimagen.net\/?p=105073"},"modified":"2012-09-24T03:44:37","modified_gmt":"2012-09-24T08:44:37","slug":"eruviel-avila-asiste-a-la-premier-de-la-pelicula-el-vuelo-de-las-mariposas","status":"publish","type":"post","link":"https:\/\/www.diarioimagen.net\/?p=105073","title":{"rendered":"Eruviel \u00c1vila asiste a la premier de la pel\u00edcula \u201cEl vuelo de las mariposas\u201d"},"content":{"rendered":"<ul>\n<li><em><strong>En el evento tambi\u00e9n estar\u00e1 el presidente Felipe Calder\u00f3n, y la titular de Sectur, Gloria Guevara<\/strong><\/em><\/li>\n<\/ul>\n<p>&nbsp;<\/p>\n<div id=\"attachment_105080\" style=\"width: 250px\" class=\"wp-caption alignleft\"><a class=\"highslide\" onclick=\"return vz.expand(this)\" href=\"http:\/\/www.diarioimagen.net\/wp-content\/uploads\/2012\/09\/eruviel-1943.jpg\"><img loading=\"lazy\" decoding=\"async\" aria-describedby=\"caption-attachment-105080\" class=\"size-medium wp-image-105080\" title=\"eruviel-1943\" src=\"http:\/\/www.diarioimagen.net\/wp-content\/uploads\/2012\/09\/eruviel-1943-240x135.jpg\" alt=\"\" width=\"240\" height=\"135\" \/><\/a><p id=\"caption-attachment-105080\" class=\"wp-caption-text\">Eruviel \u00c1vila Villegas, gobernador del Estado de M\u00e9xico, estar\u00e1 en Washington, D.C.<\/p><\/div>\n<p><strong>Toluca, Estado de M\u00e9xico.-<\/strong> El gobernador Eruviel \u00c1vila Villegas asistir\u00e1 este lunes a Washington, Estados Unidos, para acompa\u00f1ar al presidente Felipe Calder\u00f3n Hinojosa, y la secretaria de Turismo federal, Gloria Guevara Manzo, en la proyecci\u00f3n de la premier de la pel\u00edcula \u201cEl vuelo de las mariposas\u201d, que narra la traves\u00eda de la mariposa monarca, que recorre m\u00e1s de 4 mil kil\u00f3metros desde Canad\u00e1 y Estados Unidos para hibernar y reproducirse en la Reserva de la Biosfera que abarca tres municipios mexiquenses y parte del territorio michoacano.<\/p>\n<p>Este proyecto cinematogr\u00e1fico se realiz\u00f3 a trav\u00e9s de un convenio general de colaboraci\u00f3n, donde participaron la Secretar\u00eda de Turismo federal, el Consejo de Promoci\u00f3n Tur\u00edstica de M\u00e9xico, la Comisi\u00f3n Nacional de \u00c1reas Naturales Protegidas, as\u00ed como los gobiernos de los estados de M\u00e9xico y Michoac\u00e1n, con una inversi\u00f3n total de 60 millones de pesos.<\/p>\n<p>\u201cEs de reconocer la iniciativa y el esfuerzo del gobierno federal para impulsar este trabajo, en el cual agradecemos nos hayan permitido ser copart\u00edcipes, y con el que se da a conocer al mundo esta extraordinaria traves\u00eda que realizan las mariposas nonarca, que llegan a embellecer el Estado de M\u00e9xico, en una parte de los bosques que compartimos con el hermano estado de Michoac\u00e1n\u201d, expres\u00f3 el gobernador mexiquense.<\/p>\n<p>Uno de los principales objetivos de este esfuerzo conjunto del gobierno federal y de los estados, es promover y proteger la Reserva de la Biosfera de la mariposa monarca, descubierta en 1975 y declarada por la UNESCO como Patrimonio de la Humanidad, en 2008, y que abarca alrededor de 56 mil hect\u00e1reas de bosques de oyamel y pino, en un territorio que comparten el Estado de M\u00e9xico y Michoac\u00e1n.<\/p>\n<p>Por ello, de los ingresos que se generen por la exhibici\u00f3n y comercializaci\u00f3n de la pel\u00edcula, la distribuidora destinar\u00e1 45 por ciento a la Asociaci\u00f3n Civil Fondo Mexicano para la Conservaci\u00f3n de la Naturaleza, para emprender programas de conservaci\u00f3n en esta reserva y sus zonas de influencia, as\u00ed como detonar la actividad tur\u00edstica.<\/p>\n<p>En el Estado de M\u00e9xico, la mariposa monarca hiberna y se reproduce en los santuarios conocidos como El Capul\u00edn, en Donato Guerra; La Mesa, en San Jos\u00e9 del Rinc\u00f3n, y Piedra Herrada, en Temascaltepec, donde el espect\u00e1culo natural es admirado por miles de turistas nacionales e internacionales entre los meses de noviembre a marzo.<\/p>\n<p>Con esta proyecci\u00f3n a nivel internacional, se posiciona a la entidad en diversos pa\u00edses como un lugar que cuenta con una gran riqueza en recursos naturales, al formar parte de este lugar; adem\u00e1s de crear conciencia de la proeza que realiza esta especie para llegar a los santuarios, que adem\u00e1s est\u00e1n protegidos por el gobierno estatal y la sociedad civil organizada.<\/p>\n","protected":false},"excerpt":{"rendered":"<p>El gobernador Eruviel \u00c1vila Villegas asistir\u00e1 este lunes a Washington, Estados Unidos, para acompa\u00f1ar al presidente Felipe Calder\u00f3n Hinojosa, y la secretaria de Turismo federal, Gloria Guevara Manzo, en la proyecci\u00f3n de la premier de la pel\u00edcula \u201cEl vuelo de las mariposas\u201d, que narra la traves\u00eda de la mariposa monarca, que recorre m\u00e1s de 4 mil kil\u00f3metros desde Canad\u00e1 y Estados Unidos para hibernar y reproducirse en la Reserva de la Biosfera que abarca tres municipios mexiquenses y parte del territorio michoacano.<\/p>\n","protected":false},"author":1,"featured_media":0,"comment_status":"open","ping_status":"open","sticky":false,"template":"","format":"standard","meta":{"_monsterinsights_skip_tracking":false,"_monsterinsights_sitenote_active":false,"_monsterinsights_sitenote_note":"","_monsterinsights_sitenote_category":0,"footnotes":""},"categories":[5],"tags":[5828,43675],"class_list":["post-105073","post","type-post","status-publish","format-standard","hentry","category-estado-de-mexico","tag-eruviel-avila-villegas","tag-estado-de-mexico"],"_links":{"self":[{"href":"https:\/\/www.diarioimagen.net\/index.php?rest_route=\/wp\/v2\/posts\/105073","targetHints":{"allow":["GET"]}}],"collection":[{"href":"https:\/\/www.diarioimagen.net\/index.php?rest_route=\/wp\/v2\/posts"}],"about":[{"href":"https:\/\/www.diarioimagen.net\/index.php?rest_route=\/wp\/v2\/types\/post"}],"author":[{"embeddable":true,"href":"https:\/\/www.diarioimagen.net\/index.php?rest_route=\/wp\/v2\/users\/1"}],"replies":[{"embeddable":true,"href":"https:\/\/www.diarioimagen.net\/index.php?rest_route=%2Fwp%2Fv2%2Fcomments&post=105073"}],"version-history":[{"count":0,"href":"https:\/\/www.diarioimagen.net\/index.php?rest_route=\/wp\/v2\/posts\/105073\/revisions"}],"wp:attachment":[{"href":"https:\/\/www.diarioimagen.net\/index.php?rest_route=%2Fwp%2Fv2%2Fmedia&parent=105073"}],"wp:term":[{"taxonomy":"category","embeddable":true,"href":"https:\/\/www.diarioimagen.net\/index.php?rest_route=%2Fwp%2Fv2%2Fcategories&post=105073"},{"taxonomy":"post_tag","embeddable":true,"href":"https:\/\/www.diarioimagen.net\/index.php?rest_route=%2Fwp%2Fv2%2Ftags&post=105073"}],"curies":[{"name":"wp","href":"https:\/\/api.w.org\/{rel}","templated":true}]}}