{"id":105178,"date":"2012-09-25T00:05:25","date_gmt":"2012-09-25T05:05:25","guid":{"rendered":"http:\/\/www.diarioimagen.net\/?p=105178"},"modified":"2012-09-26T02:16:27","modified_gmt":"2012-09-26T07:16:27","slug":"continuidad-en-materia-de-seguridad","status":"publish","type":"post","link":"https:\/\/www.diarioimagen.net\/?p=105178","title":{"rendered":"Continuidad en materia de seguridad"},"content":{"rendered":"<h2>De frente y de perfil<\/h2>\n<h5>Ram\u00f3n Zurita Sahag\u00fan<\/h5>\n<p><span><br \/>\nUno de los principales reclamos ciudadanos, recogidos antes, durante y despu\u00e9s de las campa\u00f1as electorales, es el de garantizar la seguridad y freno a la violencia. La incesante violencia, el n\u00famero de muertos provocados por la misma, la r\u00e1pida reproducci\u00f3n de los grupos delincuenciales y el cada vez m\u00e1s palpable contubernio entre los encargados de garantizar la seguridad y la delincuencia organizada, hacen necesario una r\u00e1pida respuesta.<\/span><\/p>\n<p>Es cierto que el presidente Felipe Calder\u00f3n Hinojosa estableci\u00f3 su propio programa de combate a la delincuencia, pero tambi\u00e9n lo es que los resultados observados no son los esperados y que al cierre de su administraci\u00f3n surgen dudas sobre la efectividad del mismo.<\/p>\n<p>Tantas son las dudas sobre los resultados y la gran preocupaci\u00f3n que generan los saldos que deja la operatividad del programa que el propio Ejecutivo federal en funciones fue hasta\u00a0Estados Unidos\u00a0para se\u00f1alar que su sucesor no tiene m\u00e1s que continuar con estos programas o, de plano, dejarles las ciudades a los delincuentes.<\/p>\n<p>Para Felipe Calder\u00f3n, el siguiente gobierno debe continuar con la actual estrategia, aunque deber\u00e1n analizar otras alternativas.<\/p>\n<p>Sin embargo, aclar\u00f3 -con toda honestidad- que la mejor alternativa es la adoptada por su gobierno.<\/p>\n<p>Y es que durante su campa\u00f1a electoral, el ahora presidente electo, Enrique Pe\u00f1a Nieto, refiri\u00f3 una y otra vez que mantendr\u00eda a las fuerzas militares en las calles, en la protecci\u00f3n de la ciudadan\u00eda y en el combate a la inseguridad.<\/p>\n<p>La Marina ser\u00e1, como lo es en la actualidad, un puntal de la estrategia del nuevo gobierno, para detener la violencia y proteger a la ciudadan\u00eda, seg\u00fan se advierte en los proyectos del que ser\u00e1 Ejecutivo federal a partir del 1 de diciembre.<\/p>\n<p>Por lo pronto, la incorporaci\u00f3n del general \u00d3scar Naranjo como asesor del Presidente electo en materia de seguridad, muestra la prioridad que tendr\u00e1 en su programa de gobierno una buena estrategia en la materia.<\/p>\n<p>Naranjo fue considerado en el pasado como el mejor polic\u00eda del mundo, con base en el reconocimiento en el manejo de la seguridad que tuvo en su paso por la administraci\u00f3n p\u00fablica colombiana.<\/p>\n<p>Pero, la estrategia de Pe\u00f1a Nieto conlleva rodearse de una serie de personajes que le saben al asunto de la seguridad, como lo es el encargado del proyecto en el grupo de transici\u00f3n, Roberto Campa Cifri\u00e1n. El ex candidato presidencial form\u00f3 parte de la estrategia de seguridad en el presente gobierno, aunque por diferencias con el secretario de Seguridad P\u00fablica, Genaro Garc\u00eda Luna, prefiri\u00f3 abandonar la posici\u00f3n en el secretariado del Consejo de Seguridad.<\/p>\n<p>David Garay Maldonado, ex secretario de Seguridad P\u00fablica en el Distrito Federal y ex director de la Agencia de Seguridad Estatal del Estado de M\u00e9xico, es otro de los personajes que se encuentran empapados del asunto de seguridad y que forman parte del c\u00edrculo estrecho del Presidente electo y que aportan en la b\u00fasqueda de soluciones y de encontrar la estrategia adecuada para ello.<\/p>\n<p>Roberto Miranda S\u00e1nchez, ex jefe del Estado Mayor Presidencial, es otro de los asesores del presidente electo, Enrique Pe\u00f1a Nieto, quien deber\u00e1 llevar entre las prioridades de su gobierno una estrategia sumamente s\u00f3lida en materia de seguridad, para evitar que el pa\u00eds contin\u00fae sufriendo un ba\u00f1o de sangre y que al delincuencia organizada act\u00fae, como lo hace casi siempre, de manera impune.<\/p>\n<p>Por eso, son muchas las voces que se pronuncian porque la estrategia de seguridad cuente con aliados de importancia, como ser\u00eda el combate a los jueces venales y adiciones en materia de penalidades, para evitar que los delincuentes cuenten con mayores prerrogativas que las v\u00edctimas.<\/p>\n<p>Hace unos d\u00edas, el gobernador de Chihuahua, C\u00e9sar Duarte, revelaba al periodista Francisco Garfias, las pocas consignaciones que se tienen en contra de delincuentes pertenecientes al crimen organizado y todav\u00eda menos en cuanto a las personas que son detenidas en el Aeropuerto Internacional de la Ciudad de M\u00e9xico.<\/p>\n<p>Algo sucede en ese rengl\u00f3n, por lo que las autoridades deben procurar mejores instrumentos que den seguridad a la ciudadan\u00eda y que, al mismo tiempo, endurezcan las condenas en contra de los grupos delincuenciales. Por lo pronto, con todo y la satisfacci\u00f3n que muestra el presidente Calder\u00f3n, los resultados no son \u00f3ptimos en esta materia, ya que las cifras de muertos son un bofet\u00f3n a la credibilidad de los resultados.<\/p>\n<p align=\"center\">\u00a0<strong>REFORMA LABORAL<\/strong><\/p>\n<p>\u00a0La reforma laboral provocar\u00e1 mayor escozor del esperado, con todo y que su aprobaci\u00f3n pueda darse con modificaciones severas a la iniciativa enviada por el Ejecutivo federal.<\/p>\n<p>Crecen los optimistas que conf\u00edan en que se resolver\u00e1 el asunto y la primera iniciativa preferente enviada por un Presidente de la Rep\u00fablica ser\u00e1 aprobada en tiempo y forma.<\/p>\n<p>Por lo pronto, aparentemente, pri\u00edstas y panistas, se manifiestan en favor de su aprobaci\u00f3n, mientras que los partidos de izquierda precisan que no la aprobar\u00e1n y amenazan con salir a las calles para protestar en contra de su aprobaci\u00f3n.<\/p>\n<p>Los diputados del Partido de la Revoluci\u00f3n Democr\u00e1tica, del Movimiento Ciudadano y del Partido del Trabajo se quejan por haber sido excluidos de la elaboraci\u00f3n del proyecto de dictamen realizado por la secretar\u00eda t\u00e9cnica de la Comisi\u00f3n del Trabajo que preside el pri\u00edsta Carlos Aceves del Olmo. Para efectos de los tiempos fijados, la aprobaci\u00f3n o rechazo de la reforma laboral deber\u00e1 darse antes del 30 de septiembre o hasta ese mismo d\u00eda.<\/p>\n<p align=\"center\">\u00a0<strong>POLIC\u00cdAS VERACRUZANOS<\/strong><\/p>\n<p>Solamente para efectos de contabilidad, 35 polic\u00edas estatales de Veracruz fueron detenidos por supuesta asociaci\u00f3n con los \u201cZetas\u201d. Diecinueve de ellos fueron detenidos en esa entidad y otros 16 m\u00e1s en el estado de San Luis Potos\u00ed.<\/p>\n<p><a href=\"mailto:ramonzurita44@hotmail.com\" target=\"_blank\"><em>ramonzurita44@hotmail.com<\/em><\/a><br \/>\n<em><a href=\"mailto:zurita_sahagun@hotmail.com\" target=\"_blank\">zurita_sahagun@hotmail.com<\/a><\/em><\/p>\n","protected":false},"excerpt":{"rendered":"<p><span style=\"color: #005497;\"><strong>Ram\u00f3n Zurita Sahag\u00fan<\/strong><\/span><\/p>\n","protected":false},"author":3,"featured_media":0,"comment_status":"open","ping_status":"open","sticky":false,"template":"","format":"standard","meta":{"_monsterinsights_skip_tracking":false,"_monsterinsights_sitenote_active":false,"_monsterinsights_sitenote_note":"","_monsterinsights_sitenote_category":0,"footnotes":""},"categories":[234],"tags":[304,18,43674,43687],"class_list":["post-105178","post","type-post","status-publish","format-standard","hentry","category-ramon-zurita-sahagun","tag-de-frente-y-de-perfil","tag-enrique-pena-nieto","tag-opinion","tag-ramon-zurita-sahagun"],"_links":{"self":[{"href":"https:\/\/www.diarioimagen.net\/index.php?rest_route=\/wp\/v2\/posts\/105178","targetHints":{"allow":["GET"]}}],"collection":[{"href":"https:\/\/www.diarioimagen.net\/index.php?rest_route=\/wp\/v2\/posts"}],"about":[{"href":"https:\/\/www.diarioimagen.net\/index.php?rest_route=\/wp\/v2\/types\/post"}],"author":[{"embeddable":true,"href":"https:\/\/www.diarioimagen.net\/index.php?rest_route=\/wp\/v2\/users\/3"}],"replies":[{"embeddable":true,"href":"https:\/\/www.diarioimagen.net\/index.php?rest_route=%2Fwp%2Fv2%2Fcomments&post=105178"}],"version-history":[{"count":0,"href":"https:\/\/www.diarioimagen.net\/index.php?rest_route=\/wp\/v2\/posts\/105178\/revisions"}],"wp:attachment":[{"href":"https:\/\/www.diarioimagen.net\/index.php?rest_route=%2Fwp%2Fv2%2Fmedia&parent=105178"}],"wp:term":[{"taxonomy":"category","embeddable":true,"href":"https:\/\/www.diarioimagen.net\/index.php?rest_route=%2Fwp%2Fv2%2Fcategories&post=105178"},{"taxonomy":"post_tag","embeddable":true,"href":"https:\/\/www.diarioimagen.net\/index.php?rest_route=%2Fwp%2Fv2%2Ftags&post=105178"}],"curies":[{"name":"wp","href":"https:\/\/api.w.org\/{rel}","templated":true}]}}