{"id":105184,"date":"2012-09-25T00:04:31","date_gmt":"2012-09-25T05:04:31","guid":{"rendered":"http:\/\/www.diarioimagen.net\/?p=105184"},"modified":"2012-09-26T02:17:54","modified_gmt":"2012-09-26T07:17:54","slug":"63-muertes-y-un-grupo-radical-judio","status":"publish","type":"post","link":"https:\/\/www.diarioimagen.net\/?p=105184","title":{"rendered":"63 muertes y un grupo radical jud\u00edo"},"content":{"rendered":"<h2>Detr\u00e1s del Poder<\/h2>\n<h5>Jos\u00e9 Antonio L\u00f3pez Sosa<\/h5>\n<p><span><br \/>\nLas cifras oficiales dadas a conocer en diversos medios de comunicaci\u00f3n a nivel mundial se\u00f1alan 19 muertos y m\u00e1s de 100 heridos en Pakist\u00e1n (diario <em>La Tercera<\/em>, Santiago de Chile); 12 muertos en Kabul, Afganist\u00e1n (diario El Pa\u00eds, Espa\u00f1a); 4 muertos y 20 heridos en Yemen (diario El D\u00eda, Argentina); 200 personas heridas en El Cairo, Egipto (diario El D\u00eda, Argentina); 5 heridos en T\u00fanez (portal Noticias Hoy CC, Jerusal\u00e9m); 3 muertos y 40 heridos en Sud\u00e1n (portal de noticias Yahoo M\u00e9xico); 1 muerto y 14 heridos en Tr\u00edpoli, L\u00edbano (portal Noticias Hoy CC, Jerusal\u00e9m); 18 muertos (entre ellos el embajador de los Estados Unidos) y 14 heridos en Libia (diario The Guardian, Gran Breta\u00f1a), 6 muertos en Somalia (portal jihadwatch.org).<\/span><\/p>\n<p>Todos por las protestas contra la producci\u00f3n audiovisual \u201cMuhammad Movie\u201d<\/p>\n<p>Ello representa una cifra preliminar producto de una compilaci\u00f3n period\u00edstica a trav\u00e9s de internet.<\/p>\n<p>El hecho es que, independientemente de la religiosidad (o falta de ella) que tenga cualquier ser humano en el mundo, resulta irresponsable poner en rid\u00edculo la creencia del otro, sobre todo en el entendido de convergencia entre pol\u00edtica y religi\u00f3n que existe particularmente en el mundo musulm\u00e1n. Quiz\u00e1 rayen en el fanatismo, quiz\u00e1 no, esas cuestiones han sido ampliamente analizadas por especialistas en el estudio antropol\u00f3gico de las religiones en el mundo.<\/p>\n<p>No se puede justificar de ning\u00fan modo la muerte de una sola persona como consecuencia de una protesta, sin embargo, \u00bfqu\u00e9 necesidad hay pues de provocar a toda una etnia a partir de una producci\u00f3n filmogr\u00e1fica?, especialmente conociendo el profundo respeto que tienen por sus normas pol\u00edtico-religiosas.<\/p>\n<p>Sin lugar a duda quienes matan o hieren al otro deben ser enjuiciados en cualquier lugar del mundo, no hay hecho que justifique atacar a otro ser humano.<\/p>\n<p>Tambi\u00e9n debe quedar clara la profunda irresponsabilidad de la comunidad jud\u00eda que apoy\u00f3 financiera e ideol\u00f3gicamente la producci\u00f3n y difusi\u00f3n de esta pel\u00edcula que dicho sea de paso, es adem\u00e1s motor de discriminaci\u00f3n contra un grupo de personas.<\/p>\n<p>Todo parece indicar que fue Nakoula Basseley Nakoula, quien usa adem\u00e1s varios pseud\u00f3nimos como Sam Bossil\/Bacile\/Bassile\/Basseley.<\/p>\n<p>Nacido en Egipto, de origen jud\u00edo emigr\u00f3 a los Estados Unidos al \u00e1rea de Cerritos, California.<\/p>\n<p>Nakoula estuvo en prisi\u00f3n por cargos de fraude bancario en los Estados Unidos y al parecer en su reclusi\u00f3n, escribi\u00f3 el gui\u00f3n de la pel\u00edcula.<\/p>\n<p>Se ha presentado como jud\u00edo-americano y tras el esc\u00e1ndalo, argumenta pertenecer a la comunidad cristiana para evitar que se siga el rastro sobre los jud\u00edos estadounidenses implicados.<\/p>\n<p>El periodista Justin Raymondo de la agencia Global Research, describe en sus investigaciones la relaci\u00f3n y el financiamiento de grupos jud\u00edos en los Estados Unidos para la producci\u00f3n de la pel\u00edcula http:\/\/www.globalresearch.ca\/the-pro-israel-network-behind-the-innocence-of-muslims-video\/ aunque la comunidad jud\u00eda \u2013incluyendo los se\u00f1alados\u2014insisten en no tener responsabilidad alguna.<\/p>\n<p>Finalmente, a trav\u00e9s de las investigaciones period\u00edsticas en diversas latitudes se puede ver que la cr\u00edtica sobre el extremismo isl\u00e1mico, hace praxis en el extremismo jud\u00edo desde los Estados Unidos.<\/p>\n<p>Es una verg\u00fcenza para el mundo que una comunidad cerrada como la jud\u00eda, que tiene un dejo de superioridad inexistente, que fue victima de un ataque en los tiempos de la Alemania Nazi, que por razones hist\u00f3ricas pelea por derechos, sea ahora promotora del sectarismo y la violencia ridiculizando a la comunidad musulmana.<\/p>\n<p>No se justifica ni una muerte por una pel\u00edcula, as\u00ed como tampoco la estupidez de aquellos jud\u00edos que apoyaron esta producci\u00f3n desde la comodidad de sus casas en los Estados Unidos, poniendo de cabeza a toda una regi\u00f3n del mundo.<\/p>\n<p><em><a href=\"mailto:lopez.sosa@mexico.com\" target=\"_blank\">lopez.sosa@mexico.com<\/a><\/em><br \/>\n<em><a href=\"http:\/\/twitter.com\/#%21\/joseantonio1977\" target=\"_blank\">@joseantonio1977<br \/>\n<\/a><\/em><em><a href=\"http:\/\/www.formulaconfidencial.com.mx\" target=\"_blank\">www.formulaconfidencial.com.mx<\/a><\/em><\/p>\n","protected":false},"excerpt":{"rendered":"<p><span style=\"color: #005497;\"><strong>Jos\u00e9 Antonio L\u00f3pez Sosa<\/strong><\/span><\/p>\n","protected":false},"author":3,"featured_media":0,"comment_status":"open","ping_status":"open","sticky":false,"template":"","format":"standard","meta":{"_monsterinsights_skip_tracking":false,"_monsterinsights_sitenote_active":false,"_monsterinsights_sitenote_note":"","_monsterinsights_sitenote_category":0,"footnotes":""},"categories":[637],"tags":[638,43690,43674,17788],"class_list":["post-105184","post","type-post","status-publish","format-standard","hentry","category-jose-antonio-lopez-sosa","tag-detras-del-poder","tag-jose-antonio-lopez-sosa","tag-opinion","tag-santiago-de-chile"],"_links":{"self":[{"href":"https:\/\/www.diarioimagen.net\/index.php?rest_route=\/wp\/v2\/posts\/105184","targetHints":{"allow":["GET"]}}],"collection":[{"href":"https:\/\/www.diarioimagen.net\/index.php?rest_route=\/wp\/v2\/posts"}],"about":[{"href":"https:\/\/www.diarioimagen.net\/index.php?rest_route=\/wp\/v2\/types\/post"}],"author":[{"embeddable":true,"href":"https:\/\/www.diarioimagen.net\/index.php?rest_route=\/wp\/v2\/users\/3"}],"replies":[{"embeddable":true,"href":"https:\/\/www.diarioimagen.net\/index.php?rest_route=%2Fwp%2Fv2%2Fcomments&post=105184"}],"version-history":[{"count":0,"href":"https:\/\/www.diarioimagen.net\/index.php?rest_route=\/wp\/v2\/posts\/105184\/revisions"}],"wp:attachment":[{"href":"https:\/\/www.diarioimagen.net\/index.php?rest_route=%2Fwp%2Fv2%2Fmedia&parent=105184"}],"wp:term":[{"taxonomy":"category","embeddable":true,"href":"https:\/\/www.diarioimagen.net\/index.php?rest_route=%2Fwp%2Fv2%2Fcategories&post=105184"},{"taxonomy":"post_tag","embeddable":true,"href":"https:\/\/www.diarioimagen.net\/index.php?rest_route=%2Fwp%2Fv2%2Ftags&post=105184"}],"curies":[{"name":"wp","href":"https:\/\/api.w.org\/{rel}","templated":true}]}}