{"id":105188,"date":"2012-09-25T00:03:23","date_gmt":"2012-09-25T05:03:23","guid":{"rendered":"http:\/\/www.diarioimagen.net\/?p=105188"},"modified":"2012-09-26T02:21:46","modified_gmt":"2012-09-26T07:21:46","slug":"la-nueva-ley-laboral-rasurada","status":"publish","type":"post","link":"https:\/\/www.diarioimagen.net\/?p=105188","title":{"rendered":"La nueva ley laboral, rasurada"},"content":{"rendered":"<h2>Punto por punto<\/h2>\n<h5>Augusto Corro<\/h5>\n<p><span><br \/>\nLos legisladores tienen en sus manos el proyecto de una nueva Ley Federal del Trabajo.<\/span><\/p>\n<p>Esa iniciativa preferente tiene su origen en el poder ejecutivo panista.<\/p>\n<p>Hasta donde se ve, la vigencia de esa nueva ley ayudar\u00eda a disminuir el problema del desempleo, que tiene paralizada la mano de obra de millones de mexicanos.<\/p>\n<p>Aqu\u00ed el \u00fanico problema que existe es que si se trata de una iniciativa panista, el beneficiario directo de dicha ley, en caso de aprobarse, ser\u00e1 el sector patronal.<\/p>\n<p>No hay que darle vueltas al asunto. Calder\u00f3n ya se va, pero pretende, hasta el \u00faltimo momento, cumplir con lops compromisos con sus amigos los patrones.<\/p>\n<p>Solo que en su proyecto de reforma laboral, el blanquiazul plante\u00f3\u00a0 la transparencia y la rendici\u00f3n de cuentas en el sindicalismo. Tambi\u00e9n el acotamiento en el derecho a huelga.<\/p>\n<p>\u00bfAlguien en su sano juicio piensa que se llamar\u00e1 a cuentas a esos poderosos l\u00edderes charros? \u00a1Ni en sue\u00f1os!<\/p>\n<p>\u00bfAlguien supone que el jeque petrolero Carlos Romero Deschamps ser\u00e1 sentado ante la justicia para que explique el uso que se da a las cuotas sindicales?<\/p>\n<p>En el mismo caso se encuentran los dem\u00e1s l\u00edderes\u00a0 charros cetemistas, croquistas, telefonistas, etc.<\/p>\n<p>Durante los dos sexenios panistas hubo tiempo suficiente para meter en cintura al charrismo sindical, pero ni Vicente Fox ni Calder\u00f3n emprendieron una tarea democratizadora en el sector laboral.<\/p>\n<p>A unos cuantos minutos para las doce, al gobierno federal panista le resurgieron sus ideas opositoras y \u201cjusticieras\u201d.<\/p>\n<p>Definitivamente, el charrismo sindical permanecer\u00e1 intocable y la ley preferente de Calder\u00f3n, en caso de ser aprobada, no se conocer\u00e1 debido a tanto parche y\u00a0 rasurada.<\/p>\n<p align=\"center\"><strong>LA POLIC\u00cdA, MUY MAL<\/strong><\/p>\n<p>Las autoridades ya se dieron cuenta que gran parte de los enemigos p\u00fablicos se encuentra en las corporaciones policiacas.<\/p>\n<p>Por ejemplo, en los \u00faltimos d\u00edas,\u00a0 en Veracruz y en San Luis Potos\u00ed fueron detenidos 35 polic\u00edas involucrados, presuntamente, con el C\u00e1rtel de Los Zetas: 19 en el primer estado y 16 en el segundo.<\/p>\n<p>En Taxco, al menos 18 polic\u00edas municipales fueron aprehendidos\u00a0 durante un operativo realizado por soldados y agentes federales.<\/p>\n<p>Las autoridades informaron que los uniformados municipales ten\u00edan v\u00ednculos con el crimen organizado.<\/p>\n<p>En t\u00e9rminos generales, lo anterior refleja el fracaso total de la estrategia de Calder\u00f3n contra el crimen organizado.<\/p>\n<p>En otras ocasiones se\u00f1alamos que el gobierno federal panista se lanz\u00f3 a una guerra sin fusil.<\/p>\n<p>Espec\u00edficamente, los cuerpos polic\u00edacos, en todo el pa\u00eds, no se encontraban en condiciones propicias para participar en una lucha tan desigual.<\/p>\n<p>Con salarios de hambre, un nulo adiestramiento, sin el armamento adecuado, los representantes de la ley ca\u00edan f\u00e1cilmente en las tentaciones de una mejor vida que les ofrec\u00edan los narcos.<\/p>\n<p>No funcion\u00f3 el plan de contar con polic\u00edas de confianza bajo un solo mando. Las detenciones de los malos representantes de la ley continuar\u00e1n sin l\u00edmite de tiempo y de cantidad.<\/p>\n<p align=\"center\">\u00a0<strong>MANCERA, EN CHINA<\/strong><\/p>\n<p>Miguel \u00c1ngel Mancera, jefe del gobierno electo de la ciudad de M\u00e9xico, realiza una gira de trabajo en Jap\u00f3n y China.<\/p>\n<p>De esa experiencia, el ex procurador traer\u00e1 ideas que ayudar\u00e1n al progreso y crecimiento de la ciudad en varios aspectos relacionados con el transporte, el tr\u00e1nsito vehicular, el empleo\u00a0 y la vivienda, entre otros.<\/p>\n<p>El funcionario visitar\u00e1 ciudades como Tokio, Shangai y Beijing, donde las autoridades han probado proyectos, con resultados positivos, sobre econom\u00eda, vialidad, etc.<\/p>\n<p align=\"center\">\u00a0<strong>M\u00c1S DE LO MISMO<\/strong><\/p>\n<p>El nuevo esc\u00e1ndalo en puerta se relaciona con la inversi\u00f3n irregular de Pemex, calculada en 380 millones de d\u00f3lares, en dos buques hotel en astilleros de Galicia, Espa\u00f1a.<\/p>\n<p>Uno de los consejeros de esa paraestatal se\u00f1al\u00f3 que otra vez, por medio del peri\u00f3dico, se volvi\u00f3 a enterar de esas operaciones cuantiosas \u201cque la administraci\u00f3n de Pemex est\u00e1 haciendo a espaldas del principal \u00f3rgano de gobierno corporativo de la petrolera mexicana\u201d.<\/p>\n<p>Seg\u00fan se inform\u00f3, el nuevo contrato para la construcci\u00f3n de los barcos favorecer\u00e1 la reactivaci\u00f3n de dos astilleros espa\u00f1oles (Navantia de Ferrol y Barreras de Vigo), en el que tendr\u00e1n empleo tres mil trabajadores qui\u00e9n sabe por cu\u00e1nto tiempo.<\/p>\n<p>\u00bfAlguien podr\u00e1 poner orden en Pemex?<\/p>\n<p><em><a href=\"mailto:aco2742@hotmail.com\" target=\"_blank\">aco2742@hotmail.com<\/a><\/em><\/p>\n","protected":false},"excerpt":{"rendered":"<p><span style=\"color: #005497;\"><strong>Augusto Corro<\/strong><\/span><\/p>\n","protected":false},"author":3,"featured_media":0,"comment_status":"open","ping_status":"open","sticky":false,"template":"","format":"standard","meta":{"_monsterinsights_skip_tracking":false,"_monsterinsights_sitenote_active":false,"_monsterinsights_sitenote_note":"","_monsterinsights_sitenote_category":0,"footnotes":""},"categories":[157],"tags":[43686,13648,7350,5314,43674,11515],"class_list":["post-105188","post","type-post","status-publish","format-standard","hentry","category-augusto-corro","tag-augusto-corro","tag-ley-federal-del-trabajo","tag-marcelo-ebrard-casaubon","tag-miguel-angel-mancera-espinosa","tag-opinion","tag-punto-por-punto"],"_links":{"self":[{"href":"https:\/\/www.diarioimagen.net\/index.php?rest_route=\/wp\/v2\/posts\/105188","targetHints":{"allow":["GET"]}}],"collection":[{"href":"https:\/\/www.diarioimagen.net\/index.php?rest_route=\/wp\/v2\/posts"}],"about":[{"href":"https:\/\/www.diarioimagen.net\/index.php?rest_route=\/wp\/v2\/types\/post"}],"author":[{"embeddable":true,"href":"https:\/\/www.diarioimagen.net\/index.php?rest_route=\/wp\/v2\/users\/3"}],"replies":[{"embeddable":true,"href":"https:\/\/www.diarioimagen.net\/index.php?rest_route=%2Fwp%2Fv2%2Fcomments&post=105188"}],"version-history":[{"count":0,"href":"https:\/\/www.diarioimagen.net\/index.php?rest_route=\/wp\/v2\/posts\/105188\/revisions"}],"wp:attachment":[{"href":"https:\/\/www.diarioimagen.net\/index.php?rest_route=%2Fwp%2Fv2%2Fmedia&parent=105188"}],"wp:term":[{"taxonomy":"category","embeddable":true,"href":"https:\/\/www.diarioimagen.net\/index.php?rest_route=%2Fwp%2Fv2%2Fcategories&post=105188"},{"taxonomy":"post_tag","embeddable":true,"href":"https:\/\/www.diarioimagen.net\/index.php?rest_route=%2Fwp%2Fv2%2Ftags&post=105188"}],"curies":[{"name":"wp","href":"https:\/\/api.w.org\/{rel}","templated":true}]}}