{"id":105899,"date":"2012-10-01T00:06:19","date_gmt":"2012-10-01T05:06:19","guid":{"rendered":"http:\/\/www.diarioimagen.net\/?p=105899"},"modified":"2012-10-01T02:49:58","modified_gmt":"2012-10-01T07:49:58","slug":"pf-reforzara-acciones-de-seguridad-en-ecatepec","status":"publish","type":"post","link":"https:\/\/www.diarioimagen.net\/?p=105899","title":{"rendered":"PF reforzar\u00e1 acciones de seguridad en Ecatepec"},"content":{"rendered":"<div id=\"attachment_105901\" style=\"width: 250px\" class=\"wp-caption alignleft\"><a class=\"highslide\" onclick=\"return vz.expand(this)\" href=\"http:\/\/www.diarioimagen.net\/wp-content\/uploads\/2012\/10\/pf-1948.jpg\"><img loading=\"lazy\" decoding=\"async\" aria-describedby=\"caption-attachment-105901\" class=\"size-medium wp-image-105901\" title=\"pf-1948\" src=\"http:\/\/www.diarioimagen.net\/wp-content\/uploads\/2012\/10\/pf-1948-240x135.jpg\" alt=\"\" width=\"240\" height=\"135\" \/><\/a><p id=\"caption-attachment-105901\" class=\"wp-caption-text\">Fue el propio alcalde de Ecatepec, Indalecio R\u00edos, quien inform\u00f3 de los refuerzos de la PF a la polic\u00eda local.<\/p><\/div>\n<p>Ecatepec, Estado de M\u00e9xico.- El alcalde de Ecatepec, Indalecio R\u00edos Vel\u00e1zquez, anunci\u00f3 que la Polic\u00eda Federal fortalecer\u00e1 las acciones en materia de seguridad que llevan a cabo el gobierno municipal y estatal en todo el territorio.<\/p>\n<p>Al t\u00e9rmino de la ceremonia c\u00edvica en conmemoraci\u00f3n por el 247 aniversario del nacimiento de El General\u00edsimo Jos\u00e9 Mar\u00eda Morelos y Pav\u00f3n, que encabez\u00f3 el gobernador Eruviel \u00c1vila Villegas, el mun\u00edcipe dio a conocer la disposici\u00f3n de la Polic\u00eda Federal para colaborar en las labores de vigilancia.<\/p>\n<p>\u201cQuiero compartir que ya estamos en pl\u00e1ticas para empezar acciones conjuntas y esperamos fortalecer los operativos en el municipio para seguir abatiendo este problema social que tenemos en la zona metropolitana, y desafortunadamente, en todo el pa\u00eds\u201d.<\/p>\n<p>Hace unas semanas dio a conocer que la presencia de la Polic\u00eda Federal era insuficiente para el municipio m\u00e1s poblado del pa\u00eds, por lo que consider\u00f3 necesario incrementar el n\u00famero de elementos.<\/p>\n<p>\u201cEran muy pocos, pero adem\u00e1s estaban destinados \u00fanicamente a las vialidades federales como son la carretera de Venta de Carpio, la Lecher\u00eda-Texcoco y la autopista M\u00e9xico-Pachuca, es decir, en el municipio pr\u00e1cticamente la presencia es nula\u201d.<\/p>\n","protected":false},"excerpt":{"rendered":"<p>El alcalde de Ecatepec, Indalecio R\u00edos Vel\u00e1zquez, anunci\u00f3 que la Polic\u00eda Federal fortalecer\u00e1 las acciones en materia de seguridad que llevan a cabo el gobierno municipal y estatal en todo el territorio.<\/p>\n","protected":false},"author":1,"featured_media":0,"comment_status":"open","ping_status":"open","sticky":false,"template":"","format":"standard","meta":{"_monsterinsights_skip_tracking":false,"_monsterinsights_sitenote_active":false,"_monsterinsights_sitenote_note":"","_monsterinsights_sitenote_category":0,"footnotes":""},"categories":[5],"tags":[454,43675,4516],"class_list":["post-105899","post","type-post","status-publish","format-standard","hentry","category-estado-de-mexico","tag-ecatepec","tag-estado-de-mexico","tag-pf"],"_links":{"self":[{"href":"https:\/\/www.diarioimagen.net\/index.php?rest_route=\/wp\/v2\/posts\/105899","targetHints":{"allow":["GET"]}}],"collection":[{"href":"https:\/\/www.diarioimagen.net\/index.php?rest_route=\/wp\/v2\/posts"}],"about":[{"href":"https:\/\/www.diarioimagen.net\/index.php?rest_route=\/wp\/v2\/types\/post"}],"author":[{"embeddable":true,"href":"https:\/\/www.diarioimagen.net\/index.php?rest_route=\/wp\/v2\/users\/1"}],"replies":[{"embeddable":true,"href":"https:\/\/www.diarioimagen.net\/index.php?rest_route=%2Fwp%2Fv2%2Fcomments&post=105899"}],"version-history":[{"count":0,"href":"https:\/\/www.diarioimagen.net\/index.php?rest_route=\/wp\/v2\/posts\/105899\/revisions"}],"wp:attachment":[{"href":"https:\/\/www.diarioimagen.net\/index.php?rest_route=%2Fwp%2Fv2%2Fmedia&parent=105899"}],"wp:term":[{"taxonomy":"category","embeddable":true,"href":"https:\/\/www.diarioimagen.net\/index.php?rest_route=%2Fwp%2Fv2%2Fcategories&post=105899"},{"taxonomy":"post_tag","embeddable":true,"href":"https:\/\/www.diarioimagen.net\/index.php?rest_route=%2Fwp%2Fv2%2Ftags&post=105899"}],"curies":[{"name":"wp","href":"https:\/\/api.w.org\/{rel}","templated":true}]}}