{"id":105907,"date":"2012-10-01T00:05:17","date_gmt":"2012-10-01T05:05:17","guid":{"rendered":"http:\/\/www.diarioimagen.net\/?p=105907"},"modified":"2012-10-01T03:32:48","modified_gmt":"2012-10-01T08:32:48","slug":"beltrones-destaca-que-es-posible-construir-mayorias","status":"publish","type":"post","link":"https:\/\/www.diarioimagen.net\/?p=105907","title":{"rendered":"Beltrones destaca que es posible construir mayor\u00edas"},"content":{"rendered":"<ul>\n<li><em><strong>El legislador pri\u00edsta destaca que el proceso para aprobar la reforma laboral fue un \u201cin\u00e9dito\u201d proceso legislativo<\/strong><\/em><\/li>\n<\/ul>\n<p>&nbsp;<\/p>\n<div id=\"attachment_105909\" style=\"width: 250px\" class=\"wp-caption alignleft\"><a class=\"highslide\" onclick=\"return vz.expand(this)\" href=\"http:\/\/www.diarioimagen.net\/wp-content\/uploads\/2012\/10\/beltrones-1948.jpg\"><img loading=\"lazy\" decoding=\"async\" aria-describedby=\"caption-attachment-105909\" class=\"size-medium wp-image-105909\" title=\"beltrones-1948\" src=\"http:\/\/www.diarioimagen.net\/wp-content\/uploads\/2012\/10\/beltrones-1948-240x135.jpg\" alt=\"\" width=\"240\" height=\"135\" \/><\/a><p id=\"caption-attachment-105909\" class=\"wp-caption-text\">Manlio Fabio Beltrones, coordinador de la bancada del PRI en San L\u00e1zaro, ofreci\u00f3 una explicaci\u00f3n del proceso para aprobar la nueva legislaci\u00f3n laboral.<\/p><\/div>\n<p>El coordinador de los diputados pri\u00edstas, Manlio Fabio Beltrones, destac\u00f3 el \u201cin\u00e9dito\u201d proceso legislativo para la aprobaci\u00f3n de la reforma laboral, a pesar de los incidentes que se presentaron.<\/p>\n<p>\u201cQued\u00f3 atr\u00e1s la idea de que en el Poder Legislativo era imposible discutir temas complejos y conciliar intereses en beneficio de M\u00e9xico, y se demostr\u00f3 que es posible construir mayor\u00edas para impulsar el cambio con rumbo, con voluntad pol\u00edtica y sin abdicar de principios ni desconocer diferencias\u201d.<\/p>\n<p>En un comunicado, el diputado federal del PRI abund\u00f3 que con este hecho se logr\u00f3 conciliar los beneficios de los trabajadores, de los empleadores y, sobre todo, se moderniz\u00f3 la Ley Federal del Trabajo despu\u00e9s de cuatro d\u00e9cadas.<\/p>\n<p>Al lamentar el incidente del Frente Legislativo de Izquierda (PRD, PT y Movimiento Ciudadano) que tomaron la tribuna del Congreso para impedir la aprobaci\u00f3n de la iniciativa preferente en materia de reforma laboral, abund\u00f3 que fue un hecho \u201caislado y superado\u201d.<\/p>\n<p>Agreg\u00f3 que lo anterior no impidi\u00f3 que se tuviera un proceso legislativo in\u00e9dito en cuanto a la agilidad de tramitar una reforma de gran trascendencia para M\u00e9xico, la cual perfila una nueva etapa de colaboraci\u00f3n institucional entre los poderes Ejecutivo y Legislativo.<\/p>\n<p>Al reunirse con miembros de la Liga de Economistas Revolucionarios, Beltrones Rivera expuso que la toma de tribuna no alter\u00f3 el respeto a la libre asociaci\u00f3n sindical y el derecho de huelga.<\/p>\n<p>\u201cBuscamos que a M\u00e9xico le vaya bien con la garant\u00eda de m\u00e1s empleos con seguridad social y mejores salarios; y para eso estamos construyendo las bases para la transformaci\u00f3n del pa\u00eds y llamando a perseverar en el camino de las instituciones, con respeto y civilidad\u201d.<\/p>\n<p>Reiter\u00f3 que con la aprobaci\u00f3n de la reforma laboral \u201cqueda claro que en nuestra democracia funcionan los mecanismos institucionales necesarios para procesar, en un marco de pluralidad, las transformaciones que el pa\u00eds necesita\u201d.<\/p>\n<p>\u201cDimos un paso importante, el primero de otros m\u00e1s que tenemos que dar para volver a crecer y generar empleos formales\u201d, concluy\u00f3.<\/p>\n","protected":false},"excerpt":{"rendered":"<p>El coordinador de los diputados pri\u00edstas, Manlio Fabio Beltrones, destac\u00f3 el \u201cin\u00e9dito\u201d proceso legislativo para la aprobaci\u00f3n de la reforma laboral, a pesar de los incidentes que se presentaron.<\/p>\n","protected":false},"author":1,"featured_media":0,"comment_status":"open","ping_status":"open","sticky":false,"template":"","format":"standard","meta":{"_monsterinsights_skip_tracking":false,"_monsterinsights_sitenote_active":false,"_monsterinsights_sitenote_note":"","_monsterinsights_sitenote_category":0,"footnotes":""},"categories":[3],"tags":[43673],"class_list":["post-105907","post","type-post","status-publish","format-standard","hentry","category-nacional","tag-nacional"],"_links":{"self":[{"href":"https:\/\/www.diarioimagen.net\/index.php?rest_route=\/wp\/v2\/posts\/105907","targetHints":{"allow":["GET"]}}],"collection":[{"href":"https:\/\/www.diarioimagen.net\/index.php?rest_route=\/wp\/v2\/posts"}],"about":[{"href":"https:\/\/www.diarioimagen.net\/index.php?rest_route=\/wp\/v2\/types\/post"}],"author":[{"embeddable":true,"href":"https:\/\/www.diarioimagen.net\/index.php?rest_route=\/wp\/v2\/users\/1"}],"replies":[{"embeddable":true,"href":"https:\/\/www.diarioimagen.net\/index.php?rest_route=%2Fwp%2Fv2%2Fcomments&post=105907"}],"version-history":[{"count":0,"href":"https:\/\/www.diarioimagen.net\/index.php?rest_route=\/wp\/v2\/posts\/105907\/revisions"}],"wp:attachment":[{"href":"https:\/\/www.diarioimagen.net\/index.php?rest_route=%2Fwp%2Fv2%2Fmedia&parent=105907"}],"wp:term":[{"taxonomy":"category","embeddable":true,"href":"https:\/\/www.diarioimagen.net\/index.php?rest_route=%2Fwp%2Fv2%2Fcategories&post=105907"},{"taxonomy":"post_tag","embeddable":true,"href":"https:\/\/www.diarioimagen.net\/index.php?rest_route=%2Fwp%2Fv2%2Ftags&post=105907"}],"curies":[{"name":"wp","href":"https:\/\/api.w.org\/{rel}","templated":true}]}}