{"id":105926,"date":"2012-10-01T00:01:22","date_gmt":"2012-10-01T05:01:22","guid":{"rendered":"http:\/\/www.diarioimagen.net\/?p=105926"},"modified":"2012-10-02T01:32:12","modified_gmt":"2012-10-02T06:32:12","slug":"el-presidente-felipe-calderon-inauguro-la-feria-mundial-de-turismo-cultural-en-la-ciudad-de-morelia-michoacan","status":"publish","type":"post","link":"https:\/\/www.diarioimagen.net\/?p=105926","title":{"rendered":"El presidente Felipe Calder\u00f3n inaugur\u00f3 la Feria Mundial de Turismo Cultural en la ciudad de Morelia, Michoac\u00e1n"},"content":{"rendered":"<h2>De cinco estrellas<\/h2>\n<h5>Victoria Gonz\u00e1lez Prado<\/h5>\n<p>&nbsp;<\/p>\n<ul>\n<li><em><strong>\u00a0THAI recibi\u00f3 su primer A380, convirti\u00e9ndose en el noveno operador del avi\u00f3n m\u00e1s grande y ecoeficiente del mundo<\/strong><\/em><\/li>\n<li><em><strong>\u00a0A Lourdes L\u00f3pez Zuckermann, el reconocimiento \u201cEstrella de Diamante\u201d<\/strong><\/em><\/li>\n<\/ul>\n<p>&nbsp;<\/p>\n<div id=\"attachment_105928\" style=\"width: 250px\" class=\"wp-caption alignleft\"><a class=\"highslide\" onclick=\"return vz.expand(this)\" href=\"http:\/\/www.diarioimagen.net\/wp-content\/uploads\/2012\/10\/turismo-1948.jpg\"><img loading=\"lazy\" decoding=\"async\" aria-describedby=\"caption-attachment-105928\" class=\"size-medium wp-image-105928\" title=\"turismo-1948\" src=\"http:\/\/www.diarioimagen.net\/wp-content\/uploads\/2012\/10\/turismo-1948-240x129.jpg\" alt=\"\" width=\"240\" height=\"129\" \/><\/a><p id=\"caption-attachment-105928\" class=\"wp-caption-text\">En la inauguraci\u00f3n de la Feria Mundial de Turismo Cultural.<\/p><\/div>\n<p>Con la intenci\u00f3n de promover el turismo cultural, el presidente Felipe Calder\u00f3n Hinojosa llam\u00f3 a impulsar esta actividad \u201cpor tratarse de una tarea social y econ\u00f3mica que existe y que debemos impulsar para despertar el apetito invencible que tenemos los hombres de conocer a las mujeres y hombres de ayer, a los de hoy y a los de siempre\u201d. La Casa de la Cultura de Morelia fue sede del encuentro cultural en su tercera versi\u00f3n y en la que los estados de la Rep\u00fablica ofertaron sus atractivos a nivel internacional. Acompa\u00f1ado del gobernador de Michoac\u00e1n, <strong>Fausto Vallejo Figueroa<\/strong>; <strong>Consuelo S\u00e1izar Guerrero<\/strong>, titular del Consejo Nacional para la Cultura y las Artes (Conaculta), y <strong>Gloria Guevara, <\/strong>cortaron el list\u00f3n que abri\u00f3 oficialmente la Feria Mundial de Turismo Cultural. <strong>Calder\u00f3n<\/strong> indic\u00f3 que el turismo cultural es una necesaria fuente de ingresos para nuestra gente, tras se\u00f1alar que \u201ccultura no es s\u00f3lo conocer a los hombres de ayer y hoy, sino tambi\u00e9n en M\u00e9xico se representa con la m\u00fasica y la variedad de comida, con tantos platillos que \u201cpodr\u00edamos pasar tres a\u00f1os comiendo un platillo distinto cada d\u00eda hasta conocerlos todos. En M\u00e9xico, 2.5 millones de familias viven directamente del turismo, y son las afanadoras de los hoteles, los chefs, cocineros y meseros de los restaurantes, los operadores tur\u00edsticos, los taxistas y gu\u00edas. Sin embargo, indic\u00f3, quiz\u00e1 otros 5 millones de familias m\u00e1s viven indirectamente del turismo, de aquellos viajeros que no est\u00e1n s\u00f3lo vinculados a los operadores; por ejemplo, en Morelia, la gente que se dedica a hacer y vender dulces y ates. Asimismo, el Presidente hizo notar que M\u00e9xico, \u201cmodestia aparte\u201d, tiene las mejores playas del mundo para todos los gustos, pero el turismo de sol y playa no basta, pues el que queremos que vibre es el de aventura, que es el que m\u00e1s crece en todo el mundo, pero tambi\u00e9n el de cultura. Se\u00f1al\u00f3 tambi\u00e9n que nuestro pa\u00eds es el sexto a nivel mundial, y el primero del continente, con m\u00e1s sitios declarados Patrimonio Cultural de la Humanidad, y tambi\u00e9n la Organizaci\u00f3n Mundial de Turismo acaba de considerarlo como el cuarto pa\u00eds con mayor oferta cultural del mundo y se\u00f1al\u00f3 que su gobierno ha trabajado en la promoci\u00f3n del turismo, como el cultural, con una inversi\u00f3n federal de casi 5 mil millones de pesos, que deton\u00f3 quiz\u00e1 otros 8 mil m\u00e1s, renovando teatros hist\u00f3ricos, aplicando recursos, con lo cual se han puesto en marcha las rutas de M\u00e9xico, adem\u00e1s de las gastron\u00f3micas. Se refiri\u00f3 al renovado impulso<strong> <\/strong>a los museos y a centros arquitect\u00f3nicos, adem\u00e1s de que concluir\u00e1 el sexenio con 14 sitios arqueol\u00f3gicos rescatados, mientras que en administraciones anteriores s\u00f3lo eran uno o dos. \u201cEn Michoac\u00e1n se han abierto nueve museos adicionales, con lo cual existen 179 administrados por el gobierno federal e hizo votos para que esta Feria Mundial del Turismo Cultural permita a pueblos distintos seguir encontr\u00e1ndose, \u201cy nos haga entendernos mucho m\u00e1s y nos haga generar sinergias\u201d. En esta fiesta de la cultura hubo 50 stands y la participaci\u00f3n de 18 estados de la Rep\u00fablica. En su oportunidad, <strong>Gloria Guevara<\/strong>, dijo que el turismo cultural es un mercado de 340 mil millones de d\u00f3lares anuales a nivel internacional, y en el caso de M\u00e9xico genera 5.5 mil millones de d\u00f3lares. Destac\u00f3 que\u00a0 M\u00e9xico cuenta con una enorme riqueza hist\u00f3rica y cultural, que incluye 38 bienes catalogados como Patrimonio Mundial, la cocina y el mariachi tambi\u00e9n declarados Patrimonio de la Humanidad por la UNESCO, 57 Pueblos M\u00e1gicos, 40 mil sitios arqueol\u00f3gicos, 62 etnias, 18 Rutas Gastron\u00f3micas, as\u00ed como ciudades coloniales, el Mundo Maya y bellezas naturales como los santuarios de la mariposa monarca. Por su parte, el gobernador de Michoac\u00e1n, <strong>Fausto Vallejo<\/strong> <strong>Figueroa<\/strong>, indic\u00f3 que para su estado es un orgullo ser la sede del encuentro m\u00e1s importante de negocios y promoci\u00f3n del turismo cultural en nuestro pa\u00eds. \u201dEl turismo cultural es una actividad que nos permite mostrar al mundo las riquezas de M\u00e9xico, y es una importante fuente de generaci\u00f3n de recursos\u201d. <strong>Consuelo S\u00e1izar Guerrero<\/strong>, titular del Consejo Nacional para la Cultura y las Artes (Conaculta), explic\u00f3 que en coordinaci\u00f3n con la Secretar\u00eda de Cultura y la Universidad Michoacana de San Nicol\u00e1s de Hidalgo se realizar\u00e1n m\u00e1s de 60 actividades culturales, con la participaci\u00f3n de artistas de diferentes regiones del pa\u00eds y de naciones invitadas como Tailandia, Indonesia, Ucrania y Ecuador, que tendr\u00e1n como escenario las principales plazas p\u00fablicas de Morelia. Conaculta contribuy\u00f3 con cinco esculturas de gran formato, elaboradas en acero inoxidable por alumnos de la Escuela Nacional de Pintura, Escultura y Grabado \u201cLa Esmeralda\u201d del INBA y por escultores del estado de Michoac\u00e1n, que ser\u00e1n colocadas en diferentes puntos de la ciudad de Morelia.<\/p>\n<p>\u2730\u2730\u2730\u2730\u2730\u00a0La aerol\u00ednea <em>Thai Airways International<\/em> (THAI) recibi\u00f3 su primer A380, convirti\u00e9ndose en el noveno operador del avi\u00f3n m\u00e1s grande y ecoeficiente del mundo. <strong>Kiran Rao<\/strong>, vicepresidente ejecutivo de Marketing y Ventas de Airbus, hizo entrega del avi\u00f3n al capit\u00e1n <strong>Montree Jumrieng<\/strong>, vicepresidente ejecutivo T\u00e9cnico de la compa\u00f1\u00eda en una ceremonia especial celebrada en Toulouse. Es importante destacar que la compa\u00f1\u00eda a\u00e9rea ha encargado seis A380 en total, equipados con motores <em>Trent 900<\/em> de <em>Rolls-Royce<\/em> y configurados en tres clases <em>premium<\/em> con capacidad para 507 pasajeros. La flota contar\u00e1 con novedosos dise\u00f1os de cabina en cada una de las tres clases, 12 suites privadas en primera clase, 60 asientos-cama totalmente abatibles en <em>Royal Silk Class<\/em> (clase <em>business<\/em>), y 435 asientos en clase econ\u00f3mica. Todos los asientos llevan integrado el m\u00e1s moderno sistema individual de entretenimiento a bordo, varias opciones de comunicaci\u00f3n y fuente de alimentaci\u00f3n individual. \u201cCon el A380 de THAI, el programa <em>Royal Orchid<\/em> adquiere una nueva dimensi\u00f3n\u201d, se\u00f1al\u00f3 <strong>Montree Jumrieng<\/strong>, y agreg\u00f3 \u201clas tres clases reflejan esta nueva dimensi\u00f3n en su dise\u00f1o, desde los novedosos asientos hasta los \u00faltimos sistemas de entretenimiento que, junto a su amplia y silenciosa cabina, har\u00e1n del A380 la forma m\u00e1s suave de volar\u201d. \u201cNos sentimos muy orgullosos de dar la bienvenida a THAI como nuevo operador del A380\u201d, declar\u00f3 <strong>John Leahy<\/strong>, director del \u00e1rea de clientes de Airbus. \u201cHoy, la aerol\u00ednea se une al grupo que ofrecen una nueva forma de volar m\u00e1s c\u00f3moda y eficiente en el mundo. Gracias al A380, la compa\u00f1\u00eda estar\u00e1 bien posicionada para atender al fuerte crecimiento del transporte a\u00e9reo en Asia-Pac\u00edfico con el m\u00e1s bajo costo operativo\u201d. El primer A380 comenzar\u00e1 a operar a primeros d\u00edas de este mes de octubre en las rutas Bangkok-Hong Kong y Bangkok-Singapur. La aerol\u00ednea abrir\u00e1 nuevas rutas a Francfort a finales de a\u00f1o, y a Tokio y Par\u00eds a principios de 2013, a medida que vaya recibiendo el resto de la flota. Desde su entrada en servicio en 2007, el A380 ha sobrepasado todas las expectativas, transportando muchos m\u00e1s pasajeros a un costo menor y reduciendo significativamente el impacto medioambiental. Su amplia y silenciosa cabina y su suave vuelo lo han convertido en el favorito de los pasajeros, dando como resultado factores de ocupaci\u00f3n m\u00e1s altos y mayor rentabilidad en todas las rutas que opera. El A380 tiene un alcance de 8 mil 500 millas n\u00e1uticas o m\u00e1s de 15 mil 700 km en rutas sin escala, como desde Bangkok a cualquier destino europeo a plena carga o servicios con una sola escala a cualquier destino de Estados Unidos.<\/p>\n<p><strong>\u2730\u2730\u2730\u2730\u2730\u00a0Fernando Vigorito,<\/strong> presidente del C\u00edrculo Internacional Period\u00edstico (CIP), entreg\u00f3 como lo hace desde algunos a\u00f1os el reconocimiento \u201cEstrella de Diamante\u201d, a distintas personalidades entre ellas a <strong>Lourdes L\u00f3pez Zuckermann<\/strong> por su trayectoria en relaciones p\u00fablicas y a quien felicitamos por el reconocimiento. Enhorabuena Lourdes y que sean muchos reconocimientos m\u00e1s.<\/p>\n<p><em><a href=\"mailto:victoriagprado@gmail.com\" target=\"_blank\">victoriagprado@gmail.com<\/a><\/em><\/p>\n<p>&nbsp;<\/p>\n","protected":false},"excerpt":{"rendered":"<p>Con la intenci\u00f3n de promover el turismo cultural, el presidente Felipe Calder\u00f3n Hinojosa llam\u00f3 a impulsar esta actividad \u201cpor tratarse de una tarea social y econ\u00f3mica que existe y que debemos impulsar para despertar el apetito invencible que tenemos los hombres de conocer a las mujeres y hombres de ayer, a los de hoy y a los de siempre\u201d. <\/p>\n","protected":false},"author":1,"featured_media":0,"comment_status":"open","ping_status":"open","sticky":false,"template":"","format":"standard","meta":{"_monsterinsights_skip_tracking":false,"_monsterinsights_sitenote_active":false,"_monsterinsights_sitenote_note":"","_monsterinsights_sitenote_category":0,"footnotes":""},"categories":[11],"tags":[107,43681,106],"class_list":["post-105926","post","type-post","status-publish","format-standard","hentry","category-turismo","tag-de-cinco-estrellas","tag-turismo","tag-victoria-gonzalez-prado"],"_links":{"self":[{"href":"https:\/\/www.diarioimagen.net\/index.php?rest_route=\/wp\/v2\/posts\/105926","targetHints":{"allow":["GET"]}}],"collection":[{"href":"https:\/\/www.diarioimagen.net\/index.php?rest_route=\/wp\/v2\/posts"}],"about":[{"href":"https:\/\/www.diarioimagen.net\/index.php?rest_route=\/wp\/v2\/types\/post"}],"author":[{"embeddable":true,"href":"https:\/\/www.diarioimagen.net\/index.php?rest_route=\/wp\/v2\/users\/1"}],"replies":[{"embeddable":true,"href":"https:\/\/www.diarioimagen.net\/index.php?rest_route=%2Fwp%2Fv2%2Fcomments&post=105926"}],"version-history":[{"count":0,"href":"https:\/\/www.diarioimagen.net\/index.php?rest_route=\/wp\/v2\/posts\/105926\/revisions"}],"wp:attachment":[{"href":"https:\/\/www.diarioimagen.net\/index.php?rest_route=%2Fwp%2Fv2%2Fmedia&parent=105926"}],"wp:term":[{"taxonomy":"category","embeddable":true,"href":"https:\/\/www.diarioimagen.net\/index.php?rest_route=%2Fwp%2Fv2%2Fcategories&post=105926"},{"taxonomy":"post_tag","embeddable":true,"href":"https:\/\/www.diarioimagen.net\/index.php?rest_route=%2Fwp%2Fv2%2Ftags&post=105926"}],"curies":[{"name":"wp","href":"https:\/\/api.w.org\/{rel}","templated":true}]}}