{"id":106327,"date":"2012-10-04T00:08:53","date_gmt":"2012-10-04T05:08:53","guid":{"rendered":"http:\/\/www.diarioimagen.net\/?p=106327"},"modified":"2012-10-04T04:13:11","modified_gmt":"2012-10-04T09:13:11","slug":"david-sanchez-ofrece-trabajar-en-equipo","status":"publish","type":"post","link":"https:\/\/www.diarioimagen.net\/?p=106327","title":{"rendered":"David S\u00e1nchez ofrece trabajar en equipo"},"content":{"rendered":"<ul>\n<li><strong><em>Alcalde electo de Naucalpan<\/em><\/strong><\/li>\n<\/ul>\n<div id=\"attachment_106363\" style=\"width: 250px\" class=\"wp-caption alignleft\"><a class=\"highslide\" onclick=\"return vz.expand(this)\" href=\"http:\/\/www.diarioimagen.net\/wp-content\/uploads\/2012\/10\/david-1951.jpg\"><img loading=\"lazy\" decoding=\"async\" aria-describedby=\"caption-attachment-106363\" class=\"size-medium wp-image-106363\" title=\"david-1951\" src=\"http:\/\/www.diarioimagen.net\/wp-content\/uploads\/2012\/10\/david-1951-240x118.jpg\" alt=\"\" width=\"240\" height=\"118\" \/><\/a><p id=\"caption-attachment-106363\" class=\"wp-caption-text\">El alcalde electo de Naucalpan, David S\u00e1nchez, consider\u00f3 que s\u00f3lo fusionando esfuerzos y en equipo se podr\u00e1 hacer frente a la delincuencia.<\/p><\/div>\n<p><strong>Naucalpan, Estado de M\u00ebxico<\/strong>.- Al dar la bienvenida al procurador Miguel \u00c1ngel Contreras Nieto en el municipio, el presidente municipal electo, David S\u00e1nchez Guevara, afirm\u00f3 que la uni\u00f3n de esfuerzos entre los diversos \u00f3rdenes de gobierno redundar\u00e1 en beneficios para los naucalpenses, y ofreci\u00f3 su plena colaboraci\u00f3n con \u00e9l y con el gobernador mexiquense, Eruviel \u00c1vila.<\/p>\n<p>\u201cLa \u00fanica manera de encontrar el \u00e9xito es fusionando esfuerzos, haciendo equipo y en ese sentido las naucalpenses y su amigo David S\u00e1nchez, est\u00e1 dispuesto hacerlo de la mano con usted se\u00f1or procurador y del gobernador Eruviel \u00c1vila\u201d, afirm\u00f3 S\u00e1nchez Guevara.<\/p>\n<p>En su primer evento p\u00fablico en el Valle de M\u00e9xico, el procurador Contreras Nieto se reuni\u00f3 con m\u00e1s de 250 integrantes del Colegio de Abogados del Valle de M\u00e9xico, encabezados por Joaqu\u00edn Rodr\u00edguez Lugo y de la filial Naucalpan, Carlos G. Villasana Beltr\u00e1n.<\/p>\n<p>Ah\u00ed, el abogado del Estado de M\u00e9xico destac\u00f3 que la instituci\u00f3n que encabeza \u201ctiene que fortalecerse a\u00fan m\u00e1s en honestidad, transparencia y eficacia\u201d, y advirti\u00f3 que para lograrlo, el trabajo es fundamental para obtener el \u00e9xito.<\/p>\n<p>Por otro lado, S\u00e1nchez Guevara enfatiz\u00f3 que desde el pr\u00f3ximo gobierno municipal est\u00e1 decidido a poner todo lo que est\u00e9 a su alcance con el prop\u00f3sito de cumplir al pueblo de Naucalpan, \u201cy sin duda sabemos que usted estar\u00e1 dispuesto a apoyarnos tanto como el gobernador\u201d.<\/p>\n<p>En entrevista, el alcalde electo calific\u00f3 como falsas las versiones de que al asumir el pr\u00f3ximo gobierno municipal vaya a declarar la quiebra del municipio de Naucalpan, pues agreg\u00f3 que pese a la precaria condici\u00f3n financiera que tiene el municipio, desde ahora ha programado acciones que le permitan tener una liquidez financiera para cumplir con los compromisos de su administraci\u00f3n.<\/p>\n","protected":false},"excerpt":{"rendered":"<p>Al dar la bienvenida al procurador Miguel \u00c1ngel Contreras Nieto en el municipio, el presidente municipal electo, David S\u00e1nchez Guevara, afirm\u00f3 que la uni\u00f3n de esfuerzos entre los diversos \u00f3rdenes de gobierno redundar\u00e1 en beneficios para los naucalpenses, y ofreci\u00f3 su plena colaboraci\u00f3n con \u00e9l y con el gobernador mexiquense, Eruviel \u00c1vila.<\/p>\n","protected":false},"author":3,"featured_media":0,"comment_status":"open","ping_status":"open","sticky":false,"template":"","format":"standard","meta":{"_monsterinsights_skip_tracking":false,"_monsterinsights_sitenote_active":false,"_monsterinsights_sitenote_note":"","_monsterinsights_sitenote_category":0,"footnotes":""},"categories":[5],"tags":[23597,43675,970],"class_list":["post-106327","post","type-post","status-publish","format-standard","hentry","category-estado-de-mexico","tag-david-sanchez-guevara","tag-estado-de-mexico","tag-naucalpan"],"_links":{"self":[{"href":"https:\/\/www.diarioimagen.net\/index.php?rest_route=\/wp\/v2\/posts\/106327","targetHints":{"allow":["GET"]}}],"collection":[{"href":"https:\/\/www.diarioimagen.net\/index.php?rest_route=\/wp\/v2\/posts"}],"about":[{"href":"https:\/\/www.diarioimagen.net\/index.php?rest_route=\/wp\/v2\/types\/post"}],"author":[{"embeddable":true,"href":"https:\/\/www.diarioimagen.net\/index.php?rest_route=\/wp\/v2\/users\/3"}],"replies":[{"embeddable":true,"href":"https:\/\/www.diarioimagen.net\/index.php?rest_route=%2Fwp%2Fv2%2Fcomments&post=106327"}],"version-history":[{"count":0,"href":"https:\/\/www.diarioimagen.net\/index.php?rest_route=\/wp\/v2\/posts\/106327\/revisions"}],"wp:attachment":[{"href":"https:\/\/www.diarioimagen.net\/index.php?rest_route=%2Fwp%2Fv2%2Fmedia&parent=106327"}],"wp:term":[{"taxonomy":"category","embeddable":true,"href":"https:\/\/www.diarioimagen.net\/index.php?rest_route=%2Fwp%2Fv2%2Fcategories&post=106327"},{"taxonomy":"post_tag","embeddable":true,"href":"https:\/\/www.diarioimagen.net\/index.php?rest_route=%2Fwp%2Fv2%2Ftags&post=106327"}],"curies":[{"name":"wp","href":"https:\/\/api.w.org\/{rel}","templated":true}]}}