{"id":106407,"date":"2012-10-05T00:05:21","date_gmt":"2012-10-05T05:05:21","guid":{"rendered":"http:\/\/www.diarioimagen.net\/?p=106407"},"modified":"2012-10-08T01:50:40","modified_gmt":"2012-10-08T06:50:40","slug":"tv-digital-ni-para-el-2021","status":"publish","type":"post","link":"https:\/\/www.diarioimagen.net\/?p=106407","title":{"rendered":"\u00bfTV digital? ni para el 2021"},"content":{"rendered":"<h2>\u00cdndice pol\u00edtico<\/h2>\n<h5>Francisco Rodr\u00edguez<\/h5>\n<p><span><br \/>\nA inicios del m\u00e1s reciente mes de mayo hubo avisos de alerta sobre el inminente fracaso del Programa de Transici\u00f3n de Televisi\u00f3n Digital Terrestre o \u201capag\u00f3n anal\u00f3gico\u201d como se le conoce popularmente.<\/span><\/p>\n<p>En ese entonces, poco despu\u00e9s de que la Comisi\u00f3n Federal de Telecomunicaciones (Cofetel) diera a conocer el acuerdo por el que se establec\u00edan las pol\u00edticas a seguir, hubo quien adelantara su fracaso.<\/p>\n<p>Fue el presidente del Instituto del Derecho de las Telecomunicaciones (Idet), Gerardo Soria, quien consider\u00f3 que las condiciones necesarias para lograr el apag\u00f3n anal\u00f3gico en el 2015 podr\u00edan incumplirse debido a que no hay una estrategia clara para llevarlo a cabo.<\/p>\n<p>Critic\u00f3 el decreto establecido por Felipe Calder\u00f3n, con el cual se adelant\u00f3 este proceso del 2021 al 2015, pues dijo que tiene dos problemas fundamentales.<\/p>\n<p>El primero, es que \u201cva en contra de lo establecido en los t\u00edtulos de concesi\u00f3n, que ya es un derecho adquirido de las televisoras\u201d; y segundo, que pone una fecha tajante para realizarlo, cuando depende de la velocidad con que la gente vaya cambiando sus televisores an\u00e1logos por digitales.<\/p>\n<p>\u201cDudo mucho que para el 2015, que son tres a\u00f1os, haya una penetraci\u00f3n mayor al 10%\u201d, apunt\u00f3 el abogado.<\/p>\n<p>Soria dec\u00eda entonces, y al parecer a\u00fan lo sostiene, que la transici\u00f3n deber\u00eda darse no en funci\u00f3n de plazos tajantes, sino en relaci\u00f3n a porcentajes: \u201cCuando se llegue a una penetraci\u00f3n del 90% se da el apag\u00f3n anal\u00f3gico, no por fecha\u201d.<\/p>\n<p>Nada extra\u00f1o, coincidir\u00e1 usted, que en la fallida administraci\u00f3n se den este tipo de errores may\u00fasculos que, cual consecuencia, pagamos los contribuyentes.<\/p>\n<p>Tampoco es raro que los dizque funcionarios no funcionen. Y menos inaudito que, ahogados en su mediocridad, culpen a los dem\u00e1s de sus fallas, errores y omisiones.<\/p>\n<p>Ah\u00ed tiene usted a Mony de Swaan, ahora mismo, culpando a las televisoras de que la primera fase de esa transici\u00f3n, a celebrarse en Tijuana, Baja California, no va a darse en las fechas establecidas, cuando ha sido \u00e9l quien no ha hecho lo necesario y suficiente para que tal se lleve a cabo.<\/p>\n<p>En Tijuana, en efecto, no hay mediciones de la autoridad sobre el n\u00famero de aparatos a cambiar, ni campa\u00f1as informativas a la poblaci\u00f3n televidente, y ni siquiera se ha iniciado la licitaci\u00f3n para elegir al proveedor de los codificadores necesarios para transformar la imagen an\u00e1loga a digital.<\/p>\n<p>Inicialmente, seguro usted lo recuerda, en el 2004 se establecieron algunos plazos. Muchos de ellos ya est\u00e1n vencidos.<\/p>\n<p>Vino luego la orden de Los Pinos: adelantar la transici\u00f3n del 2021, como originalmente se hab\u00eda planeado, al 2015.<\/p>\n<p>Y como est\u00e1n las cosas al seno de la Cofetel, ni para el 2021 habr\u00e1 concluido completa la transici\u00f3n.<\/p>\n<p>Tambi\u00e9n en los primeros d\u00edas de mayo, la presidenta de la Asociaci\u00f3n Mexicana de Derecho a la Informaci\u00f3n (Amedi), Aleida Calleja consider\u00f3 que ha habido una pol\u00edtica p\u00fablica poco clara respecto a la transici\u00f3n digital.<\/p>\n<p>Dijo que tiene que ver con problemas de visi\u00f3n de Estado que tienen tanto el Ejecutivo como el Legislativo para establecer un marco normativo que aproveche de manera plena la transici\u00f3n digital. Nada extra\u00f1o, pues, que una de las pol\u00edticas p\u00fablicas emprendidas en estos calamitosos a\u00f1os de panismo en el poder resulte fallida, un fracaso. Nada raro, tampoco, que los dizque servidores p\u00fablicos no sirvan ni para ir a dejar un recado a la esquina.<\/p>\n<p>Y menos inaudito que, ahogado en su mediocridad, Mony de Swaan culpe de sus propios fracasos a las televisoras. Raro ser\u00eda, en todo caso, que algo les resultara exitoso a estos personajes, \u00bfno cree usted?<\/p>\n<p><strong><em>\u00cdndice Flam\u00edgero:<\/em><\/strong> Todo indica que el ex asesor y \u201ccuate\u201d del controversial Juan Molinar, me refiero a Mony de Swaan, va solo en su pleito contra Televisa y TV Azteca, a las que culpa de interponer obst\u00e1culos al trayecto a la televisi\u00f3n digital. El resto de los comisionados de la Cofetel no comparte la beligerancia de quien funge como su presidente. + + + El trayecto que ya no tiene reversa es el del fin del calderoniosmo. S\u00f3lo faltan 56 d\u00edas, que a muchos se nos hacen todav\u00eda muchos, muchos d\u00edas.<\/p>\n<p><em><a href=\"http:\/\/www.indicepolitico.com\/\" target=\"_blank\"><em>www.indicepolitico.com<\/em><\/a><br \/>\n<\/em><em><a href=\"mailto:pacorodriguez@journalist.com\" target=\"_blank\">pacorodriguez@journalist.com<\/a><\/em><\/p>\n","protected":false},"excerpt":{"rendered":"<p><span style=\"color: #005497;\"><strong>Francisco Rodr\u00edguez<\/strong><\/span><\/p>\n","protected":false},"author":3,"featured_media":0,"comment_status":"open","ping_status":"open","sticky":false,"template":"","format":"standard","meta":{"_monsterinsights_skip_tracking":false,"_monsterinsights_sitenote_active":false,"_monsterinsights_sitenote_note":"","_monsterinsights_sitenote_category":0,"footnotes":""},"categories":[549],"tags":[345,4982,43689,550,43674],"class_list":["post-106407","post","type-post","status-publish","format-standard","hentry","category-francisco-rodriguez","tag-cofetel","tag-comision-federal-de-telecomunicaciones","tag-francisco-rodriguez","tag-indice-politico","tag-opinion"],"_links":{"self":[{"href":"https:\/\/www.diarioimagen.net\/index.php?rest_route=\/wp\/v2\/posts\/106407","targetHints":{"allow":["GET"]}}],"collection":[{"href":"https:\/\/www.diarioimagen.net\/index.php?rest_route=\/wp\/v2\/posts"}],"about":[{"href":"https:\/\/www.diarioimagen.net\/index.php?rest_route=\/wp\/v2\/types\/post"}],"author":[{"embeddable":true,"href":"https:\/\/www.diarioimagen.net\/index.php?rest_route=\/wp\/v2\/users\/3"}],"replies":[{"embeddable":true,"href":"https:\/\/www.diarioimagen.net\/index.php?rest_route=%2Fwp%2Fv2%2Fcomments&post=106407"}],"version-history":[{"count":0,"href":"https:\/\/www.diarioimagen.net\/index.php?rest_route=\/wp\/v2\/posts\/106407\/revisions"}],"wp:attachment":[{"href":"https:\/\/www.diarioimagen.net\/index.php?rest_route=%2Fwp%2Fv2%2Fmedia&parent=106407"}],"wp:term":[{"taxonomy":"category","embeddable":true,"href":"https:\/\/www.diarioimagen.net\/index.php?rest_route=%2Fwp%2Fv2%2Fcategories&post=106407"},{"taxonomy":"post_tag","embeddable":true,"href":"https:\/\/www.diarioimagen.net\/index.php?rest_route=%2Fwp%2Fv2%2Ftags&post=106407"}],"curies":[{"name":"wp","href":"https:\/\/api.w.org\/{rel}","templated":true}]}}