{"id":106529,"date":"2012-10-05T00:01:11","date_gmt":"2012-10-05T05:01:11","guid":{"rendered":"http:\/\/www.diarioimagen.net\/?p=106529"},"modified":"2012-10-08T01:34:53","modified_gmt":"2012-10-08T06:34:53","slug":"angel-aguirre-presento-a-ana-serradilla-como-vocera-de-la-campana-soy-guerrero","status":"publish","type":"post","link":"https:\/\/www.diarioimagen.net\/?p=106529","title":{"rendered":"\u00c1ngel Aguirre present\u00f3 a Ana Serradilla como vocera de la campa\u00f1a Soy Guerrero"},"content":{"rendered":"<h2>De cinco estrellas<\/h2>\n<h5>Victoria Gonz\u00e1lez Prado<\/h5>\n<p>&nbsp;<\/p>\n<ul>\n<li><em><strong>Presentan el cat\u00e1logo de viajes Copa Vacations 2012, con m\u00e1s de 12 paquetes<\/strong><\/em><\/li>\n<li><em><strong>Disfruta de Halloween en Nueva Orle\u00e1ns, con sus historias de fantasmas y m\u00e1s<\/strong><\/em><\/li>\n<\/ul>\n<div id=\"attachment_106532\" style=\"width: 250px\" class=\"wp-caption alignleft\"><a class=\"highslide\" onclick=\"return vz.expand(this)\" href=\"http:\/\/www.diarioimagen.net\/wp-content\/uploads\/2012\/10\/turismo-1952.jpg\"><img loading=\"lazy\" decoding=\"async\" aria-describedby=\"caption-attachment-106532\" class=\"size-medium wp-image-106532\" title=\"turismo-1952\" src=\"http:\/\/www.diarioimagen.net\/wp-content\/uploads\/2012\/10\/turismo-1952-240x127.jpg\" alt=\"\" width=\"240\" height=\"127\" \/><\/a><p id=\"caption-attachment-106532\" class=\"wp-caption-text\">El gobernador de Guerrero, \u00c1ngel Aguirre, y Ana Serradilla.<\/p><\/div>\n<p><strong>\u00c1ngel Aguirre Rivero<\/strong>, gobernador de Guerrero y la actriz <strong>Ana Serradilla<\/strong>, dieron a conocer la campa\u00f1a Soy Guerrero, con la que se pretende dar a conocer los lugares de inter\u00e9s del estado que son poco visitados, adem\u00e1s de \u201cla cultura, gastronom\u00eda, m\u00fasica y tradiciones, porque tiene profundas ra\u00edces hist\u00f3ricas\u201d. Asegur\u00f3 que \u201choy como nunca, los guerrerenses estamos resueltos a mejorar las condiciones de vida, y para nosotros el turismo lo representa todo\u201d. Destac\u00f3 que nunca se hab\u00eda hecho una campa\u00f1a tan importante y \u00e9sta \u201cnos va a permitir recuperar esa grandiosidad y esplendor que ten\u00eda el puerto de Acapulco y podremos decirle a los mexicanos que en Guerrero tenemos much\u00edsimos atractivos. No queremos que s\u00f3lo viva de a\u00f1oranzas, sino que vuelva a ser el polo de atracci\u00f3n de personalidades del \u00e1mbito mundial\u201d. De la infraestructura que se realiza en el puerto mencion\u00f3 el Acab\u00fas, la Esc\u00e9nica Alterna y la remodelaci\u00f3n del Acapulco Tradicional, con la construcci\u00f3n del Museo del Agua y un acuario que \u201ccompetir\u00e1 con los mejores del mundo\u201d y un club de playa que le dar\u00e1n un nuevo rostro y mejorar\u00e1 la imagen urbana del puerto. Al referirse a la campa\u00f1a en la que <strong>Ana Serradilla<\/strong> ser\u00e1 la vocera, <strong>\u00c1ngel Aguirre<\/strong> asegur\u00f3 que Soy Guerrero no s\u00f3lo mostrar\u00e1 los lugares que muchos mexicanos conocen y que integran el Tri\u00e1ngulo del Sol: Acapulco, Ixtapa-Zihuatanejo y Taxco, sino que promover\u00e1n destinos interesantes que no han tenido la promoci\u00f3n necesaria para atraer un mayor n\u00famero de turistas como: Playa Ventura, en la Costa Chica; Petatl\u00e1n, Barra de Potos\u00ed y Playa M\u00edchigan, en Tecpan de Galeana, por mencionar algunos. Como parte de la\u00a0 promoci\u00f3n, se incluye una din\u00e1mica denominada \u201cMi viaje perfecto\u201d, con la cual se invita a los turistas a subir un video de su viaje al estado; los videos con el mayor n\u00famero de votaciones ganar\u00e1n 100 mil pesos, adem\u00e1s de c\u00e1maras fotogr\u00e1ficas, entre otros premios. Asimismo, dijo que su gobierno est\u00e1 empe\u00f1ado en cuidar la seguridad, tanto de los vecinos, como de quienes visiten los destinos tur\u00edsticos del estado. \u201cEstamos invirtiendo m\u00e1s de 6 mil millones de pesos para la recuperaci\u00f3n y la seguridad. Son inversiones muy fuertes, por ejemplo el Macrot\u00fanel, que unir\u00e1 el Acapulco Dorado con el Diamante costar\u00e1 3 mil quinientos millones de pesos; la obra de agua potable $800 millones, en la parte del Acapulco tradicional, 2 mil 500 millones de pesos.\u00a0 Estamos haciendo muchas obras de manera simult\u00e1nea. El operativo que hemos montado ha funcionado. Hemos tenido una disminuci\u00f3n muy importante en la incidencia del delito, estamos dotando de mejor infraestructura, con nuevas tecnolog\u00edas. Cuando llegu\u00e9 al gobierno ten\u00edamos 24 c\u00e1maras de vigilancia, hoy tenemos 700. Contamos con una polic\u00eda \u2018acreditable\u2019, que ya pas\u00f3 por todos los niveles de confianza, tiene una certificaci\u00f3n y esto ha generado la recuperaci\u00f3n de la confianza en el puerto de Acapulco\u201d. Por otra parte, indic\u00f3 que \u201cde acuerdo a cifras de los prestadores de servicios tur\u00edsticos, desde hace siete a\u00f1os no se alcanzaban los niveles de ocupaci\u00f3n hotelera que se han tenido en este a\u00f1o; quienes hoy visitan Acapulco, encuentran un lugar m\u00e1s seguro\u201d. <strong>Ana Serradilla<\/strong>, al hacer uso de la palabra, destac\u00f3 la oportunidad de convertirse en la vocera de esta campa\u00f1a de promoci\u00f3n tur\u00edstica nacional e internacional y relat\u00f3 que durante los 10 d\u00edas que dur\u00f3 la producci\u00f3n, \u201cconoc\u00ed lugares maravillosos, por lo que recomiendo ampliamente a todos los turistas nacionales y extranjeros que visiten el estado de Guerrero\u201d.<\/p>\n<p>\u2730\u2730\u2730\u2730\u2730\u00a0<strong>Mauro Arrendondo<\/strong>, gerente comercial de <em>Copa Airlines<\/em> en M\u00e9xico, present\u00f3 el cat\u00e1logo de viajes <em>Copa Vacations Mexico 2012 <\/em>que en esta edici\u00f3n ofrece una amplia gama de destinos vacacionales y de negocios. En su oportunidad, <strong>Mauro<\/strong> record\u00f3: \u00a0\u201c<em>Copa Airlines<\/em> reitera su compromiso con M\u00e9xico, que cumple\u00a0 21 a\u00f1os de operaciones y\u00a0 65 a\u00f1os de existencia y continuar\u00e1 ofreciendo un servicio de clase mundial\u00a0 a trav\u00e9s de la mejor conexi\u00f3n al Norte, Centro, Sudam\u00e9rica y el Caribe\u201d. En la presentaci\u00f3n del catalogo <em>Copa Vacations M\u00e9xico 2012<\/em>, se cont\u00f3 con los seminarios<em> <\/em>que este a\u00f1o se desarrollaron en Guadalajara, Monterrey, ciudad de M\u00e9xico y Quer\u00e9taro, lugares donde adicionalmente se promovieron\u00a0 los nuevos destinos del 2012 de la aerol\u00ednea desde Panam\u00e1 a Iquitos en Per\u00fa, Curazao, Antillas Holandesas; Liberia en Costa Rica, Las Vegas, en Estados Unidos\u00a0 y Recife, Brasil, as\u00ed como la alianza con <em>Pullmantur<\/em> para ofrecer un crucero por las Antillas y Caribe sur durante ocho d\u00edas, visitando Cartagena de Indias, Aruba, La Guaira y Curazao, partiendo y regresando a Panam\u00e1. Cabe se\u00f1alar que este novedoso concepto se introdujo en el mercado hace\u00a0siete a\u00f1os con operadores mayoristas, que son los distribuidores de los paquetes tur\u00edsticos que, en conjunto con importantes cadenas hoteleras y\u00a0 proveedores de servicios, desarrollan ofertas atractivas de valor agregado para los pasajeros vacacionales. El cat\u00e1logo de viajes <em>Copa Vacaciones 2012<\/em> ofrece m\u00e1s de 12 paquetes de viaje que inician desde tres d\u00edas a 20 de estad\u00eda, disponibles a trav\u00e9s de los principales operadores de viaje en M\u00e9xico, y una amplia oferta de destinos para los viajeros de placer o negocios. \u201cNos sentimos orgullosos de ofrecer al mercado mexicano\u00a0 esta oferta\u00a0 diversa de paquetes tur\u00edsticos con valor agregado\u00a0 a destinos maravillosos\u00a0 y as\u00ed apoyar la industria tur\u00edstica del pa\u00eds\u201d, subray\u00f3 <strong>Mauro Arredondo<\/strong>. Para consultas: <a href=\"http:\/\/www.copavacacionesmexico.com\/\" target=\"_blank\">www.copavacacionesmexico.com<\/a> o a trav\u00e9s de los touroperadores\u00a0 <em>Copa Vacations Mega Travel<\/em>, <em>Julia Tours,<\/em> <em>Detour, Mera<\/em> Viajes y <em>Corporate Travel Services<\/em>.<\/p>\n<p>\u2730\u2730\u2730\u2730\u2730\u00a0Muy pronto se celebrar\u00e1 <em>Halloween<\/em> en la Uni\u00f3n Americana y si te gusta disfrutar de esas fiestas, nada mejor que Nueva Orle\u00e1ns, famosa por constituir un importante centro de fen\u00f3menos paranormales y donde se re\u00fanen todos los criterios requeridos para dar lugar a historias de fantasmas. Nueva Orle\u00e1ns est\u00e1 en la costa, con un pasado de historias de conquistas, esclavitud, riqueza cultural y religiones antiguas que se mezclan con ideas paganas. Llena de mansiones embrujadas, cementerios escalofriantes, historias de barcos piratas con tesoros malditos e infinidad de rincones habitados por esp\u00edritus que rondan desde la guerra civil o almas torturadas por alg\u00fan hechizo <em>voodoo.<\/em> Es una de las 10 ciudades con mayor reputaci\u00f3n \u201cfantasmag\u00f3rica\u201d en el pa\u00eds. Destaca por la decoraci\u00f3n que despliega durante una de las celebraciones m\u00e1s divertidas en los Estados Unidos. Si est\u00e1s pensando viajar te recomendamos algunos sitios que no deber\u00e1s perderte, como las casas que pertenecieron a la c\u00e9lebre Anne Rice, para continuar con hoteles, restaurantes, edificios de importancia cultural e hist\u00f3rica, as\u00ed como residencias privadas distribuidas en diversos puntos, como la Casa del Sult\u00e1n, donde ocurri\u00f3 una sangrienta masacre, la Casa Beauregard-Keyes, foro de la Batalla de <em>Shiloh.<\/em> Los expertos dicen que, la Casa LaLaurie ubicada en <em>Royal Street<\/em>, es el lugar con mayor actividad paranormal en la ciudad. Est\u00e1 en el coraz\u00f3n del barrio franc\u00e9s, durante los a\u00f1os de 1800 perteneci\u00f3 al m\u00e9dico Louis LaLaurie y su esposa Delphine. La leyenda dice que los LaLaurie eran crueles con sus esclavos e incluso hab\u00eda evidencia de que Delphine hab\u00eda asesinado a una ni\u00f1a de 12 a\u00f1os de edad. El restaurant <em>Antoine\u2019s<\/em>, uno de los recintos que puso la cocina creole en el escenario internacional, fue inaugurado en 1868 por Antoine Alciatore quien, seg\u00fan varios comensales, a\u00fan se aparece portando su smoking, por todo el lugar. Uno de los personajes m\u00e1s importantes del v<em>oodoo<\/em> fue, y sigue siendo, Marie Laveau; mujer criolla que en 1800 reuni\u00f3 gran cantidad de seguidores por ser de las primeras personas en practicar esta religi\u00f3n. Apreciada por los habitantes de la ciudad por su gran devoci\u00f3n al catolicismo, iba diario a misa y dicen le permitieron realizar sus rituales v<em>oodoo<\/em> detr\u00e1s de la Catedral de St. Louis. Fue responsable de haber incorporado el v<em>oodoo<\/em> a la cultura de la ciudad. Le llamaban \u201cReina del <em>voodoo<\/em>\u201d es uno de los fantasmas m\u00e1s famosos de la ciudad. Su tumba, est\u00e1 en el Cementerio de St. Louis, y quienes la visitan\u00a0 al pedir un favor deber\u00e1n tocar en su cripta tres veces; algunas personas le dejan dinero, alcohol, flores o alguna otra cosa para obtener su ayuda. En Nueva Orle\u00e1ns hay 42 cementerios en el \u00e1rea metropolitana, todos con mausoleos familiares que pueden hospedar hasta 12 cuerpos. Debido a que la ciudad est\u00e1, abajo del nivel del mar, es imposible enterrar a los muertos bajo tierra. As\u00ed, las tumbas que podr\u00e1s apreciar (algunas verdaderas obras de arte que despliegan bell\u00edsimas esculturas), son al estilo de los cementerios franceses. Dos visitas que no querr\u00e1s perderte incluyen al cementerio m\u00e1s grande, <em>Lake Lawn Metairie<\/em>, y el <em>St. Louis Cemetery<\/em>. Quienes prefieren experiencias menos aterradoras, el <em>Voodoo Music Experience<\/em> es una excelente opci\u00f3n, es un festival musical en <em>City Park,<\/em> creado en torno al <em>Halloween<\/em> y es reconocido por reunir artistas de talla internacional como Marilyn Manson, <em>50 Cent, Red Hot Chili Peppers<\/em>, Duran Duran, <em>Nine Inch Nails<\/em>, R.E.M. y 311, con m\u00fasicos locales como: <em>The Original Meters, Trombone Shorty and Orleans<\/em> <em>Avenue,<\/em> y Dr. John. <em><a href=\"http:\/\/www.thevoodooexperience.com\/\" target=\"_blank\">thevoodooexperience.com<\/a><\/em><\/p>\n<p align=\"left\">\u2730\u2730\u2730\u2730\u2730\u00a0<strong>Gustavo Mendoza Avi\u00f1a<\/strong>, director comercial de Interjet, se\u00f1al\u00f3 que una de las nuevas rutas que entrar\u00e1n en operaci\u00f3n el pr\u00f3ximo 25 de octubre ser\u00e1:\u00a0\u00a0\u00a0 Monterrey-La Habana y se reanudar\u00e1 la operaci\u00f3n de ciudad de M\u00e9xico-La Habana. Estiman trasladar a 65 mil pasajeros al a\u00f1o principalmente del norte del pa\u00eds a Cuba, tanto turistas de la frontera norte de M\u00e9xico, como de la zona sur de Estados Unidos. <strong>Luis A. Quirantes Bouza<\/strong>, c\u00f3nsul general de la Rep\u00fablica de Cuba al centro y norte de M\u00e9xico, dijo que solamente en Monterrey hay una comunidad de mil 500 cubanos, de los cuales un 40% est\u00e1n casados y con familia, a quienes les ser\u00e1 de mucha utilidad la nueva ruta. <strong>Alicia P\u00e9rez Casanova<\/strong>, directora de la Oficina del Ministerio de Turismo de Cuba, se\u00f1al\u00f3 que la visita de mexicanos a ese pa\u00eds obedece al turismo, por lo cual resalt\u00f3 el inter\u00e9s de fortalecer las relaciones en ambos pa\u00edses. \u201cAnualmente cerca de 77 mil mexicanos viajan a Cuba, la cifra m\u00e1s alta que registra ese pa\u00eds fue en mayo de 2004 con 98 mil turistas mexicanos. La meta con las nuevas rutas hacia ese destino es superar la visita de los 100 mil mexicanos al a\u00f1o\u201d, se\u00f1al\u00f3 la experta. Los jueves el horario de salida de Monterrey es a las 10:00 horas para llegar a Cuba a las 13:40 horas. Los domingos saldr\u00e1 de La Habana a las 14:30 horas para llegar a Monterrey a las 16:45 horas.<\/p>\n<p>\u2730\u2730\u2730\u2730\u2730\u00a0<strong>Carlos Manuel Joaqu\u00edn Gonz\u00e1lez<\/strong>, coordinador de Turismo, e <strong>Ildefonso Guajardo Villarreal<\/strong>, vicecoordinador de Pol\u00edtica Econ\u00f3mica, ambos de la Coordinaci\u00f3n para la Transici\u00f3n Gubernamental, firmaron el mi\u00e9rcoles pasado, como testigos de honor la creaci\u00f3n de la Oficina de Convenciones y Visitantes de Los Cabos. En representaci\u00f3n del presidente municipal de Los Cabos estuvo <strong>Jacobo Turquie Alcerreca<\/strong>, director de Turismo. En septiembre pasado se firmaron las escrituras para la creaci\u00f3n de la Oficina de Convenciones y Visitantes de Los Cabos (OCV por sus siglas) por parte de la Asociaci\u00f3n de Hoteles de Los Cabos, autoridades gubernamentales y diversas entidades del ramo tur\u00edstico. \u201cLa\u00a0\u00a0 OCV, permitir\u00e1 agrupar a todas las c\u00e1maras, asociaciones civiles y organizaciones interesadas en el desarrollo tur\u00edstico de la regi\u00f3n, representando los intereses de nuestra gran comunidad tur\u00edstica\u201d, dijo <strong>Alberto Coppola Joffroy,<\/strong> presidente de la Asociaci\u00f3n de Hoteles de Los Cabos.<\/p>\n<p><em><a href=\"mailto:victoriagprado@gmail.com\" target=\"_blank\">victoriagprado@gmail.com<\/a><\/em><\/p>\n","protected":false},"excerpt":{"rendered":"<p><strong>\u00c1ngel Aguirre Rivero<\/strong>, gobernador de Guerrero y la actriz <strong>Ana Serradilla<\/strong>, dieron a conocer la campa\u00f1a Soy Guerrero, con la que se pretende dar a conocer los lugares de inter\u00e9s del estado que son poco visitados, adem\u00e1s de \u201cla cultura, gastronom\u00eda, m\u00fasica y tradiciones, porque tiene profundas ra\u00edces hist\u00f3ricas\u201d. <\/p>\n","protected":false},"author":3,"featured_media":0,"comment_status":"open","ping_status":"open","sticky":false,"template":"","format":"standard","meta":{"_monsterinsights_skip_tracking":false,"_monsterinsights_sitenote_active":false,"_monsterinsights_sitenote_note":"","_monsterinsights_sitenote_category":0,"footnotes":""},"categories":[11],"tags":[17179,107,43681,106],"class_list":["post-106529","post","type-post","status-publish","format-standard","hentry","category-turismo","tag-ana-serradilla","tag-de-cinco-estrellas","tag-turismo","tag-victoria-gonzalez-prado"],"_links":{"self":[{"href":"https:\/\/www.diarioimagen.net\/index.php?rest_route=\/wp\/v2\/posts\/106529","targetHints":{"allow":["GET"]}}],"collection":[{"href":"https:\/\/www.diarioimagen.net\/index.php?rest_route=\/wp\/v2\/posts"}],"about":[{"href":"https:\/\/www.diarioimagen.net\/index.php?rest_route=\/wp\/v2\/types\/post"}],"author":[{"embeddable":true,"href":"https:\/\/www.diarioimagen.net\/index.php?rest_route=\/wp\/v2\/users\/3"}],"replies":[{"embeddable":true,"href":"https:\/\/www.diarioimagen.net\/index.php?rest_route=%2Fwp%2Fv2%2Fcomments&post=106529"}],"version-history":[{"count":0,"href":"https:\/\/www.diarioimagen.net\/index.php?rest_route=\/wp\/v2\/posts\/106529\/revisions"}],"wp:attachment":[{"href":"https:\/\/www.diarioimagen.net\/index.php?rest_route=%2Fwp%2Fv2%2Fmedia&parent=106529"}],"wp:term":[{"taxonomy":"category","embeddable":true,"href":"https:\/\/www.diarioimagen.net\/index.php?rest_route=%2Fwp%2Fv2%2Fcategories&post=106529"},{"taxonomy":"post_tag","embeddable":true,"href":"https:\/\/www.diarioimagen.net\/index.php?rest_route=%2Fwp%2Fv2%2Ftags&post=106529"}],"curies":[{"name":"wp","href":"https:\/\/api.w.org\/{rel}","templated":true}]}}