{"id":106594,"date":"2012-10-08T00:09:55","date_gmt":"2012-10-08T05:09:55","guid":{"rendered":"http:\/\/www.diarioimagen.net\/?p=106594"},"modified":"2012-10-08T04:20:44","modified_gmt":"2012-10-08T09:20:44","slug":"la-academia-fundamental-en-la-competitividad-empresarial","status":"publish","type":"post","link":"https:\/\/www.diarioimagen.net\/?p=106594","title":{"rendered":"La academia, fundamental en la competitividad empresarial"},"content":{"rendered":"<ul>\n<li><em><strong>Junto con el secretario de Desarrollo Econ\u00f3mico del estado, Adri\u00e1n Fuentes Villalobos, clausur\u00f3 un programa de capacitaci\u00f3n dirigido a las Pymes<\/strong><\/em><\/li>\n<\/ul>\n<div id=\"attachment_106717\" style=\"width: 250px\" class=\"wp-caption alignleft\"><a class=\"highslide\" onclick=\"return vz.expand(this)\" href=\"http:\/\/www.diarioimagen.net\/wp-content\/uploads\/2012\/10\/uaem-1953.jpg\"><img loading=\"lazy\" decoding=\"async\" aria-describedby=\"caption-attachment-106717\" class=\"size-medium wp-image-106717\" title=\"uaem-1953\" src=\"http:\/\/www.diarioimagen.net\/wp-content\/uploads\/2012\/10\/uaem-1953-240x135.jpg\" alt=\"\" width=\"240\" height=\"135\" \/><\/a><p id=\"caption-attachment-106717\" class=\"wp-caption-text\">El rector de la UAEM asever\u00f3 que el sector empresarial, como factor de crecimiento econ\u00f3mico, debe contar con el respaldo y apoyo de las instituciones acad\u00e9micas y gubernamentales, ya que la innovaci\u00f3n tecnol\u00f3gica, as\u00ed como la capacitaci\u00f3n del personal son dos factores esenciales para evitar la alta mortalidad empresarial que existe en M\u00e9xico.<\/p><\/div>\n<p><strong>Toluca, Estado de M\u00e9xico<\/strong>.- El Sistema Empresarial Mexicano registra 73 mil 456 empresas; 99 por ciento son Pymes y aportan 80 por ciento de los empleos del pa\u00eds, por lo que es necesario dotarlas de las herramientas que ayuden a consolidarlas y a elevar su esquema de competitividad en el plano nacional e internacional, sostuvo el rector de la Universidad Aut\u00f3noma del Estado de M\u00e9xico, Eduardo Gasca Pliego.<\/p>\n<p>Lo anterior, al clausurar, acompa\u00f1ado por el secretario de Desarrollo Econ\u00f3mico de la entidad, Adri\u00e1n Fuentes Villalobos, el Programa de \u201cConsultor\u00eda Empresarial para Pymes Basada en Talentos\u201d, mediante el cual fueron asesoradas 400 empresas mexiquenses del ramo alimenticio, industrial, comercial y de servicios, lo que permiti\u00f3 conservar 7 mil 838 empleos.<\/p>\n<p>En el Aula Magna \u201cLic. Adolfo L\u00f3pez Mateos\u201d, donde tambi\u00e9n se dieron cita la directora general de Promoci\u00f3n Empresarial de la Secretar\u00eda de Econom\u00eda federal, Martha Cabrera Mart\u00ednez, as\u00ed como el presidente del Consejo Coordinador Empresarial mexiquense, Francisco Cervantes D\u00edaz, Gasca Pliego reconoci\u00f3 la relaci\u00f3n entre el sector acad\u00e9mico, privado y gubernamental, para llevar a cabo dicho programa acad\u00e9mico de 10 meses, impartido por Gallup University, instituci\u00f3n acad\u00e9mica especializada en el ramo empresarial y representada durante la ceremonia por su rector, Efra\u00edn Morales Castro.<\/p>\n<p>El rector de la UAEM asever\u00f3 que el sector empresarial, como factor de crecimiento econ\u00f3mico, debe contar con el respaldo y apoyo de las instituciones acad\u00e9micas y gubernamentales, ya que la innovaci\u00f3n tecnol\u00f3gica, as\u00ed como la capacitaci\u00f3n del personal son dos factores esenciales para evitar la alta mortalidad empresarial que existe en M\u00e9xico.<\/p>\n<p>Resalt\u00f3 que el programa educativo de Gallup University, adem\u00e1s de dotar a los empresarios de un diagn\u00f3stico especializado sobre el status de sus negocios, tambi\u00e9n les transmiti\u00f3 instrumentos humanistas para explotar su liderazgo y reflejarlo en el mercado comercial.<\/p>\n<p>Ante el director del Instituto Mexiquense del Emprendedor, Pablo Alejandro Torres Mart\u00ednez, Adri\u00e1n Fuentes Villalobos habl\u00f3 sobre las distintas reformas emprendidas por el gobernador Eruviel \u00c1vila Villegas, con el prop\u00f3sito de acelerar e impulsar la creaci\u00f3n de micro, peque\u00f1as y medianas empresas; destac\u00f3 la Ley de Medios de Comunicaci\u00f3n, mediante la cual, dijo, los empresarios podr\u00e1n realizar tr\u00e1mites legales a trav\u00e9s de internet.<\/p>\n<p>Expres\u00f3 que la entidad posee las condiciones necesarias para un crecimiento econ\u00f3mico \u00f3ptimo, pues adem\u00e1s de contar con la tercera banda urbana m\u00e1s grande del mundo, se coloca como una de las mejores en materia de competitividad en el pa\u00eds; sin embargo, el reto de consolidar un modelo econ\u00f3mico que mejore las condiciones de vida de los ciudadanos, debe\u00a0 configurarse de manera conjunta con la innovaci\u00f3n de los empresarios y la investigaci\u00f3n de las instituciones acad\u00e9micas.<\/p>\n<p>La secretaria de Extensi\u00f3n y Vinculaci\u00f3n de la UAEM, Yolanda Ballesteros Sent\u00edes, refiri\u00f3 que uno de los principales indicadores de \u00e9xito del Programa \u201cConsultor\u00eda Empresarial para PyMES basada en talentos\u201d es la superaci\u00f3n de la expectativa en materia de conservaci\u00f3n de empleos, ya que se termin\u00f3 con dos mil 338 m\u00e1s de los esperados.<\/p>\n","protected":false},"excerpt":{"rendered":"<p>El Sistema Empresarial Mexicano registra 73 mil 456 empresas; 99 por ciento son Pymes y aportan 80 por ciento de los empleos del pa\u00eds, por lo que es necesario dotarlas de las herramientas que ayuden a consolidarlas y a elevar su esquema de competitividad en el plano nacional e internacional, sostuvo el rector de la Universidad Aut\u00f3noma del Estado de M\u00e9xico, Eduardo Gasca Pliego.<\/p>\n","protected":false},"author":3,"featured_media":0,"comment_status":"open","ping_status":"open","sticky":false,"template":"","format":"standard","meta":{"_monsterinsights_skip_tracking":false,"_monsterinsights_sitenote_active":false,"_monsterinsights_sitenote_note":"","_monsterinsights_sitenote_category":0,"footnotes":""},"categories":[5],"tags":[23184,43675,452,1491],"class_list":["post-106594","post","type-post","status-publish","format-standard","hentry","category-estado-de-mexico","tag-competitividad","tag-estado-de-mexico","tag-toluca","tag-uaem"],"_links":{"self":[{"href":"https:\/\/www.diarioimagen.net\/index.php?rest_route=\/wp\/v2\/posts\/106594","targetHints":{"allow":["GET"]}}],"collection":[{"href":"https:\/\/www.diarioimagen.net\/index.php?rest_route=\/wp\/v2\/posts"}],"about":[{"href":"https:\/\/www.diarioimagen.net\/index.php?rest_route=\/wp\/v2\/types\/post"}],"author":[{"embeddable":true,"href":"https:\/\/www.diarioimagen.net\/index.php?rest_route=\/wp\/v2\/users\/3"}],"replies":[{"embeddable":true,"href":"https:\/\/www.diarioimagen.net\/index.php?rest_route=%2Fwp%2Fv2%2Fcomments&post=106594"}],"version-history":[{"count":0,"href":"https:\/\/www.diarioimagen.net\/index.php?rest_route=\/wp\/v2\/posts\/106594\/revisions"}],"wp:attachment":[{"href":"https:\/\/www.diarioimagen.net\/index.php?rest_route=%2Fwp%2Fv2%2Fmedia&parent=106594"}],"wp:term":[{"taxonomy":"category","embeddable":true,"href":"https:\/\/www.diarioimagen.net\/index.php?rest_route=%2Fwp%2Fv2%2Fcategories&post=106594"},{"taxonomy":"post_tag","embeddable":true,"href":"https:\/\/www.diarioimagen.net\/index.php?rest_route=%2Fwp%2Fv2%2Ftags&post=106594"}],"curies":[{"name":"wp","href":"https:\/\/api.w.org\/{rel}","templated":true}]}}