{"id":107098,"date":"2012-10-11T00:07:34","date_gmt":"2012-10-11T05:07:34","guid":{"rendered":"http:\/\/www.diarioimagen.net\/?p=107098"},"modified":"2012-10-11T03:22:28","modified_gmt":"2012-10-11T08:22:28","slug":"jose-narro-exige-revisar-fondos-contra-la-pobreza","status":"publish","type":"post","link":"https:\/\/www.diarioimagen.net\/?p=107098","title":{"rendered":"Jos\u00e9 Narro exige revisar fondos contra la pobreza"},"content":{"rendered":"<ul>\n<li><strong><em>El rector de la UNAM se\u00f1ala que en ese rubro se han invertido 2.7 billones de pesos de 2000 a 2012, sin tener resultados satisfactorios<\/em><\/strong><\/li>\n<\/ul>\n<div id=\"attachment_107141\" style=\"width: 250px\" class=\"wp-caption alignleft\"><a class=\"highslide\" onclick=\"return vz.expand(this)\" href=\"http:\/\/www.diarioimagen.net\/wp-content\/uploads\/2012\/10\/Narro-1956.jpg\"><img loading=\"lazy\" decoding=\"async\" aria-describedby=\"caption-attachment-107141\" class=\"size-medium wp-image-107141\" title=\"Narro-1956\" src=\"http:\/\/www.diarioimagen.net\/wp-content\/uploads\/2012\/10\/Narro-1956-240x135.jpg\" alt=\"\" width=\"240\" height=\"135\" \/><\/a><p id=\"caption-attachment-107141\" class=\"wp-caption-text\">Jos\u00e9 Narro Robles, rector de la UNAM.<\/p><\/div>\n<p>El rector de la Universidad Nacional Aut\u00f3noma de M\u00e9xico (UNAM), Jos\u00e9 Narro Robles, llam\u00f3 a hacer una revisi\u00f3n de los recursos destinados a los programas para la superaci\u00f3n de la pobreza, ya que se requiere tener m\u00e1s resultados.<\/p>\n<p>Al inaugurar el seminario \u201cCambio estructural para la igualdad: Una visi\u00f3n integrada para el desarrollo, lectura desde M\u00e9xico\u201d, indic\u00f3 que la inversi\u00f3n que el pa\u00eds ha hecho en ese concepto de 2000 a 2012 en 13 ejercicios presupuestales equivale a 2.7 billones de pesos.<\/p>\n<p>Ante ello se pregunt\u00f3 \u201c\u00bfc\u00f3mo van a estar bien las cosas si cuando uno se mete a revisar la estrategia se encuentra con que, por ejemplo, en 2012 se destinaron 317 millones a 130 programas?\u201d<\/p>\n<p>\u201cY ah\u00ed hay de todo. Hay 12 secretar\u00edas que tienen asignados recursos, las tres m\u00e1s importantes -Salud, Sedesol y Educaci\u00f3n- con un poco m\u00e1s de 50 por ciento; pero hay otras en las que uno se lleva sorpresas, como el hecho de ver que los pueblos indios est\u00e1n en la Secretar\u00eda de Hacienda. \u00a1Si ni los conocen!\u201d, se\u00f1al\u00f3.<\/p>\n<p>En el auditorio Jes\u00fas Silva Herzog del edificio de Posgrado de Econom\u00eda aclar\u00f3 que la tensi\u00f3n y el combate a la pobreza tienen que hacerse desde una perspectiva diferente, pensando en las personas, no en las instituciones y en los programas.<\/p>\n<p>\u201cMucho tiene que cambiar. El modelo ya dio, pero ya no da; tenemos que ajustarlo. Lo importante es poner lo social en el centro\u201d, consider\u00f3 Narro Robles.<\/p>\n<p align=\"center\">\u00a0<strong>Demanda inversi\u00f3n en ciencia<\/strong><\/p>\n<p>El rector de la UNAM, Jos\u00e9 Narro Robles, destac\u00f3 que con un presupuesto con el tama\u00f1o del que tiene el pa\u00eds es indiscutible que hay formas para encontrar que se incremente cada a\u00f1o una d\u00e9cima de punto del Producto Interno Bruto (PIB) a la ciencia, la tecnolog\u00eda y la innovaci\u00f3n.<\/p>\n<p>El rector de la Universidad Nacional Aut\u00f3noma de M\u00e9xico (UNAM) se\u00f1al\u00f3 que de esa manera el pr\u00f3ximo sexenio terminar\u00eda en 2018 con al menos uno por ciento del PIB destinado a esos rubros.<\/p>\n<p>Agradeci\u00f3 el compromiso del senador Emilio Gamboa Patr\u00f3n, presidente de la Junta de Coordinaci\u00f3n Pol\u00edtica del Senado, de subir un punto de acuerdo que se haga llegar a la colegisladora, la C\u00e1mara de Diputados, en favor de que M\u00e9xico tenga un presupuesto m\u00e1s robusto, mejor para la ciencia, la tecnolog\u00eda y la innovaci\u00f3n.<\/p>\n<p>Entrevistado al finalizar el evento en el que se entreg\u00f3 a la C\u00e1mara alta el documento \u201cHacia una agenda nacional en ciencia, tecnolog\u00eda e innovaci\u00f3n\u201d, destac\u00f3 que M\u00e9xico lo necesita. \u201cCelebramos y agradecemos y tambi\u00e9n estaremos record\u00e1ndoles\u201d.<\/p>\n<p>Sobre la posibilidad de la creaci\u00f3n de una secretar\u00eda de ciencia y tecnolog\u00eda, consider\u00f3 que \u201cnuestra perspectiva es \u00fatil, pero al mismo tiempo hemos dejado muy claramente sentado en el documento que es factible encontrar, con la estructura que tenemos, la posibilidad de caminar en el sentido correcto.<\/p>\n<p>\u201c\u00bfDe qu\u00e9 depende entonces? Depende del titular del Ejecutivo. Le hemos presentado al Presidente electo de M\u00e9xico en el mes de septiembre el documento y le hemos hecho el planteamiento\u201d, concluy\u00f3.<\/p>\n","protected":false},"excerpt":{"rendered":"<p>El rector de la Universidad Nacional Aut\u00f3noma de M\u00e9xico (UNAM), Jos\u00e9 Narro Robles, llam\u00f3 a hacer una revisi\u00f3n de los recursos destinados a los programas para la superaci\u00f3n de la pobreza, ya que se requiere tener m\u00e1s resultados.<\/p>\n","protected":false},"author":3,"featured_media":0,"comment_status":"open","ping_status":"open","sticky":false,"template":"","format":"standard","meta":{"_monsterinsights_skip_tracking":false,"_monsterinsights_sitenote_active":false,"_monsterinsights_sitenote_note":"","_monsterinsights_sitenote_category":0,"footnotes":""},"categories":[3],"tags":[6749,571,43673,2421,570],"class_list":["post-107098","post","type-post","status-publish","format-standard","hentry","category-nacional","tag-emilio-gamboa-patron","tag-jose-narro-robles","tag-nacional","tag-pobreza","tag-unam"],"_links":{"self":[{"href":"https:\/\/www.diarioimagen.net\/index.php?rest_route=\/wp\/v2\/posts\/107098","targetHints":{"allow":["GET"]}}],"collection":[{"href":"https:\/\/www.diarioimagen.net\/index.php?rest_route=\/wp\/v2\/posts"}],"about":[{"href":"https:\/\/www.diarioimagen.net\/index.php?rest_route=\/wp\/v2\/types\/post"}],"author":[{"embeddable":true,"href":"https:\/\/www.diarioimagen.net\/index.php?rest_route=\/wp\/v2\/users\/3"}],"replies":[{"embeddable":true,"href":"https:\/\/www.diarioimagen.net\/index.php?rest_route=%2Fwp%2Fv2%2Fcomments&post=107098"}],"version-history":[{"count":0,"href":"https:\/\/www.diarioimagen.net\/index.php?rest_route=\/wp\/v2\/posts\/107098\/revisions"}],"wp:attachment":[{"href":"https:\/\/www.diarioimagen.net\/index.php?rest_route=%2Fwp%2Fv2%2Fmedia&parent=107098"}],"wp:term":[{"taxonomy":"category","embeddable":true,"href":"https:\/\/www.diarioimagen.net\/index.php?rest_route=%2Fwp%2Fv2%2Fcategories&post=107098"},{"taxonomy":"post_tag","embeddable":true,"href":"https:\/\/www.diarioimagen.net\/index.php?rest_route=%2Fwp%2Fv2%2Ftags&post=107098"}],"curies":[{"name":"wp","href":"https:\/\/api.w.org\/{rel}","templated":true}]}}