{"id":107429,"date":"2012-10-15T00:01:03","date_gmt":"2012-10-15T05:01:03","guid":{"rendered":"http:\/\/www.diarioimagen.net\/?p=107429"},"modified":"2012-10-16T01:15:38","modified_gmt":"2012-10-16T06:15:38","slug":"explora-canada-se-realizara-los-dias-20-y-21-de-octubre-en-el-teatro-angela-peralta","status":"publish","type":"post","link":"https:\/\/www.diarioimagen.net\/?p=107429","title":{"rendered":"Explora Canad\u00e1 se realizar\u00e1 los d\u00edas 20 y 21 de octubre en el teatro \u00c1ngela Peralta"},"content":{"rendered":"<h2>De cinco estrellas<\/h2>\n<h5>Victoria Gonz\u00e1lez Prado<\/h5>\n<p>&nbsp;<\/p>\n<ul>\n<li><em><strong>Mickey Mouse da la bienvenida al vuelo inaugural de Interjet en el aeropuerto John Wayne<\/strong><\/em><\/li>\n<li><em><strong>Cuatro vuelos semanales entre la ciudad de Panam\u00e1 y Montego Bay, Jamaica, a partir del 17 de diciembre<\/strong><\/em><\/li>\n<li><em><strong>La ciudad de M\u00e9xico, sede del 74 Congreso Mundial de la Sk\u00e5l en 2014, y prev\u00e9n una derrama econ\u00f3mica de 4 millones de d\u00f3lares<\/strong><\/em><\/li>\n<\/ul>\n<p>La Feria Explora Canad\u00e1 tiene como principal objetivo que los mexicanos conozcan cada vez un poco m\u00e1s de ese pa\u00eds, por lo que la embajada de Canad\u00e1 en M\u00e9xico, con el apoyo de la Comisi\u00f3n Canadiense de Turismo (CTC), realizar\u00e1n el pr\u00f3ximo s\u00e1bado 20 y domingo 21 de octubre la feria en el teatro \u00c1ngela Peralta, en el parque Lincoln, ubicado en la zona de Polanco, la entrada ser\u00e1 gratuita. Ah\u00ed se podr\u00e1n degustar platillos preparados con productos \u00fanicos y exclusivos del pa\u00eds de la hoja de maple, que se obtienen\u00a0 en M\u00e9xico y\u00a0 que pueden darle un peque\u00f1o toque de ese pa\u00eds a nuestra comida. Los chefs mexicanos <strong>Alfonso Cadena<\/strong>, del restaurante La Leche, en Puerto Vallarta y <strong>Aquiles Ch\u00e1vez<\/strong>, que actualmente dirige uno de los mejores <em>shows<\/em> de cocina del canal Util\u00edsima \u201cEl toque de Aquiles\u201d, se enfrentar\u00e1n al estilo del programa de televisi\u00f3n <em>Iron Chef, <\/em>con los chefs <strong>Michael Lyon<\/strong> y <strong>Vikram Vij<\/strong>, due\u00f1o del restaurante <em>Vij\u2019s<\/em> en Vancouver. Su principal reto ser\u00e1 satisfacer el paladar de los asistentes, preparando alg\u00fan platillo canadiense con \u201cingredientes secretos\u201d que ellos no conocer\u00e1n hasta el momento de enfrentarse en el escenario. <strong>Michael Lyon<\/strong>, chef originario de Toronto, ha vivido toda una aventura culinaria viajando por muchos lugares, hasta llegar a ser el chef ejecutivo de <em>Planet Hollywood,<\/em> en Las Vegas, Mosc\u00fa y Europa. Actualmente, maneja su propio servicio de <em>catering <\/em>en la regi\u00f3n de Kelowna en la provincia de Columbia Brit\u00e1nica. El chef canadiense <strong>Vikram Vij<\/strong> naci\u00f3 en la India, y dar\u00e1 el toque de este pa\u00eds al platillo que prepare, pues es parte de la especialidad de sus restaurantes, los cuales han recibido numerosos galardones en los \u00faltimos a\u00f1os.<\/p>\n<div id=\"attachment_107534\" style=\"width: 250px\" class=\"wp-caption alignleft\"><a class=\"highslide\" onclick=\"return vz.expand(this)\" href=\"http:\/\/www.diarioimagen.net\/wp-content\/uploads\/2012\/10\/turismo-1958.jpg\"><img loading=\"lazy\" decoding=\"async\" aria-describedby=\"caption-attachment-107534\" class=\"size-medium wp-image-107534\" title=\"turismo-1958\" src=\"http:\/\/www.diarioimagen.net\/wp-content\/uploads\/2012\/10\/turismo-1958-240x163.jpg\" alt=\"\" width=\"240\" height=\"163\" \/><\/a><p id=\"caption-attachment-107534\" class=\"wp-caption-text\">Mickey Mouse recibi\u00f3 el vuelo inaugural en el aeropuerto John Wayne.<\/p><\/div>\n<p>\u2730\u2730\u2730\u2730\u2730\u00a0<strong>Micky Mouse<\/strong> dio la bienvenida al vuelo inaugural de Interjet al condado de Orange County en California.<strong> Jos\u00e9 Luis Garza<\/strong>, director general de la aerol\u00ednea, destac\u00f3 que el aeropuerto <strong>John Wayne<\/strong> del condado de Orange Coubty en Santa Ana, California, est\u00e1 ubicado a pocos minutos de Los \u00c1ngeles, lugar que re\u00fane las mejores caracter\u00edsticas por su cercan\u00eda con Los \u00c1ngeles, y la demanda de los m\u00e1s de 6.4 millones de personas que viajan al estado desde la capital del pa\u00eds. La ruta ofrece un acercamiento a las principales atracciones del sur de California como <em>Disney California Adventure<\/em>, con la reciente inauguraci\u00f3n de <em>Cars Land<\/em>, <em>Buena Vista Street<\/em> y <em>Carthay Circle Theatre. <\/em>La ruta busca beneficiar a los visitantes que provienen de la ciudad de M\u00e9xico a California que suman m\u00e1s de 6.4 millones de personas y generan una derrama de 1.3 billones de d\u00f3lares anuales, dijo <strong>Juan MW Moorlach<\/strong>, presidente del Consejo de Supervisores de Orange County. Una de las ventajas es que este destino permite ahorrarse largas filas y el pesado tr\u00e1fico de otros aeropuertos. \u201cCreemos que este aeropuerto re\u00fane las mejores caracter\u00edsticas, como la ubicaci\u00f3n, lo descongestionado que est\u00e1 dado que es un aeropuerto peque\u00f1o y que se ubica en un punto estrat\u00e9gico para todo. En Los \u00c1ngeles llegas a varios destinos, como <em>Disneylandia<\/em>, San Diego, <em>Newport Beach<\/em>, cerca hay resorts admirables. Incluso est\u00e1 el <em>shopping center<\/em> m\u00e1s grande de California a pocos metros, y, est\u00e1 a pocos minutos de Los \u00c1ngeles, indic\u00f3 <strong>Garza<\/strong>\u00a0 en rueda de prensa a la llegada del primer vuelo. La ruta tambi\u00e9n se inaugur\u00f3 desde y hacia Guadalajara con tarifas de introducci\u00f3n, que van desde los 289 d\u00f3lares saliendo de la ciudad de M\u00e9xico y 299 d\u00f3lares saliendo desde Guadalajara, que ser\u00e1n v\u00e1lidas hasta finales de noviembre. En la bienvenida en el aeropuerto <strong>John Wayne<\/strong> estuvieron\u00a0 <strong>Alan Murphy<\/strong>, director del aeropuerto y <strong>Alejandra Garc\u00eda<\/strong>, c\u00f3nsul general de Santa Ana.<\/p>\n<p>\u2730\u2730\u2730\u2730\u2730\u00a0Cuatro vuelos semanales entre el Aeropuerto Internacional Tocumen de la ciudad de Panam\u00e1 y el Aeropuerto Internacional Sangster de Montego Bay, en Jamaica, iniciar\u00e1n operaciones a partir del 17 de diciembre, anunciaron los representantes de <em>Copa Airlines<\/em> y la Oficina de Turismo de Jamaica El vuelo saldr\u00e1 de la ciudad de Panam\u00e1 a las 9:38 horas: lunes, jueves, s\u00e1bados y domingos, llegando al Montego Bay, Jamaica a las 11:35 horas. Los vuelos de regreso saldr\u00e1n a las 12:31 horas llegando a Panam\u00e1 a las 2:22 horas: lunes, jueves, s\u00e1bados y domingos. La aerol\u00ednea inaugur\u00f3 la ruta en agosto del 2011 con servicio dos veces por semana. \u201cEstas frecuencias de vuelos adicionales entre Montego Bay y la ciudad de Panam\u00e1 nos permiten ofrecer un servicio m\u00e1s completo a nuestros clientes\u201d, dijo <strong>Jos\u00e9 Montero<\/strong>, director de planificaci\u00f3n de la compa\u00f1\u00eda a\u00e9rea. Adem\u00e1s de la expansi\u00f3n a Montego Bay, <em>Copa Airlines<\/em> tiene servicio regular desde su <em>hub<\/em> en la ciudad de Panam\u00e1 al Aeropuerto Internacional <strong>Norman Manley<\/strong> de Kingston, Jamaica, los martes, mi\u00e9rcoles, viernes y s\u00e1bados. El servicio de Kingston sale a las 12:04 horas y llega a las 13:54 horas. El vuelo de regreso sale a las 18:05 horas y llega a\u00a0 20:00 horas. <strong>John Lynch<\/strong>, director de Turismo de Jamaica, asegur\u00f3 que \u201cel aumento del servicio es un testimonio de la firme alianza con <em>Copa Airlines<\/em> para atraer visitantes de toda Am\u00e9rica Latina a nuestras costas soleadas. Nuestros esfuerzos por diversificar la estrategia global de mercadotecnia, la Oficina de Turismo de Jamaica ha implementado un programa agresivo con sus aliados en el sector tur\u00edstico para aumentar las rutas a\u00e9reas a este destino, para continuar siendo ser competitivos en la industria tur\u00edstica. El nuevo servicio ofrece a\u00fan m\u00e1s opciones y el potencial de que haya m\u00e1s llegadas de visitantes a ambos destinos\u201d.<\/p>\n<p>\u2730\u2730\u2730\u2730\u2730\u00a0La Asociaci\u00f3n Internacional de <em>Sk\u00e5l Clubes<\/em> (A.I.S.C.)\u00a0 <strong>\u201c<\/strong><em>Sk\u00e5l<\/em> Internacional\u201d es la primera y la m\u00e1s grande asociaci\u00f3n de turismo que promueve la amistad y el turismo en el mundo. Agrupa a los m\u00e1ximos l\u00edderes del turismo mundial, con\u00a0 alrededor de 20 mil miembros en 450 clubes pertenecientes a 85 pa\u00edses en el mundo. Por primera vez desde su fundaci\u00f3n en Par\u00eds en abril de 1934, <em>Sk\u00e5l <\/em>Internacional es presidida por\u00a0 un mexicano &#8211;<strong>Enrique Quesada-<\/strong>, director general del Hotel Mansi\u00f3n del Sol en Guadalajara.<em> Sk\u00e5l<\/em> Internacional es gobernada por un comit\u00e9 ejecutivo de siete miembros, elegido por sus delegados participantes en la Asamblea General anual celebrada durante el congreso mundial y que tiene lugar cada a\u00f1o en un pa\u00eds distinto. Ello permite a los miembros tener un conocimiento de primera mano del potencial del turismo en el mundo. Adem\u00e1s, realizan un sinn\u00famero de actividades, pero su magno evento es el congreso mundial, que se ha realizado desde su fundaci\u00f3n a\u00f1o tras a\u00f1o a excepci\u00f3n del per\u00edodo de la Segunda Guerra Mundial en sedes de ciudades emblem\u00e1ticas que ofrecen atractivos tur\u00edsticos, culturales, gastron\u00f3micos y est\u00e1n comprometidas con la sustentabilidad. Cada uno de los clubes asume un rol de embajadores de la paz. El \u00faltimo congreso mundial recibi\u00f3 a m\u00e1s de mil delegados de 62 pa\u00edses de los cinco continentes, este a\u00f1o se realiz\u00f3 en Se\u00fal, Corea del Sur, del 2 al 7 de octubre pasado. Para 2013 la sede ser\u00e1 Nueva York y para 2014\u00a0la ciudad de M\u00e9xico. En la reciente asamblea general, se seleccion\u00f3 la sede para el 2014. Gracias a la exitosa presentaci\u00f3n que tuvo el Comit\u00e9 de M\u00e9xico liderado por <strong>Rafael Mill\u00e1n<\/strong> y <strong>Yolanda Ruanova<\/strong>, se tom\u00f3 la decisi\u00f3n de otorgarle la sede para el 74 Congreso Mundial en 2014 a la ciudad de M\u00e9xico, derrotando en forma avasalladora a Berl\u00edn, Alemania. Haber ganado el congreso mundial para el 2014 representa para nuestro pa\u00eds un derrama econ\u00f3mica importante, que se calcula ser\u00e1 de m\u00e1s de 4 millones de d\u00f3lares pensando en los pre y pos<em>tours<\/em> de los congresistas pero, m\u00e1s importante ser\u00e1 la oportunidad de mostrar M\u00e9xico al mundo, a trav\u00e9s de los m\u00e1s de mil delegados de diferentes pa\u00edses que participar\u00e1n en el congreso y que son l\u00edderes en la industria de turismo a nivel mundial; que por su actividad empresarial pueden influir en mayor turismo para M\u00e9xico.<\/p>\n<p><em><a href=\"mailto:victoriagprado@gmail.com\" target=\"_blank\">victoriagprado@gmail.com<\/a><\/em><\/p>\n","protected":false},"excerpt":{"rendered":"<p>La Feria Explora Canad\u00e1 tiene como principal objetivo que los mexicanos conozcan cada vez un poco m\u00e1s de ese pa\u00eds, por lo que la embajada de Canad\u00e1 en M\u00e9xico, con el apoyo de la Comisi\u00f3n Canadiense de Turismo (CTC), realizar\u00e1n el pr\u00f3ximo s\u00e1bado 20 y domingo 21 de octubre la feria en el teatro \u00c1ngela Peralta, en el parque Lincoln, ubicado en la zona de Polanco, la entrada ser\u00e1 gratuita. Ah\u00ed se podr\u00e1n degustar platillos preparados con productos \u00fanicos y exclusivos del pa\u00eds de la hoja de maple, que se obtienen  en M\u00e9xico y  que pueden darle un peque\u00f1o toque de ese pa\u00eds a nuestra comida. <\/p>\n","protected":false},"author":3,"featured_media":0,"comment_status":"open","ping_status":"open","sticky":false,"template":"","format":"standard","meta":{"_monsterinsights_skip_tracking":false,"_monsterinsights_sitenote_active":false,"_monsterinsights_sitenote_note":"","_monsterinsights_sitenote_category":0,"footnotes":""},"categories":[11],"tags":[431,107,106],"class_list":["post-107429","post","type-post","status-publish","format-standard","hentry","category-turismo","tag-canada","tag-de-cinco-estrellas","tag-victoria-gonzalez-prado"],"_links":{"self":[{"href":"https:\/\/www.diarioimagen.net\/index.php?rest_route=\/wp\/v2\/posts\/107429","targetHints":{"allow":["GET"]}}],"collection":[{"href":"https:\/\/www.diarioimagen.net\/index.php?rest_route=\/wp\/v2\/posts"}],"about":[{"href":"https:\/\/www.diarioimagen.net\/index.php?rest_route=\/wp\/v2\/types\/post"}],"author":[{"embeddable":true,"href":"https:\/\/www.diarioimagen.net\/index.php?rest_route=\/wp\/v2\/users\/3"}],"replies":[{"embeddable":true,"href":"https:\/\/www.diarioimagen.net\/index.php?rest_route=%2Fwp%2Fv2%2Fcomments&post=107429"}],"version-history":[{"count":0,"href":"https:\/\/www.diarioimagen.net\/index.php?rest_route=\/wp\/v2\/posts\/107429\/revisions"}],"wp:attachment":[{"href":"https:\/\/www.diarioimagen.net\/index.php?rest_route=%2Fwp%2Fv2%2Fmedia&parent=107429"}],"wp:term":[{"taxonomy":"category","embeddable":true,"href":"https:\/\/www.diarioimagen.net\/index.php?rest_route=%2Fwp%2Fv2%2Fcategories&post=107429"},{"taxonomy":"post_tag","embeddable":true,"href":"https:\/\/www.diarioimagen.net\/index.php?rest_route=%2Fwp%2Fv2%2Ftags&post=107429"}],"curies":[{"name":"wp","href":"https:\/\/api.w.org\/{rel}","templated":true}]}}