{"id":107504,"date":"2012-10-15T00:03:25","date_gmt":"2012-10-15T05:03:25","guid":{"rendered":"http:\/\/www.diarioimagen.net\/?p=107504"},"modified":"2012-10-16T04:04:06","modified_gmt":"2012-10-16T09:04:06","slug":"lopez-obrador-dice-que-no-caera-en-dimes-y-diretes","status":"publish","type":"post","link":"https:\/\/www.diarioimagen.net\/?p=107504","title":{"rendered":"L\u00f3pez Obrador dice que no caer\u00e1 en dimes y diretes"},"content":{"rendered":"<ul>\n<li><strong><em>Lo que digan o hagan los dirigentes del PRD es respetable, manifest\u00f3 el ex candidato presidencial de las izquierdas<\/em><\/strong><\/li>\n<\/ul>\n<div id=\"attachment_107552\" style=\"width: 250px\" class=\"wp-caption alignleft\"><a class=\"highslide\" onclick=\"return vz.expand(this)\" href=\"http:\/\/www.diarioimagen.net\/wp-content\/uploads\/2012\/10\/AMLO-1958.jpg\"><img loading=\"lazy\" decoding=\"async\" aria-describedby=\"caption-attachment-107552\" class=\"size-medium wp-image-107552\" title=\"AMLO-1958\" src=\"http:\/\/www.diarioimagen.net\/wp-content\/uploads\/2012\/10\/AMLO-1958-240x135.jpg\" alt=\"\" width=\"240\" height=\"135\" \/><\/a><p id=\"caption-attachment-107552\" class=\"wp-caption-text\">El ex candidato presidencial, Andr\u00e9s Manuel L\u00f3pez Obrador, declin\u00f3 opinar sobre su ex partido, el PRD y argument\u00f3 que no entrar\u00e1 en controversias.<\/p><\/div>\n<p><strong>M\u00e9rida, Yucat\u00e1n<\/strong>.- El ex candidato presidencial perredista, Andr\u00e9s Manuel L\u00f3pez Obrador, se\u00f1al\u00f3 que lo que digan o hagan los dirigentes del Partido de la Revoluci\u00f3n Democr\u00e1tica (PRD) es muy respetable y que \u00e9l no caer\u00e1 en dimes y diretes.<\/p>\n<p>\u201cYo tengo mi propio proyecto y es seguir la lucha contra la mafia en el poder, no voy a opinar ni hablar de lo que digan o dejen de decir en el Partido de la Revoluci\u00f3n Democr\u00e1tica, mi lucha es contra la oligarqu\u00eda que controla al pa\u00eds\u201d, indic\u00f3.<\/p>\n<p>El tabasque\u00f1o, quien encabez\u00f3 ayer aqu\u00ed la Asamblea Distrital de Movimiento de Regeneraci\u00f3n Nacional (Morena), omiti\u00f3 responder a las preguntas sobre lo dicho por l\u00edderes perredistas en torno a que no se unir\u00edan a la marcha convocada por \u00e9l para el 1 de diciembre pr\u00f3ximo.<\/p>\n<p>En dicha movilizaci\u00f3n, los simpatizantes de L\u00f3pez Obrador protestar\u00e1n porque Enrique Pe\u00f1a Nieto ser\u00e1 presidente de M\u00e9xico.<\/p>\n<p>\u201cNo voy a contestar eso, no hago esto para dividir al PRD, lo hago porque quiero justicia, para seguir la lucha, eso es lo de lo que vengo a hablar y de eso es de lo que tambi\u00e9n deber\u00edan hablar los medios de comunicaci\u00f3n\u201d, expres\u00f3.<\/p>\n<p>El ex perredista agreg\u00f3: \u201cestamos dolidos, tristes, molestos porque por segunda vez nos ganaron, a pesar de tener casi 16 millones de votos a nuestro favor\u201d.<\/p>\n<p>Por eso, \u201cvamos a encabezar un movimiento de concientizaci\u00f3n en todos los mexicanos para combatir la corrupci\u00f3n, el tr\u00e1fico de influencias, el enriquecimiento de los que est\u00e1n en el poder\u201d.<\/p>\n<p>El ex candidato presidencial de la izquierda afirm\u00f3 que se siente fuerte para continuar la lucha de concientizaci\u00f3n en el pa\u00eds, a pesar que sus detractores pol\u00edticos dicen que \u00e9l est\u00e1 enfermo, cansado, agotado y lo quieren retirar de la actividad pol\u00edtica.<\/p>\n<p>Por otra parte, adelant\u00f3 que en enero de 2013 deben solicitar al Instituto Federal Electoral (IFE) el registro de Morena como partido pol\u00edtico, porque de no hacerlo tendr\u00edan que esperar hasta enero de 2019 para exigir el registro como instituto pol\u00edtico.<\/p>\n<p>Tambi\u00e9n se pronunci\u00f3 contra la reforma a la Ley Federal del Trabajo y argument\u00f3 que se quiere pagar a los obreros 30 pesos por cuatro horas, \u201cni para el pasaje de los trabajadores\u201d.<\/p>\n","protected":false},"excerpt":{"rendered":"<p>El ex candidato presidencial perredista, Andr\u00e9s Manuel L\u00f3pez Obrador, se\u00f1al\u00f3 que lo que digan o hagan los dirigentes del Partido de la Revoluci\u00f3n Democr\u00e1tica (PRD) es muy respetable y que \u00e9l no caer\u00e1 en dimes y diretes. \u201cYo tengo mi propio proyecto y es seguir la lucha contra la mafia en el poder, no voy a opinar ni hablar de lo que digan o dejen de decir en el Partido de la Revoluci\u00f3n Democr\u00e1tica, mi lucha es contra la oligarqu\u00eda que controla al pa\u00eds\u201d, indic\u00f3.<\/p>\n","protected":false},"author":3,"featured_media":0,"comment_status":"open","ping_status":"open","sticky":false,"template":"","format":"standard","meta":{"_monsterinsights_skip_tracking":false,"_monsterinsights_sitenote_active":false,"_monsterinsights_sitenote_note":"","_monsterinsights_sitenote_category":0,"footnotes":""},"categories":[17,3],"tags":[1352,3214,1214,2477],"class_list":["post-107504","post","type-post","status-publish","format-standard","hentry","category-especiales","category-nacional","tag-andres-manuel-lopez-obrador","tag-merida","tag-partido-de-la-revolucion-democratica","tag-yucatan"],"_links":{"self":[{"href":"https:\/\/www.diarioimagen.net\/index.php?rest_route=\/wp\/v2\/posts\/107504","targetHints":{"allow":["GET"]}}],"collection":[{"href":"https:\/\/www.diarioimagen.net\/index.php?rest_route=\/wp\/v2\/posts"}],"about":[{"href":"https:\/\/www.diarioimagen.net\/index.php?rest_route=\/wp\/v2\/types\/post"}],"author":[{"embeddable":true,"href":"https:\/\/www.diarioimagen.net\/index.php?rest_route=\/wp\/v2\/users\/3"}],"replies":[{"embeddable":true,"href":"https:\/\/www.diarioimagen.net\/index.php?rest_route=%2Fwp%2Fv2%2Fcomments&post=107504"}],"version-history":[{"count":0,"href":"https:\/\/www.diarioimagen.net\/index.php?rest_route=\/wp\/v2\/posts\/107504\/revisions"}],"wp:attachment":[{"href":"https:\/\/www.diarioimagen.net\/index.php?rest_route=%2Fwp%2Fv2%2Fmedia&parent=107504"}],"wp:term":[{"taxonomy":"category","embeddable":true,"href":"https:\/\/www.diarioimagen.net\/index.php?rest_route=%2Fwp%2Fv2%2Fcategories&post=107504"},{"taxonomy":"post_tag","embeddable":true,"href":"https:\/\/www.diarioimagen.net\/index.php?rest_route=%2Fwp%2Fv2%2Ftags&post=107504"}],"curies":[{"name":"wp","href":"https:\/\/api.w.org\/{rel}","templated":true}]}}