{"id":107592,"date":"2012-10-16T00:01:00","date_gmt":"2012-10-16T05:01:00","guid":{"rendered":"http:\/\/www.diarioimagen.net\/?p=107592"},"modified":"2012-10-19T01:02:16","modified_gmt":"2012-10-19T06:02:16","slug":"abrio-world-vision-mexico-jovenes-artesanos-que-difundira-el-arte-nacional","status":"publish","type":"post","link":"https:\/\/www.diarioimagen.net\/?p=107592","title":{"rendered":"Abri\u00f3 <em>World Vision M\u00e9xico-J\u00f3venes Artesanos<\/em> que difundir\u00e1 el arte nacional"},"content":{"rendered":"<h2>De cinco estrellas<\/h2>\n<h5>Victoria Gonz\u00e1lez Prado<\/h5>\n<p>&nbsp;<\/p>\n<ul>\n<li><em><strong>Rodrigo Constandse C\u00f3rdova particip\u00f3 en la Quinta Semana de la Cultura Ambiental<\/strong><\/em><\/li>\n<li><em><strong>Acapulco e Ixtapa-Zihuatanejo realizar\u00e1n el Festival de Globos Aerost\u00e1ticos<\/strong><\/em><\/li>\n<li><em><strong>Con eventos gastron\u00f3micos, Puerto Vallarta se consolida como el segundo destino gastron\u00f3mico en M\u00e9xico<\/strong><\/em><\/li>\n<li><em><strong>Aprende los secretos de Jean-Georges, de la mano del chef Maycoll Calder\u00f3n<\/strong><\/em><\/li>\n<li><strong>Alaska Airlines<\/strong><em><strong> firm\u00f3 con <\/strong><\/em><strong>Boeing<\/strong><em><strong> uno de los pedidos m\u00e1s grandes en toda su historia<\/strong><\/em><\/li>\n<\/ul>\n<div id=\"attachment_107725\" style=\"width: 250px\" class=\"wp-caption alignleft\"><a class=\"highslide\" onclick=\"return vz.expand(this)\" href=\"http:\/\/www.diarioimagen.net\/wp-content\/uploads\/2012\/10\/turismo-1959.jpg\"><img loading=\"lazy\" decoding=\"async\" aria-describedby=\"caption-attachment-107725\" class=\"size-medium wp-image-107725\" title=\"turismo-1959\" src=\"http:\/\/www.diarioimagen.net\/wp-content\/uploads\/2012\/10\/turismo-1959-240x164.jpg\" alt=\"\" width=\"240\" height=\"164\" \/><\/a><p id=\"caption-attachment-107725\" class=\"wp-caption-text\">World Vision M\u00e9xico-J\u00f3venes Artesanos.<\/p><\/div>\n<p>Preocupados por la realidad que vive la sociedad en el pa\u00eds, <em>World Vision<\/em> M\u00e9xico abre su tienda <em>World Vision<\/em> M\u00e9xico-J\u00f3venes Artesanos, con el fin de impulsar el desarrollo econ\u00f3mico de las comunidades m\u00e1s vulnerables de M\u00e9xico, as\u00ed como difundir el arte nacional. Esta organizaci\u00f3n humanitaria basa su trabajo a favor de comunidades y grupos marginados del pa\u00eds, con principal \u00e9nfasis en los ni\u00f1os. La muestra incluye piezas hechas por artesanos de distintas etnias como los tzotziles, de\u00a0 Chiapas; los triquis, de Oaxaca; los otomies, de Tenango de Doria, Hidalgo; artesanos del barro del Barrio de Xanenetla, uno de los barrios m\u00e1s antiguos de Puebla, as\u00ed como artesanos del Estado de M\u00e9xico y del Distrito Federal. Las piezas van desde collares hasta esculturas con dise\u00f1os \u00fanicos y originales elaborados de manera 100% artesanal. Algunos de los materiales que utilizan son chaquira, hilo encerado de todos los colores, estambre, lana, alpaca, lat\u00f3n. as\u00ed como semillas, barro, madera, piedras preciosas, resinas, madera y roca volc\u00e1nica. Con la compra de estos productos se apoyar\u00e1 a artesanos de comunidades mazahuas, amuzgas, huicholes, triquis, otom\u00edes, entre otras. La tienda estar\u00e1 ubicada dentro del hotel Sheraton Mar\u00eda Isabel, justo frente al \u00c1ngel de la Independencia en la ciudad de M\u00e9xico, y permanecer\u00e1 abierta en una primera etapa hasta diciembre de este a\u00f1o. El horario de atenci\u00f3n ser\u00e1 de lunes a viernes de 11:00 a 17:00 horas, se aceptan tarjetas de d\u00e9bito, cr\u00e9dito y efectivo. Esta iniciativa trata de crear nuevas propuestas, adem\u00e1s de rescatar t\u00e9cnicas tradicionales, pero sobre todo, ayudar en la calidad de vida de muchos ni\u00f1os mexicanos.<\/p>\n<p>\u2730\u2730\u2730\u2730\u2730\u00a0<strong>Rodrigo Constandse C\u00f3rdova<\/strong>, director general de <em>Delphinus,<\/em> particip\u00f3 en el panel \u201cEmpresas socialmente responsables y proyectos de educaci\u00f3n ambiental\u201d en la Quinta Semana de la Cultura Ambiental organizada por la Universidad del Caribe, con la ponencia <em>\u201cDelphinus<\/em> y su plan de Educaci\u00f3n Ambiental\u201d. El directivo detall\u00f3 el impacto econ\u00f3mico al promover la creaci\u00f3n de poco m\u00e1s de 300 empleos y generar m\u00e1s de 35 millones de pesos en impuestos federales, estatales y municipales; mostrar de manera transparente el origen geogr\u00e1fico de sus 72 delfines. Explic\u00f3 que su plan de Educaci\u00f3n Ambiental \u201cse dise\u00f1\u00f3 para que quedara en el centro de nuestra Responsabilidad Social Empresarial, ya que toca todos los campos de la misma: nuestra \u00e9tica empresarial, el cuidado del ambiente, la vinculaci\u00f3n con la comunidad y la calidad de vida en la empresa. Contamos con un \u201cprograma gratuito para las escuelas p\u00fablicas, En el ciclo escolar 2011-2012 atendimos a cerca de 900 estudiantes y esperamos apoyar a mil 800 para el pr\u00f3ximo ciclo escolar. <strong>Constandse<\/strong> indic\u00f3: \u201cTenemos 290 mil visitantes al a\u00f1o, 300 colaboradores y mil 800 alumnos de primaria y secundaria. Estoy seguro que si en un porcentaje elevado podemos sembrar esa semilla el impacto puede ser muy importante. Apenas estamos conociendo la punta del iceberg\u201d y reconoci\u00f3 que a\u00fan les falta mucho por recorrer \u201ces en estos foros que aprendemos de todo lo que nos falta por hacer y de las consecuencias de no hacerlo\u201d.<\/p>\n<p>\u2730\u2730\u2730\u2730\u2730\u00a0En noviembre se realizar\u00e1 el Primer Festival de Globos Aerost\u00e1ticos, teniendo como sede el puerto de Acapulco y el binomio de playa Ixtapa-Zihuatanejo. En\u00a0\u00a0 Acapulco el espect\u00e1culo se realizar\u00e1 del 2 al 4 de noviembre, y llenar\u00e1 de luz, color y diversi\u00f3n las bah\u00edas de Santa Luc\u00eda y Puerto Marqu\u00e9s. En el festival\u00a0\u00a0 habr\u00e1 paseos gratuitos en globos cautivos, espect\u00e1culo nocturno con globos iluminados y talleres para ni\u00f1os, adem\u00e1s de que el cielo de Acapulco se ver\u00e1 coloreado por las formas caprichosas de los gigantes a\u00e9reos. Del 9 al 11 de noviembre Ixtapa- Zihuatanejo ser\u00e1 sede de este evento y sus playas se ver\u00e1n tambi\u00e9n colmadas de color y luz, habr\u00e1 viajes gratuitos en globos cautivos, espect\u00e1culo nocturno con globos iluminados y talleres para ni\u00f1os. Los turistas y habitantes de Acapulco e Ixtapa-Zihuatanejo vivir\u00e1n una experiencia \u00fanica y excepcional, al formar parte del despliegue a\u00e9reo con un sin fin de actividades recreativas que se realizar\u00e1n durante el festival, donde adem\u00e1s del colorido, se podr\u00e1n disfrutar de los atractivos de estos destinos de playa, que los han mantenido en la preferencia y gusto por generaciones. Se espera la llegada de un importante n\u00famero de turistas en ambos destinos, donde las autoridades del estado y prestadores de servicios est\u00e1n listos para recibir a los turistas.\u00a0 <strong>\u00a0<\/strong><\/p>\n<p>\u2730\u2730\u2730\u2730\u2730 El restaurante J&amp;G Grill, ubicado en el primer piso del hotel St. Regis de la ciudad de M\u00e9xico, junto con su chef ejecutivo <strong>Maycoll Calder\u00f3n,<\/strong> ofrecen una propuesta diferente y divertida para sus clientes. Se trata de clases de cocina especialmente pensadas para los amantes de la gastronom\u00eda y del buen comer, donde podr\u00e1n conocer la historia y filosof\u00eda del chef <strong>Jean-Georges Vongeritchen,<\/strong> al mismo tiempo que descubren sus secretos y la raz\u00f3n\u00a0 de su reconocimiento mundial. Lo importante es disfrutar de una experiencia \u00fanica, ya sea con tu pareja o amigos, la cita es en el restaurante a partir de 11 de la ma\u00f1ana. Mientras los asistentes se familiarizan con el lugar, podr\u00e1n disfrutar de una copa de Mimosa de bienvenida, para posteriormente escuchar la presentaci\u00f3n a cargo del chef <strong>Maycoll Calder\u00f3n,<\/strong> mientras aprenden a preparar un coctel insignia en la barra del restaurante para posteriormente pasar a la majestuosa cocina del J&amp;G Grill. Una vez dentro de la cocina despu\u00e9s de haber realizado el recorrido correspondiente, se preparar\u00e1n seis platillos, entre entradas, platos fuertes y por supuesto un postre. De una manera sencilla <strong>Maycoll Calder\u00f3n<\/strong> transmitir\u00e1 a los asistentes la filosof\u00eda y ense\u00f1anzas de <strong>Jean-Georges,<\/strong> para posteriormente reunirse y degustar sus creaciones en la elegante mesa del chef.\u00a0 Estamos seguros de que se esto se convertir\u00e1 en una experiencia inolvidable para todos los asistentes. Para mayor informaci\u00f3n los interesados pueden comunicarse al tel\u00e9fono: 5228-1935 o directamente en el restaurante para reservar su lugar con anticipaci\u00f3n.<\/p>\n<p>\u2730\u2730\u2730\u2730\u2730\u00a0Con la intenci\u00f3n de ofrecer excelente calidad en el servicio a\u00e9reo,<strong> <\/strong><em>Alaska Airlines<\/em> firm\u00f3 con <em>Boeing<\/em> uno de los pedidos m\u00e1s grandes en toda su historia. Con una flota actual de 120 Boeing 737, la aerol\u00ednea crece de manera importante con 50 unidades m\u00e1s. Valorado en m\u00e1s de 5 mil millones de d\u00f3lares, este pedido de 50 unidades, incluye tres diferentes modelos de nueva generaci\u00f3n:\u00a0 el 737 MAX 8, el 737 MAX 9 y el 737-900ER. De esta manera se eleva a 858 el n\u00famero de unidades del 737 MAX ordenadas hasta hoy. Seg\u00fan se\u00f1al\u00f3 <strong>Brad Tilden<\/strong>, presidente y consejero delegado de <em>Alaska Airlines<\/em>, el pedido garantiza una mejor calidad de viaje en todos los sentidos, ya que las nuevas unidades son m\u00e1s silenciosas y generan un menor consumo de combustible, lo que adem\u00e1s implicar\u00e1 tarifas m\u00e1s bajas y mayor puntualidad. \u201cValoramos mucho nuestra larga relaci\u00f3n con <em>Boeing <\/em>y estaremos encantados de seguir pintando \u2018<em>Proudly All Boeing<\/em>\u2019 en el morro de todos nuestros aviones durante much\u00edsimos a\u00f1os m\u00e1s\u201d a\u00f1adi\u00f3. El modelo 737 MAX es el avi\u00f3n m\u00e1s vendido del mundo, ya que cuenta con motores de vanguardia, siendo la mejor opci\u00f3n en el mercado de aviones de pasillo \u00fanico. Ahorra un 13% m\u00e1s en combustible que los aviones actuales, y reduce en 8% los costos operativos por asiento. \u201cCon las nuevas unidades se reforzar\u00e1 la excelente trayectoria de rendimiento operativo y financiero que la aerol\u00ednea se ha labrado con la familia 737. Este pedido demuestra la clara apuesta de esta aerol\u00ednea por utilizar los aviones de pasillo \u00fanico de mayor eficiencia energ\u00e9tica del mercado, hoy y en el futuro\u201d, se\u00f1al\u00f3 <strong>Ray Conner<\/strong>, presidente y consejero delegado de <em>Boeing Commercial Airplanes<\/em>. Este nuevo pedido, que se suma a un calendario actual de 25 entregas, da a la aerol\u00ednea la flexibilidad para satisfacer la demanda de vuelos durante la pr\u00f3xima d\u00e9cada.<\/p>\n<p><em><a href=\"mailto:victoriagprado@gmail.com\" target=\"_blank\">victoriagprado@gmail.com<\/a><\/em><\/p>\n","protected":false},"excerpt":{"rendered":"<p>Preocupados por la realidad que vive la sociedad en el pa\u00eds, World Vision M\u00e9xico abre su tienda World Vision M\u00e9xico-J\u00f3venes Artesanos, con el fin de impulsar el desarrollo econ\u00f3mico de las comunidades m\u00e1s vulnerables de M\u00e9xico, as\u00ed como difundir el arte nacional. <\/p>\n","protected":false},"author":3,"featured_media":0,"comment_status":"open","ping_status":"open","sticky":false,"template":"","format":"standard","meta":{"_monsterinsights_skip_tracking":false,"_monsterinsights_sitenote_active":false,"_monsterinsights_sitenote_note":"","_monsterinsights_sitenote_category":0,"footnotes":""},"categories":[11],"tags":[2269,107,818,43681,106],"class_list":["post-107592","post","type-post","status-publish","format-standard","hentry","category-turismo","tag-chiapas","tag-de-cinco-estrellas","tag-puerto-vallarta","tag-turismo","tag-victoria-gonzalez-prado"],"_links":{"self":[{"href":"https:\/\/www.diarioimagen.net\/index.php?rest_route=\/wp\/v2\/posts\/107592","targetHints":{"allow":["GET"]}}],"collection":[{"href":"https:\/\/www.diarioimagen.net\/index.php?rest_route=\/wp\/v2\/posts"}],"about":[{"href":"https:\/\/www.diarioimagen.net\/index.php?rest_route=\/wp\/v2\/types\/post"}],"author":[{"embeddable":true,"href":"https:\/\/www.diarioimagen.net\/index.php?rest_route=\/wp\/v2\/users\/3"}],"replies":[{"embeddable":true,"href":"https:\/\/www.diarioimagen.net\/index.php?rest_route=%2Fwp%2Fv2%2Fcomments&post=107592"}],"version-history":[{"count":0,"href":"https:\/\/www.diarioimagen.net\/index.php?rest_route=\/wp\/v2\/posts\/107592\/revisions"}],"wp:attachment":[{"href":"https:\/\/www.diarioimagen.net\/index.php?rest_route=%2Fwp%2Fv2%2Fmedia&parent=107592"}],"wp:term":[{"taxonomy":"category","embeddable":true,"href":"https:\/\/www.diarioimagen.net\/index.php?rest_route=%2Fwp%2Fv2%2Fcategories&post=107592"},{"taxonomy":"post_tag","embeddable":true,"href":"https:\/\/www.diarioimagen.net\/index.php?rest_route=%2Fwp%2Fv2%2Ftags&post=107592"}],"curies":[{"name":"wp","href":"https:\/\/api.w.org\/{rel}","templated":true}]}}