{"id":108085,"date":"2012-10-19T00:04:59","date_gmt":"2012-10-19T05:04:59","guid":{"rendered":"http:\/\/www.diarioimagen.net\/?p=108085"},"modified":"2012-10-22T01:55:41","modified_gmt":"2012-10-22T06:55:41","slug":"una-muerte-anunciada","status":"publish","type":"post","link":"https:\/\/www.diarioimagen.net\/?p=108085","title":{"rendered":"Una muerte anunciada"},"content":{"rendered":"<h2>De frente y de perfil<\/h2>\n<h5>Ram\u00f3n Zurita Sahag\u00fan<\/h5>\n<p><span><br \/>\n\u00a1Vaya, todo indica que se decidi\u00f3 modificar la minuta de reforma laboral! Ello significa que el Senado regresar\u00e1 el proyecto a la C\u00e1mara de Diputados.<\/span><\/p>\n<p>De ser as\u00ed, est\u00e1 por irse de picada la cohesi\u00f3n del bloque de izquierda: PRD, Movimiento Ciudadano, PT con el PAN, quienes pretend\u00edan revivir la transparencia sindical.<\/p>\n<p>Ello significa que a ning\u00fan partido pol\u00edtico ni a los l\u00edderes de los sindicatos afines ni a sus legisladores les importan los obreros ni los empleados ni los asalariados, sino sus intereses de grupo. \u00a0 Pregonan el di\u00e1logo, el consenso, el inter\u00e9s de los ciudadanos por encima de cualquier inter\u00e9s mezquino pero ni dialogan y menos consens\u00faan.<\/p>\n<p>La pregunta es: \u00bfcu\u00e1l fue, cu\u00e1l es, la verdadera raz\u00f3n por la que en el Congreso de la Uni\u00f3n, primero en la C\u00e1mara de Diputados, se haya recibido, le\u00eddo, analizado, depurado, debatido y aprobado la reforma laboral de Felipe Calder\u00f3n si finalmente se cancelan los renglones de la transparencia y la democratizaci\u00f3n de los sindicatos y que ahora el Senado no modificar\u00e1 esa minuta?<\/p>\n<p>\u00bfC\u00f3mo quedar\u00e1 la redacci\u00f3n final?\u00a0 Porque de dejar cojo ese dictamen s\u00f3lo servir\u00e1 para depauperar m\u00e1s, si es posible, la miseria de los empleados mexicanos.<\/p>\n<p>Para empujar a la nueva PEA al informalismo. A permitir que las empresas evadan las prestaciones con el famoso outsoursing porque no querr\u00e1n reconocer ni pagar las prestaciones que corresponden a un salario m\u00ednimo a quien apenas trabaje dos o cuatro horas.<\/p>\n<p>La realidad es que sigue siendo un misterio para los legos en pol\u00edtica que de pronto, en la agon\u00eda de su r\u00e9gimen, Felipe Calder\u00f3n enviase al Congreso una iniciativa con car\u00e1cter de preferente, precisamente para\u00a0 la Ley del Trabajo, tema espinoso por s\u00ed mismo, pues fue la materia que lo puso mal ante los ojos de los mexicanos.<\/p>\n<p>S\u00ed, es un tema espinoso, pero tambi\u00e9n prioritario, tanto para los mexicanos como para \u00e9l en lo particular pues en campa\u00f1a y al tomar posesi\u00f3n como presidente de la Rep\u00fablica, Calder\u00f3n Hinojosa se comprometi\u00f3 con todos los mexicanos autodenomin\u00e1ndose \u201cpresidente del empleo\u201d, sin que en ning\u00fan a\u00f1o se hubiese acercado a la cifra m\u00ednima que el pa\u00eds requiere anualmente que es de aproximadamente un mill\u00f3n de empleos.<\/p>\n<p>Luego, la burla involuntaria de los panegiristas del documento que calificaron bondadosamente dicha iniciativa de reforma a la Ley del Trabajo. De ella afirmaban y afirman que \u00e9sta se elabor\u00f3 cuidadosa, correctamente, para proteger, prioritariamente, a los trabajadores mexicanos que son el motor del desarrollo y el bienestar del pa\u00eds (lo cual es ciert\u00edsimo pero jam\u00e1s les ha sido reconocido ni remunerado ni justa ni equitativamente).<\/p>\n<p>Ya en comisiones, del documento original se extrajo cualquier texto que reformase aquellos art\u00edculos que desde siempre han solapado, encubierto, protegido \u201cconstitucionalmente\u201d a los reyes del corporativismo, para que prosigan impunemente disponiendo y ocultando el destino del dinero que les quitan a sus agremiados v\u00eda n\u00f3mina y sigan en el poder impidiendo que sus agremiados elijan a sus secretarios.<\/p>\n<p>Pero no pasa desapercibido que en las que debieran ser parte de la tribunas soberanas del pueblo mexicano, en las respectivas comisiones del Trabajo de la C\u00e1mara de Diputados y de la de Senadores, se haya actuado una farsa emiti\u00e9ndose declaraciones, denuncias, estridentes de supuestas preocupaciones por las intenciones solapantes, y la exigencia tibia de la elaboraci\u00f3n de una ley verdaderamente eficiente para la prosperidad de M\u00e9xico y sus pobladores, para que finalmente se le vaya a condenar a la congeladora.<\/p>\n<p>De esta forma, las comisiones unidas de Trabajo y Previsi\u00f3n Social y Estudios Legislativos, Primera, se declararon en sesi\u00f3n permanente;\u00a0 fijaron 48 horas para que los integrantes de estos cuerpos env\u00eden sus reservas y sus propuestas de nueva redacci\u00f3n, a fin de alinear el proyecto entre el lunes y mi\u00e9rcoles de la pr\u00f3xima semana. Pese a ello, nadie duda que dicha reforma ir\u00e1 a la congeladora.<\/p>\n<p style=\"text-align: center;\"><strong>Tr\u00e1fico de influencias<\/strong><\/p>\n<p>Carlos Ruiz Sacrist\u00e1n, ex secretario de Comunicaciones y Transportes\u00a0 en los \u00faltimos a\u00f1os del gobierno de Ernesto Zedillo se encuentra en un grave embrollo, debido a que la empresa que dirige en M\u00e9xico, Sempra Energy Inc., podr\u00eda estar implicada en tr\u00e1fico de influencias, adem\u00e1s de competencia desleal en licitaciones para Petr\u00f3leos Mexicanos y la Comisi\u00f3n Federal de Electricidad.<\/p>\n<p>En su ejercicio profesional, no se olvide, fue subsecretario de Normatividad y subsecretario de Egresos de la Secretar\u00eda de Hacienda y Cr\u00e9dito P\u00fablico, par, finalmente arribar nuevamente a la iniciativa privada como director de Sempra Energy, empresa proveedora de asesoramiento y colaboraci\u00f3n energ\u00e9tica en materia de gas.<\/p>\n<p>En reiteradas ocasiones, un n\u00famero considerable de inversionistas se\u00f1alan a Sempra de ser la favorita para ganar los concursos para los tramos de S\u00e1sabe al puerto de Guaymas, Sonora, y el que va de Guaymas a Topolobampo, Sinaloa.<\/p>\n<p>La compa\u00f1\u00eda ya hab\u00eda sido acusada de lavado de dinero y fraude fiscal, e investigada por la Procuradur\u00eda Fiscal de la Federaci\u00f3n de la SHCP, a ra\u00edz de una demanda interpuesta por Felipe Ruanova Z\u00e1rate.<\/p>\n<p>La sentencia popular podr\u00eda cumplirse: \u201ctanto va el c\u00e1ntaro al pozo que acaba quebr\u00e1ndose\u201d.<\/p>\n<p><em><a href=\"mailto:ramonzurita44@hotmail.com\" target=\"_blank\"><em>ramonzurita44@hotmail.com<br \/>\n<\/em><\/a><\/em><em><a href=\"mailto:zurita_sahagun@hotmail.com\" target=\"_blank\">zurita_sahagun@hotmail.com<\/a><\/em><\/p>\n","protected":false},"excerpt":{"rendered":"<p><span style=\"color: #005497;\"><strong>Ram\u00f3n Zurita Sahag\u00fan<\/strong><\/span><\/p>\n","protected":false},"author":3,"featured_media":0,"comment_status":"open","ping_status":"open","sticky":false,"template":"","format":"standard","meta":{"_monsterinsights_skip_tracking":false,"_monsterinsights_sitenote_active":false,"_monsterinsights_sitenote_note":"","_monsterinsights_sitenote_category":0,"footnotes":""},"categories":[234],"tags":[304,43674,91,211,366,43687],"class_list":["post-108085","post","type-post","status-publish","format-standard","hentry","category-ramon-zurita-sahagun","tag-de-frente-y-de-perfil","tag-opinion","tag-pan","tag-prd","tag-pt","tag-ramon-zurita-sahagun"],"_links":{"self":[{"href":"https:\/\/www.diarioimagen.net\/index.php?rest_route=\/wp\/v2\/posts\/108085","targetHints":{"allow":["GET"]}}],"collection":[{"href":"https:\/\/www.diarioimagen.net\/index.php?rest_route=\/wp\/v2\/posts"}],"about":[{"href":"https:\/\/www.diarioimagen.net\/index.php?rest_route=\/wp\/v2\/types\/post"}],"author":[{"embeddable":true,"href":"https:\/\/www.diarioimagen.net\/index.php?rest_route=\/wp\/v2\/users\/3"}],"replies":[{"embeddable":true,"href":"https:\/\/www.diarioimagen.net\/index.php?rest_route=%2Fwp%2Fv2%2Fcomments&post=108085"}],"version-history":[{"count":0,"href":"https:\/\/www.diarioimagen.net\/index.php?rest_route=\/wp\/v2\/posts\/108085\/revisions"}],"wp:attachment":[{"href":"https:\/\/www.diarioimagen.net\/index.php?rest_route=%2Fwp%2Fv2%2Fmedia&parent=108085"}],"wp:term":[{"taxonomy":"category","embeddable":true,"href":"https:\/\/www.diarioimagen.net\/index.php?rest_route=%2Fwp%2Fv2%2Fcategories&post=108085"},{"taxonomy":"post_tag","embeddable":true,"href":"https:\/\/www.diarioimagen.net\/index.php?rest_route=%2Fwp%2Fv2%2Ftags&post=108085"}],"curies":[{"name":"wp","href":"https:\/\/api.w.org\/{rel}","templated":true}]}}