{"id":108133,"date":"2012-10-19T00:09:34","date_gmt":"2012-10-19T05:09:34","guid":{"rendered":"http:\/\/www.diarioimagen.net\/?p=108133"},"modified":"2012-10-19T04:00:18","modified_gmt":"2012-10-19T09:00:18","slug":"ebrard-inaugura-vialidades-sobre-el-predio-el-encino","status":"publish","type":"post","link":"https:\/\/www.diarioimagen.net\/?p=108133","title":{"rendered":"Ebrard inaugura vialidades sobre el predio El Encino"},"content":{"rendered":"<ul>\n<li><strong><em>El litigio por la expropiaci\u00f3n del terreno lleg\u00f3 incluso a que se pidiera el desafuero de Andr\u00e9s Manuel L\u00f3pez Obrador cuando era jefe del GDF<\/em><\/strong><\/li>\n<\/ul>\n<div id=\"attachment_108194\" style=\"width: 250px\" class=\"wp-caption alignleft\"><a class=\"highslide\" onclick=\"return vz.expand(this)\" href=\"http:\/\/www.diarioimagen.net\/wp-content\/uploads\/2012\/10\/EBRARD-1962.jpg\"><img loading=\"lazy\" decoding=\"async\" aria-describedby=\"caption-attachment-108194\" class=\"size-medium wp-image-108194\" title=\"EBRARD-1962\" src=\"http:\/\/www.diarioimagen.net\/wp-content\/uploads\/2012\/10\/EBRARD-1962-240x179.jpg\" alt=\"\" width=\"240\" height=\"179\" \/><\/a><p id=\"caption-attachment-108194\" class=\"wp-caption-text\">Cuajimalpa tiene una nueva vialidad, construida sobre el predio El Encino, y fue inaugurada por el jefe de gobierno.<\/p><\/div>\n<p>El jefe de gobierno capitalino, Marcelo Ebrard Casaubon, encabez\u00f3 la entrega de las obras de infraestructura vial en avenidas Prolongaci\u00f3n Vasco de Quiroga y Carlos Graef Fern\u00e1ndez, construidas en el predio El Encino, en Santa Fe.<\/p>\n<p>Tras un recorrido por esa zona de la delegaci\u00f3n Cuajimalpa, el mandatario local record\u00f3 que el predio fue objeto de un proceso legal contra su antecesor, Andr\u00e9s Manuel L\u00f3pez Obrador, para realizarle un juicio pol\u00edtico.<\/p>\n<p>El Encino es un caso cl\u00e1sico de contraposici\u00f3n de los intereses privado y general, \u201cel d\u00eda de hoy terminamos ya toda esa etapa, finalmente se entrega a la comunidad esta vialidad, yo quisiera subrayar que tiene varios y muy importantes implicaciones de inter\u00e9s general, no s\u00f3lo por la comunicaci\u00f3n\u201d, manifest\u00f3 Ebrard Casaubon.<\/p>\n<p>Acompa\u00f1ado por la consejera jur\u00eddica y de Servicios Legales, Leticia Bonifaz, y por el director general de Servimet, Javier Guti\u00e9rrez Muro, dijo que la recuperaci\u00f3n del predio busca acelerar el proceso relacionado con la educaci\u00f3n, tecnolog\u00eda y atenci\u00f3n en salud a la poblaci\u00f3n de esa zona, al igual que en el Estado de M\u00e9xico.<\/p>\n<p>Ello, luego del fallo de la Suprema Corte de Justicia de la Naci\u00f3n (SCJN) dado a conocer por la Consejer\u00eda Jur\u00eddica y de Servicios Legales del Gobierno local el 11 de agosto de 2011, mediante el cual se determin\u00f3 indemnizaci\u00f3n y no devoluci\u00f3n del predio de Cuajimalpa.<\/p>\n<p>La resoluci\u00f3n emitida por el alto tribunal se dio luego de m\u00e1s de una d\u00e9cada de litigio y que el gobierno de la ciudad busc\u00f3 concluir para construir una vialidad necesaria al tratarse de una zona que estaba totalmente colapsada.<\/p>\n<p>Al agradecer a quien se hizo cargo del procedimiento jur\u00eddico, Vicente Lopantzi, el jefe de gobierno capitalino record\u00f3 que hace poco se inici\u00f3 la operaci\u00f3n de la Autopista Urbana Poniente que conecta Las \u00c1guilas a Santa Fe como parte de este proceso de desarrollo en esta zona de la ciudad.<\/p>\n<p>\u201cPronto pondremos en operaci\u00f3n el sentido Santa Fe hacia Las \u00c1guilas y as\u00ed sucesivamente hasta llegar a Luis Cabrera, y finalmente a la Autopista Urbana Sur\u201d, adelant\u00f3.<\/p>\n<p>Dijo que con ello cambiar\u00e1n los problemas de comunicaci\u00f3n y de vialidad o movilidad que hay respecto a esta zona, incluyendo transporte p\u00fablico.<\/p>\n<p>Antes el director general del Hospital ABC, Alejandro Alfonso D\u00edaz, expres\u00f3 que m\u00e1s que medir esta obra en metros cuadrados de pavimento o inversi\u00f3n \u201chay que medirlo en congruencia\u201d.<\/p>\n","protected":false},"excerpt":{"rendered":"<p>El jefe de gobierno capitalino, Marcelo Ebrard Casaubon, encabez\u00f3 la entrega de las obras de infraestructura vial en avenidas Prolongaci\u00f3n Vasco de Quiroga y Carlos Graef Fern\u00e1ndez, construidas en el predio El Encino, en Santa Fe.<\/p>\n","protected":false},"author":3,"featured_media":0,"comment_status":"open","ping_status":"open","sticky":false,"template":"","format":"standard","meta":{"_monsterinsights_skip_tracking":false,"_monsterinsights_sitenote_active":false,"_monsterinsights_sitenote_note":"","_monsterinsights_sitenote_category":0,"footnotes":""},"categories":[6],"tags":[204,4958,7350],"class_list":["post-108133","post","type-post","status-publish","format-standard","hentry","category-cd-de-mexico","tag-ciudad-de-mexico","tag-cuajimalpa","tag-marcelo-ebrard-casaubon"],"_links":{"self":[{"href":"https:\/\/www.diarioimagen.net\/index.php?rest_route=\/wp\/v2\/posts\/108133","targetHints":{"allow":["GET"]}}],"collection":[{"href":"https:\/\/www.diarioimagen.net\/index.php?rest_route=\/wp\/v2\/posts"}],"about":[{"href":"https:\/\/www.diarioimagen.net\/index.php?rest_route=\/wp\/v2\/types\/post"}],"author":[{"embeddable":true,"href":"https:\/\/www.diarioimagen.net\/index.php?rest_route=\/wp\/v2\/users\/3"}],"replies":[{"embeddable":true,"href":"https:\/\/www.diarioimagen.net\/index.php?rest_route=%2Fwp%2Fv2%2Fcomments&post=108133"}],"version-history":[{"count":0,"href":"https:\/\/www.diarioimagen.net\/index.php?rest_route=\/wp\/v2\/posts\/108133\/revisions"}],"wp:attachment":[{"href":"https:\/\/www.diarioimagen.net\/index.php?rest_route=%2Fwp%2Fv2%2Fmedia&parent=108133"}],"wp:term":[{"taxonomy":"category","embeddable":true,"href":"https:\/\/www.diarioimagen.net\/index.php?rest_route=%2Fwp%2Fv2%2Fcategories&post=108133"},{"taxonomy":"post_tag","embeddable":true,"href":"https:\/\/www.diarioimagen.net\/index.php?rest_route=%2Fwp%2Fv2%2Ftags&post=108133"}],"curies":[{"name":"wp","href":"https:\/\/api.w.org\/{rel}","templated":true}]}}