{"id":108251,"date":"2012-10-21T00:05:14","date_gmt":"2012-10-21T05:05:14","guid":{"rendered":"http:\/\/www.diarioimagen.net\/?p=108251"},"modified":"2012-10-22T04:13:52","modified_gmt":"2012-10-22T09:13:52","slug":"destaca-eruviel-avila-disposicion-de-alcaldes-para-entregar-administraicon-con-transparencia-y-orden","status":"publish","type":"post","link":"https:\/\/www.diarioimagen.net\/?p=108251","title":{"rendered":"Destaca Eruviel \u00c1vila disposici\u00f3n de alcaldes para entregar administraic\u00f3n con transparencia y orden"},"content":{"rendered":"<ul>\n<li><em><strong>Resalta el gobernador la participaci\u00f3n de los presidentes municipales en el curso Temas Coyunturales de la Entrega-Recepci\u00f3n, que encabez\u00f3 el secretario general de Gobierno, Ernesto Nemer \u00c1lvarez.<\/strong><\/em><\/li>\n<\/ul>\n<div id=\"attachment_105897\" style=\"width: 250px\" class=\"wp-caption alignleft\"><a class=\"highslide\" onclick=\"return vz.expand(this)\" href=\"http:\/\/www.diarioimagen.net\/wp-content\/uploads\/2012\/10\/eruviel-1948.jpg\"><img loading=\"lazy\" decoding=\"async\" aria-describedby=\"caption-attachment-105897\" class=\"size-medium wp-image-105897\" title=\"eruviel-1948\" src=\"http:\/\/www.diarioimagen.net\/wp-content\/uploads\/2012\/10\/eruviel-1948-240x135.jpg\" alt=\"\" width=\"240\" height=\"135\" \/><\/a><p id=\"caption-attachment-105897\" class=\"wp-caption-text\">El gobernador del Estado de M\u00e9xico, Eruviel \u00c1vila Villegas.<\/p><\/div>\n<p><strong>Toluca, Estado de M\u00e9xico.-<\/strong> El gobernador Eruviel \u00c1vila Villegas destac\u00f3 la disposici\u00f3n de los 125 alcaldes mexiquenses para contribuir a una transici\u00f3n ordenada y transparente de las administraciones municipales, que se renovar\u00e1n el pr\u00f3ximo 1 de enero, al referir la participaci\u00f3n de los ediles en el curso Temas Coyunturales de la Entrega-Recepci\u00f3n, que encabez\u00f3 el secretario general de gobierno, Ernesto Nemer \u00c1lvarez, y con el que adem\u00e1s se busca lograr continuidad en los programas locales prioritarios.<\/p>\n<p>\u201cLa rendici\u00f3n de cuentas es un compromiso permanente en el gobierno del estado, del que hemos encontrado eco en los gobiernos locales, y as\u00ed tambi\u00e9n en impulsar la continuidad de los programas, de las acciones, que es fundamental, pues no podemos estar reinventando las administraciones cada que llega un nuevo gobernante, y por ello es b\u00e1sico cumplir con transparencia y puntualidad en los procesos de cierre de gobiernos municipales, que permitan que el trabajo no se interrumpa a pesar de este cambio\u201d, expres\u00f3.<\/p>\n<p>En el sal\u00f3n Sentimientos de la Naci\u00f3n del Instituto Hacendario del Estado de M\u00e9xico (IHAEM), Ernesto Nemer exhort\u00f3 a los presidentes municipales a trabajar este \u00faltimo tramo de su gesti\u00f3n, con el mismo \u00e1nimo con el que llegaron para corresponder la confianza de la gente.<\/p>\n<p>\u201cEste seminario es una muestra clara de que, para este gobierno, el impulso al municipalismo es una prioridad, en virtud de la vocaci\u00f3n municipalista del titular del Ejecutivo\u201d, dijo al referir que de esta manera, se busca no s\u00f3lo que los alcaldes entreguen buenas cuentas, sino cuentas claras.<\/p>\n<p>&nbsp;<\/p>\n<p>Ante Eugenio Monterrey Chepov, comisionado presidente del Instituto de Transparencia y Acceso a la Informaci\u00f3n P\u00fablica del Estado de M\u00e9xico y Municipios (ITAIPEM); Fernando Baz Ferreira, titular del \u00d3rgano Superior de Fiscalizaci\u00f3n de la entidad (OSFEM), y Mauricio Vald\u00e9s Rodr\u00edguez, presidente del Instituto de Administraci\u00f3n P\u00fablica del Estado de M\u00e9xico (IAPEM) el secretario General de Gobierno reiter\u00f3 la voluntad del gobierno mexiquense para ofrecer transparencia en el ejercicio de la administraci\u00f3n p\u00fablica.<\/p>\n<p>Durante este encuentro, en el que tambi\u00e9n participaron los secretarios de la Contralor\u00eda y del Trabajo, Alejandro Hinojosa Velasco y Carlos Cadena Ortiz de Montellano, respectivamente, se abordaron los temas de:<\/p>\n<p>&#8211;\u00a0\u00a0\u00a0\u00a0\u00a0\u00a0 Pol\u00edticas del \u00d3rgano Superior de Fiscalizaci\u00f3n, donde se abordan aspectos espec\u00edficos de la entrega-recepci\u00f3n, del sistema de control de recursos patrimoniales y Cuenta P\u00fablica municipal.<\/p>\n<p>&#8211;\u00a0\u00a0\u00a0\u00a0\u00a0\u00a0 Transparencia y Derecho a la Informaci\u00f3n, que considera las obligaciones pendientes en materia de transparencia y cierre de administraciones municipales.<\/p>\n<p>&#8211;\u00a0\u00a0\u00a0\u00a0\u00a0\u00a0 Pol\u00edticas en Materia de Control Gubernamental, relativo a la fiscalizaci\u00f3n de recursos estatales y federales en obras y acciones de beneficio municipal.<\/p>\n<p>&#8211;\u00a0\u00a0\u00a0\u00a0\u00a0\u00a0 Asuntos Laborales en Proceso de Entrega-Recepci\u00f3n, donde se consideran los fundamentos jur\u00eddicos y recomendaciones para evitar litigios por baja de personal.<\/p>\n<p>Ernesto Nemer \u00c1lvarez asegur\u00f3 que con este acercamiento se lograr\u00e1 una renovaci\u00f3n de gobiernos locales, que garantice la tranquilidad en los 125 municipios de la entidad, pero sobre todo que el trabajo a favor de la gente no se detenga y adelant\u00f3 que en breve se llevar\u00e1 a cabo un encuentro similar para los presidentes municipales electos.<\/p>\n","protected":false},"excerpt":{"rendered":"<p>El gobernador Eruviel \u00c1vila Villegas destac\u00f3 la disposici\u00f3n de los 125 alcaldes mexiquenses para contribuir a una transici\u00f3n ordenada y transparente de las administraciones municipales, que se renovar\u00e1n el pr\u00f3ximo 1 de enero, al referir la participaci\u00f3n de los ediles en el curso Temas Coyunturales de la Entrega-Recepci\u00f3n, que encabez\u00f3 el secretario general de gobierno, Ernesto Nemer \u00c1lvarez, y con el que adem\u00e1s se busca lograr continuidad en los programas locales prioritarios.<\/p>\n","protected":false},"author":1,"featured_media":0,"comment_status":"open","ping_status":"open","sticky":false,"template":"","format":"standard","meta":{"_monsterinsights_skip_tracking":false,"_monsterinsights_sitenote_active":false,"_monsterinsights_sitenote_note":"","_monsterinsights_sitenote_category":0,"footnotes":""},"categories":[17],"tags":[68,5828,43675],"class_list":["post-108251","post","type-post","status-publish","format-standard","hentry","category-especiales","tag-edomex","tag-eruviel-avila-villegas","tag-estado-de-mexico"],"_links":{"self":[{"href":"https:\/\/www.diarioimagen.net\/index.php?rest_route=\/wp\/v2\/posts\/108251","targetHints":{"allow":["GET"]}}],"collection":[{"href":"https:\/\/www.diarioimagen.net\/index.php?rest_route=\/wp\/v2\/posts"}],"about":[{"href":"https:\/\/www.diarioimagen.net\/index.php?rest_route=\/wp\/v2\/types\/post"}],"author":[{"embeddable":true,"href":"https:\/\/www.diarioimagen.net\/index.php?rest_route=\/wp\/v2\/users\/1"}],"replies":[{"embeddable":true,"href":"https:\/\/www.diarioimagen.net\/index.php?rest_route=%2Fwp%2Fv2%2Fcomments&post=108251"}],"version-history":[{"count":0,"href":"https:\/\/www.diarioimagen.net\/index.php?rest_route=\/wp\/v2\/posts\/108251\/revisions"}],"wp:attachment":[{"href":"https:\/\/www.diarioimagen.net\/index.php?rest_route=%2Fwp%2Fv2%2Fmedia&parent=108251"}],"wp:term":[{"taxonomy":"category","embeddable":true,"href":"https:\/\/www.diarioimagen.net\/index.php?rest_route=%2Fwp%2Fv2%2Fcategories&post=108251"},{"taxonomy":"post_tag","embeddable":true,"href":"https:\/\/www.diarioimagen.net\/index.php?rest_route=%2Fwp%2Fv2%2Ftags&post=108251"}],"curies":[{"name":"wp","href":"https:\/\/api.w.org\/{rel}","templated":true}]}}