{"id":108284,"date":"2012-10-22T00:05:54","date_gmt":"2012-10-22T05:05:54","guid":{"rendered":"http:\/\/www.diarioimagen.net\/?p=108284"},"modified":"2012-10-23T03:15:40","modified_gmt":"2012-10-23T08:15:40","slug":"pemex-en-manos-de-romero","status":"publish","type":"post","link":"https:\/\/www.diarioimagen.net\/?p=108284","title":{"rendered":"Pemex, en manos de Romero"},"content":{"rendered":"<h2>\u00cdndice pol\u00edtico<\/h2>\n<h5>Francisco Rodr\u00edguez<\/h5>\n<p><span><br \/>\nSe ha convertido en un jeque electoral. Los cuantiosos fondos del gremio petrolero que encabeza son un manantial pr\u00e1cticamente inagotable de financiamiento a candidatos del PRI -ocasionalmente hasta de otros partidos, de acuerdo a la conveniencia- a pr\u00e1cticamente todos los puestos de elecci\u00f3n popular. De la ubre del sindicato de Pemex han mamado una gran cantidad de quienes ostentan un cargo de elecci\u00f3n popular.<\/span><\/p>\n<p>Carlos Romero Deschamps es un personaje que incita la controversia. Sus finos y caros relojes, sus mansiones y departamentos por doquier, los autos de un mill\u00f3n de d\u00f3lares de su hijo, los ostentosos viajes de su hija y las mascotas de \u00e9sta\u2026 Pero tambi\u00e9n es el dirigente sindical que mejor se amold\u00f3 a los 12 a\u00f1os de panismo en Los Pinos, con el que colabor\u00f3 y casi no tuvo enfrentamientos, pese a haber sido perseguido por aquellos 500 millones de pesos que los petroleros tiraron a la basura -algunos dicen que a los bolsillos de connotados pri\u00edstas como Emilio Gamboa- en la frustrada campa\u00f1a presidencial de Francisco Labastida, quien fue el que m\u00e1s lo persigui\u00f3 y hasta invit\u00f3 a pasar \u201cun par de a\u00f1os en la c\u00e1rcel\u201d para que el partido no tuviese que afrontar la multa de mil millones de pesos que le impuso aquel IFE.<\/p>\n<p>Romero Deschamps se reeligi\u00f3 al frente del Sindicato de Trabajadores Petroleros de la Rep\u00fablica Mexicana.<\/p>\n<p>El m\u00e9todo empleado fue la selecci\u00f3n de tres delegados de cada una de las secciones sindicales que le son afines -todo indica que a las que le son adversas ni siquiera se les invit\u00f3 o, de plano, ya las desapareci\u00f3-, quienes votaron por la reelecci\u00f3n de don Carlos.<\/p>\n<p>El jeque se sabe importante para lo que viene. Y es que si con su apoyo el PAN en Pemex hizo y deshizo -particularmente en las gestiones de Ram\u00edrez Corzo y en la del gallego Su\u00e1rez Coppel-, ahora que la instrucci\u00f3n del PRI es la de abrir de par en par las puertas de la principal de las paraestatales al sector privado, Romero Deschamps ser\u00e1 m\u00e1s \u00fatil que nunca: acallar\u00e1, apagar\u00e1, pisotear\u00e1 cualquier intentona de los trabajadores por impedir que, en los hechos, Pemex se privatice.<\/p>\n<p>Romero Deschamps se sabe poco afortunado en sus declaraciones ante la prensa -por ejemplo, la m\u00e1s reciente, en la que pidi\u00f3 \u201cno maximizar\u201d el incendio de una planta de gas en Reynosa, donde hubo tres decenas de trabajadores muertos- y, tal vez por ello, no ha dicho esta boca es m\u00eda en torno al acuerdo que, como \u201cun bal\u00f3n de ox\u00edgeno\u201d, celebraron Felipe Calder\u00f3n y Mariano Rajoy para salvar de la quiebra a los astilleros de Galicia y, de paso, salvarle la reelecci\u00f3n al presidente de la Xunta gallega. Como si esos empleos que van a conservarse y hasta crearse en Ferrol y en Vigo, no hicieran falta en Tampico y Altamira.<\/p>\n<p>Aunque desmentida ya por sus interesados voceros oficiosos, la nueva es que Carlos Romero Deschamps, lamentablemente padece c\u00e1ncer de colon y que, por tal, es que cada vez m\u00e1s frecuentemente viaja a Houston, Texas -obviamente no usa los servicios m\u00e9dicos de Pemex que regentea uno de sus compadres-, donde recibe tratamiento.<\/p>\n<p>De ser cierta la especie divulgada a trav\u00e9s de Twitter, \u00bfpara qu\u00e9 entonces es que Romero Deschamps se reelegi\u00f3? Acaso, como Hugo Ch\u00e1vez quien tambi\u00e9n padece c\u00e1ncer, piensa que la enfermedad ser\u00e1 benigna con \u00e9l y le permitir\u00e1 concluir su nuevo periodo al frente de los destinos de los trabajadores y sus familias, como rezan los cl\u00e1s cos en su infinita cursiler\u00eda? Cronos tiene la \u00faltima palabra.<\/p>\n<p><strong><em>\u00cdndice Flam\u00edgero:<\/em><\/strong>\u00a0 Dentro de 39 d\u00edas Felipe Calder\u00f3n comenzar\u00e1 a cosechar las traiciones de los suyos. Para empezar, de los suyos. Dentro de 39 d\u00edas se acaba el sexenio<\/p>\n<p><em><a href=\"http:\/\/www.indicepolitico.com\/\" target=\"_blank\"><em>www.indicepolitico.com<\/em><\/a><br \/>\n<\/em><em><a href=\"mailto:pacorodriguez@journalist.com\" target=\"_blank\">pacorodriguez@journalist.com<\/a><\/em><\/p>\n","protected":false},"excerpt":{"rendered":"<p><span style=\"color: #005497;\"><strong>Francisco Rodr\u00edguez<\/strong><\/span><\/p>\n","protected":false},"author":3,"featured_media":0,"comment_status":"open","ping_status":"open","sticky":false,"template":"","format":"standard","meta":{"_monsterinsights_skip_tracking":false,"_monsterinsights_sitenote_active":false,"_monsterinsights_sitenote_note":"","_monsterinsights_sitenote_category":0,"footnotes":""},"categories":[549],"tags":[43689,550,43674,292],"class_list":["post-108284","post","type-post","status-publish","format-standard","hentry","category-francisco-rodriguez","tag-francisco-rodriguez","tag-indice-politico","tag-opinion","tag-pemex"],"_links":{"self":[{"href":"https:\/\/www.diarioimagen.net\/index.php?rest_route=\/wp\/v2\/posts\/108284","targetHints":{"allow":["GET"]}}],"collection":[{"href":"https:\/\/www.diarioimagen.net\/index.php?rest_route=\/wp\/v2\/posts"}],"about":[{"href":"https:\/\/www.diarioimagen.net\/index.php?rest_route=\/wp\/v2\/types\/post"}],"author":[{"embeddable":true,"href":"https:\/\/www.diarioimagen.net\/index.php?rest_route=\/wp\/v2\/users\/3"}],"replies":[{"embeddable":true,"href":"https:\/\/www.diarioimagen.net\/index.php?rest_route=%2Fwp%2Fv2%2Fcomments&post=108284"}],"version-history":[{"count":0,"href":"https:\/\/www.diarioimagen.net\/index.php?rest_route=\/wp\/v2\/posts\/108284\/revisions"}],"wp:attachment":[{"href":"https:\/\/www.diarioimagen.net\/index.php?rest_route=%2Fwp%2Fv2%2Fmedia&parent=108284"}],"wp:term":[{"taxonomy":"category","embeddable":true,"href":"https:\/\/www.diarioimagen.net\/index.php?rest_route=%2Fwp%2Fv2%2Fcategories&post=108284"},{"taxonomy":"post_tag","embeddable":true,"href":"https:\/\/www.diarioimagen.net\/index.php?rest_route=%2Fwp%2Fv2%2Ftags&post=108284"}],"curies":[{"name":"wp","href":"https:\/\/api.w.org\/{rel}","templated":true}]}}