{"id":108290,"date":"2012-10-22T00:09:03","date_gmt":"2012-10-22T05:09:03","guid":{"rendered":"http:\/\/www.diarioimagen.net\/?p=108290"},"modified":"2012-10-22T04:28:59","modified_gmt":"2012-10-22T09:28:59","slug":"martha-delgado-presidenta-de-la-red-de-megaciudades","status":"publish","type":"post","link":"https:\/\/www.diarioimagen.net\/?p=108290","title":{"rendered":"Martha Delgado, presidenta de la Red de Megaciudades"},"content":{"rendered":"<ul>\n<li><strong><em>La funcionaria del GDF trabajar\u00e1 con alcaldes de las principales urbes del mundo en el desarrollo de proyectos amnbientales<\/em><\/strong><\/li>\n<\/ul>\n<div id=\"attachment_108397\" style=\"width: 250px\" class=\"wp-caption alignleft\"><a class=\"highslide\" onclick=\"return vz.expand(this)\" href=\"http:\/\/www.diarioimagen.net\/wp-content\/uploads\/2012\/10\/delgado-1963.jpg\"><img loading=\"lazy\" decoding=\"async\" aria-describedby=\"caption-attachment-108397\" class=\"size-medium wp-image-108397\" title=\"delgado-1963\" src=\"http:\/\/www.diarioimagen.net\/wp-content\/uploads\/2012\/10\/delgado-1963-240x221.jpg\" alt=\"\" width=\"240\" height=\"221\" \/><\/a><p id=\"caption-attachment-108397\" class=\"wp-caption-text\">La secretaria del Medio Ambiente del DF, fue electa presidenta de la Red Mundial de Megaciudades.<\/p><\/div>\n<p>El gobierno del Distrito Federal inform\u00f3 ayer que la titular de la Secretar\u00eda del Medio Ambiente, Martha Delgado, fue electa presidenta de la Red Mundial de Megaciudades y Sustentabilidad.<\/p>\n<p>Por unanimidad, la funcionaria capitalina fue elegida durante la reuni\u00f3n del Comit\u00e9 Ejecutivo de la agrupaci\u00f3n Gobiernos Locales por la sustentabilidad (ICLEI, por sus siglas en ingl\u00e9s) realizada en Se\u00fal, Corea del Sur.<\/p>\n<p>\u201cTrabajar\u00e1 con alcaldes de las principales ciudades del mundo en el desarrollo de proyectos ambientales de impacto social\u201d, indic\u00f3 el vocero de la Secretar\u00eda de Medio Ambiente, Jorge Fuentes.<\/p>\n<p>\u201cFue reconocida por el trabajo realizado en una de las ciudades m\u00e1s grandes del mundo, en donde desarroll\u00f3 el Plan Verde, el Programa de Acci\u00f3n Clim\u00e1tica, el Sistema de Transporte Individual Ecobici, un mercado de trueque de residuos por productos y por impulsar el Pacto de la Ciudad de M\u00e9xico, al que se han adherido 269 ciudades de 57 pa\u00edses\u201d.<\/p>\n<p>Delgado tambi\u00e9n fue electa vicepresidenta de ICLEI para el periodo 2012-2015.<\/p>\n<p>La Red Mundial de Megaciudades y Sustentabilidad se ocupa de intercambiar buenas experiencias ambientales entre metr\u00f3polis, buscar financiamiento para proyectos de transporte sustentable, el manejo de residuos s\u00f3lidos, la gesti\u00f3n del agua y eficiencia energ\u00e9tica.<\/p>\n<p>El viernes pasado, en representaci\u00f3n del Jefe de Gobierno, Delgado entreg\u00f3 al alcalde de Se\u00fal, Park Won-Soon, la presidencia del Consejo Mundial de Alcaldes sobre el Cambio Clim\u00e1tico que Marcelo Ebrard ocup\u00f3 desde noviembre de 2010.<\/p>\n","protected":false},"excerpt":{"rendered":"<p>El gobierno del Distrito Federal inform\u00f3 ayer que la titular de la Secretar\u00eda del Medio Ambiente, Martha Delgado, fue electa presidenta de la Red Mundial de Megaciudades y Sustentabilidad. Por unanimidad, la funcionaria capitalina fue elegida durante la reuni\u00f3n del Comit\u00e9 Ejecutivo de la agrupaci\u00f3n Gobiernos Locales por la sustentabilidad (ICLEI, por sus siglas en ingl\u00e9s) realizada en Se\u00fal, Corea del Sur.<\/p>\n","protected":false},"author":3,"featured_media":0,"comment_status":"open","ping_status":"open","sticky":false,"template":"","format":"standard","meta":{"_monsterinsights_skip_tracking":false,"_monsterinsights_sitenote_active":false,"_monsterinsights_sitenote_note":"","_monsterinsights_sitenote_category":0,"footnotes":""},"categories":[6],"tags":[4956,20088,6789],"class_list":["post-108290","post","type-post","status-publish","format-standard","hentry","category-cd-de-mexico","tag-jefe-de-gobierno","tag-martha-delgado-peralta","tag-secretaria-del-medio-ambiente"],"_links":{"self":[{"href":"https:\/\/www.diarioimagen.net\/index.php?rest_route=\/wp\/v2\/posts\/108290","targetHints":{"allow":["GET"]}}],"collection":[{"href":"https:\/\/www.diarioimagen.net\/index.php?rest_route=\/wp\/v2\/posts"}],"about":[{"href":"https:\/\/www.diarioimagen.net\/index.php?rest_route=\/wp\/v2\/types\/post"}],"author":[{"embeddable":true,"href":"https:\/\/www.diarioimagen.net\/index.php?rest_route=\/wp\/v2\/users\/3"}],"replies":[{"embeddable":true,"href":"https:\/\/www.diarioimagen.net\/index.php?rest_route=%2Fwp%2Fv2%2Fcomments&post=108290"}],"version-history":[{"count":0,"href":"https:\/\/www.diarioimagen.net\/index.php?rest_route=\/wp\/v2\/posts\/108290\/revisions"}],"wp:attachment":[{"href":"https:\/\/www.diarioimagen.net\/index.php?rest_route=%2Fwp%2Fv2%2Fmedia&parent=108290"}],"wp:term":[{"taxonomy":"category","embeddable":true,"href":"https:\/\/www.diarioimagen.net\/index.php?rest_route=%2Fwp%2Fv2%2Fcategories&post=108290"},{"taxonomy":"post_tag","embeddable":true,"href":"https:\/\/www.diarioimagen.net\/index.php?rest_route=%2Fwp%2Fv2%2Ftags&post=108290"}],"curies":[{"name":"wp","href":"https:\/\/api.w.org\/{rel}","templated":true}]}}