{"id":108300,"date":"2012-10-22T00:03:33","date_gmt":"2012-10-22T05:03:33","guid":{"rendered":"http:\/\/www.diarioimagen.net\/?p=108300"},"modified":"2012-10-23T03:30:09","modified_gmt":"2012-10-23T08:30:09","slug":"destinos-paralelos","status":"publish","type":"post","link":"https:\/\/www.diarioimagen.net\/?p=108300","title":{"rendered":"Destinos paralelos"},"content":{"rendered":"<h2>Punto por punto<\/h2>\n<h5>Augusto Corro<\/h5>\n<p><span><br \/>\nTodo un misterio los cuerpos desaparecidos de los capos de la droga. El 7 de octubre, Heriberto Lazcano Lazcano \u201cEl Lazca\u201d, l\u00edder del sanguinario c\u00e1rtel de \u201cLos Zetas\u201d, fue abatido por elementos de la Secretar\u00eda de Marina-Armada de M\u00e9xico.<\/span><\/p>\n<p>Sin lugar a dudas, esa acci\u00f3n les daba brillo a los representantes de la ley.<\/p>\n<p>Sin embargo, robaron el cad\u00e1ver de \u201cEl Lazca\u201d y se inici\u00f3 una serie de contradicciones que pusieron en tela de duda la muerte del capo.\u00a0 Tambi\u00e9n, el l\u00edder y fundador de\u00a0 \u201cLa Familia Michoacana\u201d, Nazario Moreno, fue ultimado por la polic\u00eda federal y su cuerpo sin vida fue rescatado por los sicarios.<\/p>\n<p>Esto ocurri\u00f3 en diciembre de 2010.<\/p>\n<p>Aunque existen videos de la muerte del delincuente, quien se hac\u00eda llamar \u201cEl M\u00e1s Loco\u201d, no se volvi\u00f3 a saber m\u00e1s de sus restos mortales.<\/p>\n<p>Van m\u00e1s de 15 d\u00edas y las autoridades federales siguen empe\u00f1adas en confirmar que, efectivamente, fue\u00a0 \u201cEl Lazca\u201d, quien muri\u00f3 en un enfrentamiento con los marinos.<\/p>\n<p>Las pruebas fotogr\u00e1ficas, huellas digitales\u00a0 y tama\u00f1o del cuerpo no convencieron a la poblaci\u00f3n\u00a0 de que el capo de \u201cLos Zetas\u201d abatido era \u201cEl Lazca\u201d.<\/p>\n<p>Ahora, los representantes de la ley buscan los restos mortales de los padres del capo para que, por medio del ADN, se logre reconfirmar la identidad del capo desaparecido.<\/p>\n<p>Si las propias autoridades federales no est\u00e1n convencidas de la muerte de \u201cEl Lazca\u201d, menos lo van a estar quienes fueron confundidos con la informaci\u00f3n oficial que, a decir verdad, fue inconsistente y confusa.<\/p>\n<p>Nazario y \u201cEl Lazca\u201d son dos cad\u00e1veres con destinos extra\u00f1os muy parecidos.\u00a0 Al paso del tiempo, las dudas crecer\u00e1n.<\/p>\n<p align=\"center\"><strong>OJAL\u00c1 Y AS\u00ed FUERA<\/strong><\/p>\n<p>Un funcionario estadunidense declar\u00f3 que\u00a0 se inici\u00f3 el fin de los c\u00e1rteles de la droga en M\u00e9xico.<\/p>\n<p>As\u00ed lo dej\u00f3 entrever, William Brownfield, subsecretario de Estado Adjunto para Asuntos Internacionales de Narc\u00f3ticos de Estados Unidos.<\/p>\n<p>En una entrevista con el diario colombiano\u00a0 \u201cEl Tiempo\u201d,\u00a0 el estadounidense declar\u00f3 que \u201cse est\u00e1 viendo el comienzo del fin con la decapitaci\u00f3n de los c\u00e1rteles y la reducci\u00f3n de su capacidad de operaci\u00f3n\u201d.<\/p>\n<p>Seguramente, el funcionario citado tiene informaci\u00f3n que la mayor\u00eda de los ciudadanos desconocemos.\u00a0 Para el com\u00fan\u00a0 de la poblaci\u00f3n, al problema del narcotr\u00e1fico no se le ve fin.<\/p>\n<p>Por ejemplo, en Estados Unidos cada vez es mayor el n\u00famero de personas adictas a las drogas.<\/p>\n<p>Hablamos, pues, de un mercado activo al que llega todo tipo de estupefacientes, en cantidades may\u00fasculas.<\/p>\n<p>Definitivamente, lo que ven los funcionarios y los pol\u00edticos es muy diferente de lo que se palpa en la realidad.<\/p>\n<p>Los discursos y apreciaciones falsas sobre la delincuencia organizada no ayudar\u00e1n a erradicar\u00a0 los elevados \u00edndices de drogadicci\u00f3n y muerte.<\/p>\n<p align=\"center\"><strong>DE MAL EN PEOR<\/strong><\/p>\n<p>La poblaci\u00f3n que se ocupa en el sector informal de la econom\u00eda aument\u00f3 en septiembre, seg\u00fan informaci\u00f3n proporcionada por el Instituto Nacional de Estad\u00edstica y Geograf\u00eda (INEGI).<\/p>\n<p>Tres de cada diez personas obtuvieron su ingreso en actividades informales, sin acceso a un salario fijo ni a prestaciones de seguridad social, como atenci\u00f3n m\u00e9dica o integraci\u00f3n de un fondo de pensiones.<\/p>\n<p>Con base a los datos del INEGI, \u201cen septiembre de este a\u00f1o, la poblaci\u00f3n ocupada en el pa\u00eds lleg\u00f3 a 48.4 millones de personas, de las cuales 29.35 por ciento, esto es, 14.2 millones de personas, se desempe\u00f1aron en las llamadas actividades informales\u201d.<\/p>\n<p>En t\u00e9rminos reales, el problema del desempleo sigue vigente y no se ve c\u00f3mo frenarlo.<\/p>\n<p>El gobierno de Calder\u00f3n no se tom\u00f3 con responsabilidad y seriedad la creaci\u00f3n de fuentes de empleo como lo prometi\u00f3 en su campa\u00f1a pol\u00edtica.<\/p>\n<p>Ocurri\u00f3 lo contrario. Cada vez son m\u00e1s millones de mexicanos que improvisan sus actividades para conseguir ingresos econ\u00f3micos que les permitan sobrevivir.<\/p>\n<p>Por eso, ahora se han multiplicado las taquer\u00edas, los puestos de mercanc\u00eda \u201cpirata\u201d, los acomodadores de coches, los limpiaparabrisas, los limosneros, etc. Calder\u00f3n se encuentra a unos cuantos d\u00edas de dejar el poder en un pa\u00eds agobiado por la carencia de empleos.<\/p>\n<p>El que iba a ser considerado como \u201cel presidente del empleo\u201d, acab\u00f3 su sexenio como \u201cel presidente del desempleo\u201d.<\/p>\n<p>No es broma. En Chihuahua, en una de sus\u00a0 giras de despedida, Calder\u00f3n dijo que en estos seis a\u00f1os al frente del gobierno federal se ha dedicado a \u201caliviar el dolor evitable de los mexicanos como el hambre, la enfermedad y la ignorancia\u201d.\u00a0 \u00bfUsted qu\u00e9 opina amable lector?<\/p>\n<p><em><a href=\"mailto:aco2742@hotmail.com\" target=\"_blank\">aco2742@hotmail.com<\/a><\/em><\/p>\n","protected":false},"excerpt":{"rendered":"<p><span style=\"color: #005497;\"><strong>Augusto Corro<\/strong><\/span><\/p>\n","protected":false},"author":3,"featured_media":0,"comment_status":"open","ping_status":"open","sticky":false,"template":"","format":"standard","meta":{"_monsterinsights_skip_tracking":false,"_monsterinsights_sitenote_active":false,"_monsterinsights_sitenote_note":"","_monsterinsights_sitenote_category":0,"footnotes":""},"categories":[157],"tags":[43686,24953,1073,43674,11515],"class_list":["post-108300","post","type-post","status-publish","format-standard","hentry","category-augusto-corro","tag-augusto-corro","tag-heriberto-lazcano-lazcano","tag-los-zetas","tag-opinion","tag-punto-por-punto"],"_links":{"self":[{"href":"https:\/\/www.diarioimagen.net\/index.php?rest_route=\/wp\/v2\/posts\/108300","targetHints":{"allow":["GET"]}}],"collection":[{"href":"https:\/\/www.diarioimagen.net\/index.php?rest_route=\/wp\/v2\/posts"}],"about":[{"href":"https:\/\/www.diarioimagen.net\/index.php?rest_route=\/wp\/v2\/types\/post"}],"author":[{"embeddable":true,"href":"https:\/\/www.diarioimagen.net\/index.php?rest_route=\/wp\/v2\/users\/3"}],"replies":[{"embeddable":true,"href":"https:\/\/www.diarioimagen.net\/index.php?rest_route=%2Fwp%2Fv2%2Fcomments&post=108300"}],"version-history":[{"count":0,"href":"https:\/\/www.diarioimagen.net\/index.php?rest_route=\/wp\/v2\/posts\/108300\/revisions"}],"wp:attachment":[{"href":"https:\/\/www.diarioimagen.net\/index.php?rest_route=%2Fwp%2Fv2%2Fmedia&parent=108300"}],"wp:term":[{"taxonomy":"category","embeddable":true,"href":"https:\/\/www.diarioimagen.net\/index.php?rest_route=%2Fwp%2Fv2%2Fcategories&post=108300"},{"taxonomy":"post_tag","embeddable":true,"href":"https:\/\/www.diarioimagen.net\/index.php?rest_route=%2Fwp%2Fv2%2Ftags&post=108300"}],"curies":[{"name":"wp","href":"https:\/\/api.w.org\/{rel}","templated":true}]}}