{"id":108313,"date":"2012-10-22T00:02:10","date_gmt":"2012-10-22T05:02:10","guid":{"rendered":"http:\/\/www.diarioimagen.net\/?p=108313"},"modified":"2012-10-24T05:09:28","modified_gmt":"2012-10-24T10:09:28","slug":"apresan-a-sujeto-que-violo-a-sus-tres-hijas","status":"publish","type":"post","link":"https:\/\/www.diarioimagen.net\/?p=108313","title":{"rendered":"Apresan a sujeto que viol\u00f3 a sus tres hijas"},"content":{"rendered":"<ul>\n<li><strong><em>El responsable fue aprehendido en su domicilio en la colonia San Salvador Cuauhtenco, en la delegaci\u00f3n Milpa Alta<\/em><\/strong><\/li>\n<\/ul>\n<div id=\"attachment_108352\" style=\"width: 250px\" class=\"wp-caption alignleft\"><a class=\"highslide\" onclick=\"return vz.expand(this)\" href=\"http:\/\/www.diarioimagen.net\/wp-content\/uploads\/2012\/10\/VIOLADOR-1963.jpg\"><img loading=\"lazy\" decoding=\"async\" aria-describedby=\"caption-attachment-108352\" class=\"size-medium wp-image-108352\" title=\"VIOLADOR-1963\" src=\"http:\/\/www.diarioimagen.net\/wp-content\/uploads\/2012\/10\/VIOLADOR-1963-240x135.jpg\" alt=\"\" width=\"240\" height=\"135\" \/><\/a><p id=\"caption-attachment-108352\" class=\"wp-caption-text\">Se llama Jorge Guerrero Carrillo y fue consignado por incesto, de lo que fue acusado por sus tres hijas.<\/p><\/div>\n<p>Por el delito de abuso sexual agravado, la Procuradur\u00eda General de Justicia del Distrito Federal (PGJDF) consignar\u00e1 a un sujeto quien presuntamente abusaba sexualmente de sus hijas de cuatro, siete y 11 a\u00f1os de edad, lo que provoc\u00f3 alteraciones psicol\u00f3gicas a las v\u00edctimas.<\/p>\n<p>La fiscal central de Investigaci\u00f3n para la Atenci\u00f3n del Delitos Sexuales de la PGJDF, Juana Camila Bautista Rebollar, inform\u00f3 que las menores ya fueron canalizadas a la Fiscal\u00eda Central de Investigaci\u00f3n para la Atenci\u00f3n de Ni\u00f1as, Ni\u00f1os y Adolescentes.<\/p>\n<p>Explic\u00f3 que el presunto responsable es Jorge Guerrero Carrillo, quien fue detenido por la Polic\u00eda de Investigaci\u00f3n en su domicilio de la colonia San Salvador Cuauhtenco, delegaci\u00f3n Milpa Alta y ser\u00e1 puesto a disposici\u00f3n de un juez penal del Reclusorio Preventivo Varonil Norte.<\/p>\n<p>Seg\u00fan la averiguaci\u00f3n previa, el pasado 19 de octubre familiares de las v\u00edctimas denunciaron los hechos ante el agente del Ministerio P\u00fablico, instancia que inici\u00f3 la investigaci\u00f3n y los estudios periciales correspondientes.<\/p>\n<p>Las valoraciones de medicina forense revelaron que las peque\u00f1as no fueron lesionadas a nivel ginecol\u00f3gico, pero s\u00ed a nivel psicol\u00f3gico.<\/p>\n<p>Las menores refirieron que su progenitor, con el pretexto de ayudar en las labores a su madre, quien se encuentra en gestaci\u00f3n del noveno embarazo, las ba\u00f1aba y en ocasiones las abusaba sexualmente en forma individual mientras las otras menores presenciaban los hechos.<\/p>\n","protected":false},"excerpt":{"rendered":"<p>Por el delito de abuso sexual agravado, la Procuradur\u00eda General de Justicia del Distrito Federal (PGJDF) consignar\u00e1 a un sujeto quien presuntamente abusaba sexualmente de sus hijas de cuatro, siete y 11 a\u00f1os de edad, lo que provoc\u00f3 alteraciones psicol\u00f3gicas a las v\u00edctimas. La fiscal central de Investigaci\u00f3n para la Atenci\u00f3n del Delitos Sexuales de la PGJDF, Juana Camila Bautista Rebollar, inform\u00f3 que las menores ya fueron canalizadas a la Fiscal\u00eda Central de Investigaci\u00f3n para la Atenci\u00f3n de Ni\u00f1as, Ni\u00f1os y Adolescentes.<\/p>\n","protected":false},"author":3,"featured_media":0,"comment_status":"open","ping_status":"open","sticky":false,"template":"","format":"standard","meta":{"_monsterinsights_skip_tracking":false,"_monsterinsights_sitenote_active":false,"_monsterinsights_sitenote_note":"","_monsterinsights_sitenote_category":0,"footnotes":""},"categories":[17,7],"tags":[2866,10656,3350],"class_list":["post-108313","post","type-post","status-publish","format-standard","hentry","category-especiales","category-seguridad","tag-milpa-alta","tag-reclusorio-norte","tag-violacion"],"_links":{"self":[{"href":"https:\/\/www.diarioimagen.net\/index.php?rest_route=\/wp\/v2\/posts\/108313","targetHints":{"allow":["GET"]}}],"collection":[{"href":"https:\/\/www.diarioimagen.net\/index.php?rest_route=\/wp\/v2\/posts"}],"about":[{"href":"https:\/\/www.diarioimagen.net\/index.php?rest_route=\/wp\/v2\/types\/post"}],"author":[{"embeddable":true,"href":"https:\/\/www.diarioimagen.net\/index.php?rest_route=\/wp\/v2\/users\/3"}],"replies":[{"embeddable":true,"href":"https:\/\/www.diarioimagen.net\/index.php?rest_route=%2Fwp%2Fv2%2Fcomments&post=108313"}],"version-history":[{"count":0,"href":"https:\/\/www.diarioimagen.net\/index.php?rest_route=\/wp\/v2\/posts\/108313\/revisions"}],"wp:attachment":[{"href":"https:\/\/www.diarioimagen.net\/index.php?rest_route=%2Fwp%2Fv2%2Fmedia&parent=108313"}],"wp:term":[{"taxonomy":"category","embeddable":true,"href":"https:\/\/www.diarioimagen.net\/index.php?rest_route=%2Fwp%2Fv2%2Fcategories&post=108313"},{"taxonomy":"post_tag","embeddable":true,"href":"https:\/\/www.diarioimagen.net\/index.php?rest_route=%2Fwp%2Fv2%2Ftags&post=108313"}],"curies":[{"name":"wp","href":"https:\/\/api.w.org\/{rel}","templated":true}]}}